{"id":662983,"date":"2026-09-03T14:51:10","date_gmt":"2026-09-03T14:51:10","guid":{"rendered":"https:\/\/www.europesays.com\/it\/662983\/"},"modified":"2026-09-03T14:51:10","modified_gmt":"2026-09-03T14:51:10","slug":"vlahovic-io-la-juve-il-rinnovo-spalletti-e-il-besiktas","status":"publish","type":"post","link":"https:\/\/www.europesays.com\/it\/662983\/","title":{"rendered":"Vlahovic: &#8220;Io, la Juve, il rinnovo, Spalletti e il Besiktas&#8221;"},"content":{"rendered":"<p>                                Dusan si confessa a un portale serbo: &#8220;Tra me e il club nessuna trattativa concreta per il rinnovo, e questo sui tifosi ha influito: non \u00e8 piacevole essere fischiato anche in amichevole&#8221;<\/p>\n<p class=\"paragraph\" spellcheck=\"true\">Dusan Vlahovic dice tutto. L&#8217;ex attaccante della Juve, passato in estate da svincolato al Besiktas, racconta la sua verit\u00e0 sul mancato rinnovo con i bianconeri, sulle emozioni vissute nei quattro anni e mezzo a Torino e, in fondo, non chiude la porta a un futuro ritorno. &#8220;Da tre anni si scriveva che stavo rifiutando un rinnovo, ma l&#8217;unica verit\u00e0 \u00e8 che non ho avuto alcun colloquio concreto con il club a riguardo. C&#8217;erano solo commenti del tipo: &#8220;Dovremmo parlare del tuo contratto&#8221;, &#8220;Forse dovresti rinnovare, firmare un nuovo contratto&#8221;, ma tutto \u00e8 rimasto a quel livello. Non ci sono stati colloqui concreti, in cui ci siamo seduti e ne abbiamo discusso &#8211; confessa il serbo al portale del suo paese, Mozzart Sport -. Sono sicuro che in parte questo abbia influito anche sui tifosi. Non \u00e8 piacevole quando lo stadio ti fischia in una partita amichevole contro la squadra Under 23&#8243;.<\/p>\n<p>    vlahovic e il rinnovo fallito con la juve\u2014 \u00a0<\/p>\n<p class=\"paragraph is-inline\" spellcheck=\"true\">Nessuna vera trattativa, insomma, n\u00e9 con Giuntoli n\u00e9 con Damien Comolli, secondo Vlahovic, fino alla fine della scorsa stagione. &#8220;Mentre ogni giorno si parlava e si dava risalto al rinnovo del mio contratto con la Juventus, non ho mai avuto una sola conversazione concreta con la dirigenza del club. Questa \u00e8 l\u2019unica verit\u00e0 &#8211; aggiunge l&#8217;ex bianconero -. Ho parlato con l&#8217;amministratore delegato (Damien Comolli) solo verso la fine della scorsa stagione e dopo che era terminata. L&#8217;ultima volta che ci siamo sentiti \u00e8 stato il 2 giugno: quella conversazione si \u00e8 conclusa senza un accordo e da allora non c&#8217;\u00e8 stato alcun contatto con la Juventus. Si \u00e8 parlato molto del fatto che io avessi posto diverse condizioni, ma non era vero. E l&#8217;infortunio di certo non ha aiutato la mia situazione&#8221;. Gi\u00e0, il grave ko muscolare contro il Cagliari di fine novembre 2025 \u00e8 stata forse la sliding door dell&#8217;avventura di Vlahovic alla Juve, perch\u00e9 lo ha fermato nel momento in cui Spalletti lo aveva scelto come suo numero nove titolare. &#8220;Ho iniziato la stagione (nella gestione Tudor) in panchina per un motivo ben noto: perch\u00e9 stavo entrando nell\u2019ultimo anno di contratto. Certo, erano arrivati anche due nuovi attaccanti, ma, secondo me, quella \u00e8 stata l\u2019unica ragione per cui ho iniziato la stagione in panchina &#8211; punge -. Poi avevo ricominciato a giocare e a quel punto \u00e8 arrivato Spalletti, che voglio ringraziare per tutto quello che ha fatto per me l\u2019anno scorso e per aver voluto che restassi alla Juventus. L&#8217;infortunio mi ha fermato in un momento proprio positivo e tutta la mia stagione \u00e8 andata semplicemente in fumo&#8221;.<\/p>\n<p><a class=\"is-partner-link\" href=\"https:\/\/fantacampionato.gazzetta.it\/?intcmp=FC2627_CTArticolo2627\" rel=\"nofollow noopener\" target=\"_blank\">Sfida l&#8217;Italia intera con Fantacampionato: la classifica generale parte alla sesta giornata, gioca ora!<\/a><\/p>\n<p>    juve, vlahovic parla della fine della storia\u2014 \u00a0<\/p>\n<p class=\"paragraph is-inline\" spellcheck=\"true\">Pur terminato bruscamente, il rapporto con la Juve, per Vlahovic, rester\u00e0 positivo, con il rammarico di non aver vinto abbastanza. &#8220;\u00c8 stato un grande onore e un immenso piacere avere l&#8217;opportunit\u00e0 di farne parte e di indossare la maglia bianconera &#8211; dice -. Mi dispiace molto e mi addolora profondamente che non fossimo al livello richiesto per competere per obiettivi pi\u00f9 ambiziosi, per vincere trofei, perch\u00e9 questa \u00e8 la realt\u00e0 quotidiana alla Juventus: sono stati campioni d&#8217;Italia 38 volte, di gran lunga il record storico. Quindi capisco i tifosi e mi dispiace davvero tanto per questo&#8221;. Ma nel calcio, come nella vita, mai dire mai e Vlahovic, alla fine, non esclude un ritorno. &#8220;Non si pu\u00f2 mai sapere cosa possa succedere. In passato ho commesso degli errori dicendo certe cose. Era tutta colpa della giovane et\u00e0, dell&#8217;inesperienza, della sconsideratezza &#8211; ammette il serbo -&#8230; Non si ha consapevolezza di alcune delle cose di cui si parla. Quindi, mai dire mai. Nel calcio, come nella vita, pu\u00f2 succedere di tutto. Per questo non escludo nessuna possibilit\u00e0&#8221;. Intanto, per\u00f2, si gode Istanbul e il Besiktas, la cui offerta ha accettato dopo un lungo corteggiamento e una (sua) lunga riflessione. &#8220;Nella vita \u00e8 importante andare dove ti desiderano di pi\u00f9 &#8211; conclude Vlahovic -. El presidente e il direttore sportivo me l&#8217;hanno dimostrato venendo a Belgrado e trattenendosi per tanti giorni&#8221;.\u00a0<\/p>\n<p class=\"is-above-copyright is-mr-r-10\" spellcheck=\"true\">La Gazzetta dello Sport<\/p>\n<p class=\"is-copyright\">\u00a9 RIPRODUZIONE RISERVATA<\/p>\n","protected":false},"excerpt":{"rendered":"Dusan si confessa a un portale serbo: &#8220;Tra me e il club nessuna trattativa concreta per il rinnovo,&hellip;\n","protected":false},"author":3,"featured_media":662984,"comment_status":"","ping_status":"","sticky":false,"template":"","format":"standard","meta":{"footnotes":"","_share_on_mastodon":"0"},"categories":[1452],"tags":[10302,4712,7200,721,554,10572,21883,3858,49081,6693,1244,122,116707,31639,6037,8002,5739,1740,93415,2885,6990,1537,90,89,565,365476,558,6110,1258,1354,3484,2463,66,489,172492,15086,21730,12154,1739,24806,245,244,577,6035,9296,9294,578],"class_list":["post-662983","post","type-post","status-publish","format-standard","has-post-thumbnail","category-calcio","tag-alcun","tag-amichevole","tag-besiktas","tag-calcio","tag-club","tag-comolli","tag-concreta","tag-condizioni","tag-confessa","tag-contratto","tag-conversazione","tag-cose","tag-damien","tag-damien-comolli","tag-dispiace","tag-dusan","tag-fermato","tag-football","tag-influito","tag-infortunio","tag-iniziato","tag-it","tag-italia","tag-italy","tag-juve","tag-juve-vlahovic","tag-juventus","tag-livello","tag-lunga","tag-ne","tag-panchina","tag-parla","tag-parlato","tag-passato","tag-piacevole","tag-portale","tag-rinnovo","tag-serbo","tag-soccer","tag-spalletti","tag-sport","tag-sports","tag-stagione","tag-tifosi","tag-unica","tag-verita","tag-vlahovic"],"share_on_mastodon":{"url":"","error":"Validation failed: Text character limit of 500 exceeded"},"_links":{"self":[{"href":"https:\/\/www.europesays.com\/it\/wp-json\/wp\/v2\/posts\/662983","targetHints":{"allow":["GET"]}}],"collection":[{"href":"https:\/\/www.europesays.com\/it\/wp-json\/wp\/v2\/posts"}],"about":[{"href":"https:\/\/www.europesays.com\/it\/wp-json\/wp\/v2\/types\/post"}],"author":[{"embeddable":true,"href":"https:\/\/www.europesays.com\/it\/wp-json\/wp\/v2\/users\/3"}],"replies":[{"embeddable":true,"href":"https:\/\/www.europesays.com\/it\/wp-json\/wp\/v2\/comments?post=662983"}],"version-history":[{"count":0,"href":"https:\/\/www.europesays.com\/it\/wp-json\/wp\/v2\/posts\/662983\/revisions"}],"wp:featuredmedia":[{"embeddable":true,"href":"https:\/\/www.europesays.com\/it\/wp-json\/wp\/v2\/media\/662984"}],"wp:attachment":[{"href":"https:\/\/www.europesays.com\/it\/wp-json\/wp\/v2\/media?parent=662983"}],"wp:term":[{"taxonomy":"category","embeddable":true,"href":"https:\/\/www.europesays.com\/it\/wp-json\/wp\/v2\/categories?post=662983"},{"taxonomy":"post_tag","embeddable":true,"href":"https:\/\/www.europesays.com\/it\/wp-json\/wp\/v2\/tags?post=662983"}],"curies":[{"name":"wp","href":"https:\/\/api.w.org\/{rel}","templated":true}]}}