{"id":663011,"date":"2026-09-03T15:18:11","date_gmt":"2026-09-03T15:18:11","guid":{"rendered":"https:\/\/www.europesays.com\/it\/663011\/"},"modified":"2026-09-03T15:18:11","modified_gmt":"2026-09-03T15:18:11","slug":"fantacalcio-perche-comprare-e-perche-no-yvan-maye","status":"publish","type":"post","link":"https:\/\/www.europesays.com\/it\/663011\/","title":{"rendered":"Fantacalcio, perch\u00e9 comprare (e perch\u00e9 no) Yvan Maye"},"content":{"rendered":"<p>Chi \u00e8 Yvan Maye<\/p>\n<p><strong data-mw=\"{&quot;parts&quot;:[{&quot;template&quot;:{&quot;target&quot;:{&quot;wt&quot;:&quot;Bio\\n&quot;,&quot;href&quot;:&quot;.\/Template:Bio&quot;},&quot;params&quot;:{&quot;Nome&quot;:{&quot;wt&quot;:&quot;Milutin&quot;},&quot;Cognome&quot;:{&quot;wt&quot;:&quot;Osmaji\u0107&quot;},&quot;PreData&quot;:{&quot;wt&quot;:&quot;{{serbo|\u041c\u0438\u043b\u0443\u0442\u0438\u043d \u041e\u0441\u043c\u0430\u0458\u0438\u045b}}&quot;},&quot;Sesso&quot;:{&quot;wt&quot;:&quot;M&quot;},&quot;LuogoNascita&quot;:{&quot;wt&quot;:&quot;Podgorica&quot;},&quot;GiornoMeseNascita&quot;:{&quot;wt&quot;:&quot;25 luglio&quot;},&quot;AnnoNascita&quot;:{&quot;wt&quot;:&quot;1999&quot;},&quot;LuogoMorte&quot;:{&quot;wt&quot;:&quot;&quot;},&quot;GiornoMeseMorte&quot;:{&quot;wt&quot;:&quot;&quot;},&quot;AnnoMorte&quot;:{&quot;wt&quot;:&quot;&quot;},&quot;Epoca&quot;:{&quot;wt&quot;:&quot;2000&quot;},&quot;Attivit\u00e0&quot;:{&quot;wt&quot;:&quot;calciatore&quot;},&quot;Nazionalit\u00e0&quot;:{&quot;wt&quot;:&quot;montenegrino&quot;},&quot;PostNazionalit\u00e0&quot;:{&quot;wt&quot;:&quot;, [[Attaccante (calcio)|attaccante]] del {{Calcio Genoa|N}} e della [[Nazionale di calcio del Montenegro|nazionale montenegrina]]&quot;}},&quot;i&quot;:0}}]}\">Yvan Maye<\/strong> (Podgorica,\u00a025 luglio\u00a01999) \u00e8 un\u00a0calciatore francese di origini ivoriane, in prestito al Monza e di propriet\u00e0 dell&#8217;Inter.<\/p>\n<p>Cresciuto nelle giovanili dei nerazzurri, si mette in mostra con le sue doti nel settore giovanile meneghino.\u00a0<\/p>\n<p>Il 25 agosto 2026 viene acquistato a titolo temporaneo dal Monza.<\/p>\n<p>Il ruolo di Yvan Maye<\/p>\n<p>Duttile difensore, disponibile ad agire sia come centrale (sia a tre che a quattro) sia come terzino sinistro, sulla corsia dunque del suo piede preferito. Ben strutturato fisicamente (190 cm), spicca nel gioco aereo. Negli 1vs1 difensivi tende spesso ad affondare il colpo, temporeggiando raramente.\u00a0<\/p>\n<p><strong>Il suo ruolo al Fantacalcio Classic \u00e8 D al Mantra parliamo di un Dc e Ds.<\/strong><\/p>\n<p>Perch\u00e9 comprare Yvan Maye al Fantacalcio<\/p>\n<p>Difensore duttile che pu\u00f2 giocare in pi\u00f9 ruoli. Pu\u00f2 racimolare un minimo di partite a voto. Andr\u00e0 via al prezzo minimo.<\/p>\n<p>Perch\u00e9 non comprare Yvan Maye al Fantacalcio<\/p>\n<p>Non parte avanti nelle gerarchie, anzi. La concorrenza \u00e8 molto folta e non \u00e8 detto che riesca ad andare spesso a voto.<\/p>\n<p>Yvan Maye, le statistiche<\/p>\n<p>Ha collezionato 94 partite tra i professionisti in carriera con le maglie dei club. In totale ha collezionato 3 gol e 2 assist.<\/p>\n","protected":false},"excerpt":{"rendered":"Chi \u00e8 Yvan Maye Yvan Maye (Podgorica,\u00a025 luglio\u00a01999) \u00e8 un\u00a0calciatore francese di origini ivoriane, in prestito al Monza&hellip;\n","protected":false},"author":3,"featured_media":663012,"comment_status":"","ping_status":"","sticky":false,"template":"","format":"standard","meta":{"footnotes":"","_share_on_mastodon":"0"},"categories":[1452],"tags":[721,719,720,1740,1537,90,89,251,1739,245,244],"class_list":["post-663011","post","type-post","status-publish","format-standard","has-post-thumbnail","category-calcio","tag-calcio","tag-fanta","tag-fantacalcio","tag-football","tag-it","tag-italia","tag-italy","tag-serie-a","tag-soccer","tag-sport","tag-sports"],"share_on_mastodon":{"url":"https:\/\/pubeurope.com\/@it\/117207780934157793","error":""},"_links":{"self":[{"href":"https:\/\/www.europesays.com\/it\/wp-json\/wp\/v2\/posts\/663011","targetHints":{"allow":["GET"]}}],"collection":[{"href":"https:\/\/www.europesays.com\/it\/wp-json\/wp\/v2\/posts"}],"about":[{"href":"https:\/\/www.europesays.com\/it\/wp-json\/wp\/v2\/types\/post"}],"author":[{"embeddable":true,"href":"https:\/\/www.europesays.com\/it\/wp-json\/wp\/v2\/users\/3"}],"replies":[{"embeddable":true,"href":"https:\/\/www.europesays.com\/it\/wp-json\/wp\/v2\/comments?post=663011"}],"version-history":[{"count":0,"href":"https:\/\/www.europesays.com\/it\/wp-json\/wp\/v2\/posts\/663011\/revisions"}],"wp:featuredmedia":[{"embeddable":true,"href":"https:\/\/www.europesays.com\/it\/wp-json\/wp\/v2\/media\/663012"}],"wp:attachment":[{"href":"https:\/\/www.europesays.com\/it\/wp-json\/wp\/v2\/media?parent=663011"}],"wp:term":[{"taxonomy":"category","embeddable":true,"href":"https:\/\/www.europesays.com\/it\/wp-json\/wp\/v2\/categories?post=663011"},{"taxonomy":"post_tag","embeddable":true,"href":"https:\/\/www.europesays.com\/it\/wp-json\/wp\/v2\/tags?post=663011"}],"curies":[{"name":"wp","href":"https:\/\/api.w.org\/{rel}","templated":true}]}}