{"id":663034,"date":"2026-09-03T15:40:10","date_gmt":"2026-09-03T15:40:10","guid":{"rendered":"https:\/\/www.europesays.com\/it\/663034\/"},"modified":"2026-09-03T15:40:10","modified_gmt":"2026-09-03T15:40:10","slug":"us-open-guerra-tra-sabalenka-e-i-giornalisti-io-alle-feste-ma-che-razza-di-domanda-e-pensate-prima-di-parlare","status":"publish","type":"post","link":"https:\/\/www.europesays.com\/it\/663034\/","title":{"rendered":"Us Open, guerra tra Sabalenka e i giornalisti: \u00abIo alle feste? ma che razza di domanda \u00e8, pensate prima di parlare\u00bb"},"content":{"rendered":"<p>    di<br \/>\n    Lorenzo Nicolao<\/p>\n<p class=\"summary-art is-line-h-12\">La numero 1 del mondo vince sul campo ma perde la pazienza in conferenza stampa dopo le domande sulle attivit\u00e0 extra sportive dei giorni precedenti<\/p>\n<p class=\"chapter-paragraph\">\u00c8 sempre pi\u00f9 ostile il clima tra la numero 1 femminile del tennis <b><a href=\"https:\/\/www.corriere.it\/sport\/tennis\/26_agosto_27\/aryina-sabalenka-us-open-127-carati-di-gioielli-bcf80ae2-251c-4e1e-b0e7-c27d4c309xlk.shtml\" title=\"Aryna Sabalenka, agli Us Open indossa 127 carati di gioielli: \u00abSono il mio modo di esprimermi\u00bb\" rel=\"nofollow noopener\" target=\"_blank\">Aryna Sabalenka<\/a><\/b> e i giornalisti presenti alle conferenze stampa degli Us Open. Ancora una volta la bielorussa perde la pazienza e risponde duramente ai cronisti, dopo le domande che hanno fatto nuovamente riferimento ai suoi impegni extracampo. Un tema non gradito dalla campionessa, soprattutto al termine di una partita sul cemento dell\u2019Arthur Ashe nel quale ha lasciato alla rivale russa Polina Iatchenko solo due game (doppio 6-1). Alla questione sulle \u00abfeste dei giorni scorsi\u00bb, in realt\u00e0 soprattutto eventi legati ai brand dei quali \u00e8 testimonial, Sabalenka reagisce stizzita e si rifiuta poi di rispondere ad altre domande a riguardo. \u00abPensa prima di parlare \u2014 ha intimato a un giornalista \u2014. Voi siete proprio uno scherzo. \u201cFeste e divertimento\u201d. Perch\u00e9 dovresti anche solo dirlo? Perch\u00e9 dovresti anche solo pensarlo? Ma che razza di domanda \u00e8 questa? Solo perch\u00e9 ho postato alcune attivit\u00e0 con i brand pensi che io abbia fatto festa invece di allenarmi?\u00bb.\u00a0<\/p>\n<p class=\"chapter-paragraph\">Da quel momento in poi il botta e risposta. \u00abNon sto dicendo che tu abbia fatto festa, ma che ci sono un sacco di eventi. Non sto dicendo che vai alle feste\u00bb, si \u00e8 difeso il giornalista, ma senza successo. \u00abLo hai detto proprio tu\u00bb. Il giornalista ha cos\u00ec provato a spiegarsi, replicando che la bielorussa fa molte apparizioni e che quindi abbia molto da fare anche fuori dal campo. I successivi interventi non sono andati meglio: \u00abOra che il torneo \u00e8 iniziato, stai diventando seria e combattiva?\u00bb, le \u00e8 stato nuovamente chiesto. Lei allora inizia a rispondere con offeso sarcasmo: \u00abOh s\u00ec certo, anche perch\u00e9 prima non ero per niente seria. Pensate prima di dire certe cose\u00bb, \u00e8 stata la freddissima chiusura di Sabalenka.    &#13;<br \/>\n&#13;<br \/>\n&#13;<br \/>\n&#13;<br \/>\n&#13;<br \/>\n&#13;<br \/>\n&#13;<br \/>\n&#13;<br \/>\n&#13;<br \/>\n&#13;<br \/>\n&#13;<br \/>\n&#13;<br \/>\n&#13;<br \/>\n&#13;<br \/>\n&#13;<br \/>\n&#13;<br \/>\n&#13;<br \/>\n&#13;<br \/>\n&#13;<br \/>\n&#13;<br \/>\n&#13;<br \/>\n&#13;<br \/>\n&#13;<br \/>\n&#13;<br \/>\n&#13;<br \/>\n&#13;<br \/>\n&#13;<br \/>\n&#13;<br \/>\n&#13;<br \/>\n&#13;<br \/>\n&#13;<br \/>\n&#13;<br \/>\n&#13;<br \/>\n&#13;<br \/>\n&#13;<br \/>\n&#13;<br \/>\n&#13;<br \/>\n&#13;<br \/>\n&#13;<br \/>\n&#13;<br \/>\n&#13;<br \/>\n&#13;<br \/>\n&#13;<br \/>\n&#13;<br \/>\n&#13;<br \/>\n&#13;<br \/>\n&#13;<br \/>\n&#13;<br \/>\n&#13;<br \/>\n&#13;<br \/>\n&#13;<br \/>\n&#13;<br \/>\n&#13;\n<\/p>\n<p class=\"chapter-paragraph\">Il tema comunque ricorre e ha sollevato interesse anche in passato, soprattutto quando la tennista si \u00e8 trovata ad affrontare una crisi di risultati. Lo stesso <a href=\"https:\/\/www.corriere.it\/sport\/tennis\/26_luglio_06\/sabalenka-e-la-battaglia-per-far-entrare-i-cani-a-wimbledon-b9bcc768-8eef-41a4-baf8-4eb4a5b75xlk.shtml\" title=\"Sabalenka e la battaglia per far entrare i cani a Wimbledon\" rel=\"nofollow noopener\" target=\"_blank\">Boris Becker<\/a> l\u2019aveva criticata, accusandola di passare pi\u00f9 tempo sui social che in campo, mentre lei aveva sempre ribadito che determinati appuntamenti mondani potessero permetterle perfino di ricaricare le energie.<br \/>\u00a0<br \/>La sottolineatura sugli eventi fuori dal campo che metterebbero, secondo alcuni, in dubbio la sua professionalit\u00e0, non \u00e8 inedita neanche nel corso di questo Slam americano. Luned\u00ec scorso, il 31 agosto, dopo aver battuto la colombiana Camila Osorio per 6-2 6-4 al primo turno, <b>c\u2019era gi\u00e0 stata un\u2019altra discussione con i reporter<\/b>. \u00abCome fai a conciliare gli allenamenti con i tanti eventi ai quali partecipi?\u00bb. E lei aveva risposto: \u00abScusa ma quale sarebbe la domanda? Pensi che la scorsa settimana non fossi concentrata sul tennis?\u00bb. Di fronte all\u2019insistenza del giornalista, Sabalenka in quel caso aveva dato una spiegazione, per quanto stizzita e manifestamente contrariata.\u00a0<\/p>\n<p class=\"chapter-paragraph\">\u00ab\u00c8 come fosse un mio hobby fuori dal tennis. Il programma con sponsor ed eventi viene pianificato in base al calendario tennistico. Quindi non direi possano distrarmi dai tornei in alcun modo\u00bb. Ora sar\u00e0 lei a dover rispondere nuovamente a curiosit\u00e0 e scetticismo con altre vittorie sul campo, a partire dal match di terzo turno con l\u2019uzbeka Kamilla Rachimova, numero 92 del ranking Wta.\u00a0\u00a0<\/p>\n<p class=\"is-last-update\" datetime=\"2026-09-03T15:35:47+02:00\">3 settembre 2026<\/p>\n<p class=\"is-copyright\">\n            \u00a9 RIPRODUZIONE RISERVATA\n        <\/p>\n","protected":false},"excerpt":{"rendered":"di Lorenzo Nicolao La numero 1 del mondo vince sul campo ma perde la pazienza in conferenza stampa&hellip;\n","protected":false},"author":3,"featured_media":663035,"comment_status":"","ping_status":"","sticky":false,"template":"","format":"standard","meta":{"footnotes":"","_share_on_mastodon":"0"},"categories":[1457],"tags":[1495,1498,40284,12522,921,5410,2341,4754,19264,626,2217,4845,4348,807,1537,90,89,1312,87500,2006,5775,10280,51837,6034,22468,365492,147626,365493,16886,48563,365494,77260,337,245,244,408,365495,2453,1273,19627],"class_list":["post-663034","post","type-post","status-publish","format-standard","has-post-thumbnail","category-tennis","tag-altre","tag-attivita","tag-bielorussa","tag-brand","tag-campo","tag-dicendo","tag-domanda","tag-domande","tag-dovresti","tag-eventi","tag-festa","tag-feste","tag-giornalista","tag-giornalisti","tag-it","tag-italia","tag-italy","tag-numero","tag-nuovamente","tag-open","tag-parlare","tag-pazienza","tag-pensate","tag-pensi","tag-perde","tag-perde-pazienza","tag-razza","tag-razza-domanda","tag-rispondere","tag-sabalenka","tag-sabalenka-giornalisti","tag-seria","tag-soprattutto","tag-sport","tag-sports","tag-stampa","tag-stizzita","tag-tema","tag-tennis","tag-turno"],"share_on_mastodon":{"url":"","error":"Validation failed: Text character limit of 500 exceeded"},"_links":{"self":[{"href":"https:\/\/www.europesays.com\/it\/wp-json\/wp\/v2\/posts\/663034","targetHints":{"allow":["GET"]}}],"collection":[{"href":"https:\/\/www.europesays.com\/it\/wp-json\/wp\/v2\/posts"}],"about":[{"href":"https:\/\/www.europesays.com\/it\/wp-json\/wp\/v2\/types\/post"}],"author":[{"embeddable":true,"href":"https:\/\/www.europesays.com\/it\/wp-json\/wp\/v2\/users\/3"}],"replies":[{"embeddable":true,"href":"https:\/\/www.europesays.com\/it\/wp-json\/wp\/v2\/comments?post=663034"}],"version-history":[{"count":0,"href":"https:\/\/www.europesays.com\/it\/wp-json\/wp\/v2\/posts\/663034\/revisions"}],"wp:featuredmedia":[{"embeddable":true,"href":"https:\/\/www.europesays.com\/it\/wp-json\/wp\/v2\/media\/663035"}],"wp:attachment":[{"href":"https:\/\/www.europesays.com\/it\/wp-json\/wp\/v2\/media?parent=663034"}],"wp:term":[{"taxonomy":"category","embeddable":true,"href":"https:\/\/www.europesays.com\/it\/wp-json\/wp\/v2\/categories?post=663034"},{"taxonomy":"post_tag","embeddable":true,"href":"https:\/\/www.europesays.com\/it\/wp-json\/wp\/v2\/tags?post=663034"}],"curies":[{"name":"wp","href":"https:\/\/api.w.org\/{rel}","templated":true}]}}