{"id":663087,"date":"2026-09-03T16:24:13","date_gmt":"2026-09-03T16:24:13","guid":{"rendered":"https:\/\/www.europesays.com\/it\/663087\/"},"modified":"2026-09-03T16:24:13","modified_gmt":"2026-09-03T16:24:13","slug":"e-morta-gloria-steinem-la-voce-che-cambio-il-femminismo-americano-e-laborto-non-fu-piu-un-affare-privato-delle-donne","status":"publish","type":"post","link":"https:\/\/www.europesays.com\/it\/663087\/","title":{"rendered":"\u00c8 morta Gloria Steinem, la voce che cambi\u00f2 il femminismo americano: e l&#8217;aborto non fu pi\u00f9 un \u00abaffare privato delle donne\u00bb"},"content":{"rendered":"<p>    di<br \/>\n    Monica Ricci Sargentini<\/p>\n<p class=\"summary-art is-line-h-12\">Giornalista, fondatrice di \u00abMs.\u00bb, militante per l\u2019aborto e i diritti delle donne, aveva 92 anni. Trasform\u00f2 le esperienze private femminili in questioni politiche e continu\u00f2 a battersi fino alla fine<\/p>\n<p class=\"chapter-paragraph\">La rivoluzione di <b>Gloria Steinem<\/b> cominci\u00f2 ascoltando le donne. Era il 1969 e in una chiesa del Greenwich Village un gruppo di femministe aveva organizzato <b>uno \u00abspeak-out\u00bb sull\u2019aborto.<\/b> Una dopo l\u2019altra, le donne raccontavano pubblicamente ci\u00f2 che fino ad allora era stato confinato nella vergogna e nel segreto: gravidanze indesiderate, aborti clandestini, paura. Steinem, che l\u2019anno prima aveva contribuito a fondare il New York Magazine, era l\u00ec per scriverne. Aveva abortito anche lei, a 22 anni, illegalmente, a Londra, senza quasi averlo mai raccontato. Anni dopo avrebbe definito quella sera<b> l&#8217;inizio del suo attivismo femminista.<\/b><\/p>\n<p class=\"chapter-paragraph\">Steinem \u00e8 morta mercoled\u00ec nella sua casa di New York, a 92 anni. Giornalista, fondatrice di \u00abMs.\u00bb e volto pi\u00f9 riconoscibile della seconda ondata femminista americana, per oltre mezzo secolo ha portato al centro della politica ci\u00f2 che fino ad allora era stato considerato <b>affare privato delle donne<\/b>: l\u2019aborto e la contraccezione, la violenza, il lavoro domestico, le discriminazioni, la disparit\u00e0 salariale.    &#13;<br \/>\n&#13;<br \/>\n&#13;<br \/>\n&#13;<br \/>\n&#13;<br \/>\n&#13;<br \/>\n&#13;<br \/>\n&#13;<br \/>\n&#13;<br \/>\n&#13;<br \/>\n&#13;<br \/>\n&#13;<br \/>\n&#13;<br \/>\n&#13;<br \/>\n&#13;<br \/>\n&#13;<br \/>\n&#13;<br \/>\n&#13;<br \/>\n&#13;<br \/>\n&#13;<br \/>\n&#13;<br \/>\n&#13;<br \/>\n&#13;<br \/>\n&#13;<br \/>\n&#13;<br \/>\n&#13;<br \/>\n&#13;<br \/>\n&#13;<br \/>\n&#13;<br \/>\n&#13;<br \/>\n&#13;<br \/>\n&#13;<br \/>\n&#13;<br \/>\n&#13;<br \/>\n&#13;<br \/>\n&#13;<br \/>\n&#13;<br \/>\n&#13;<br \/>\n&#13;<br \/>\n&#13;<br \/>\n&#13;<br \/>\n&#13;<br \/>\n&#13;<br \/>\n&#13;<br \/>\n&#13;<br \/>\n&#13;<br \/>\n&#13;<br \/>\n&#13;<br \/>\n&#13;<br \/>\n&#13;<br \/>\n&#13;<br \/>\n&#13;<br \/>\n&#13;\n<\/p>\n<p class=\"chapter-paragraph\">Era nata a Toledo, in Ohio, nel 1934. Dopo la laurea <b>allo Smith College<\/b> e un periodo in India, torn\u00f2 negli Stati Uniti e cerc\u00f2 di farsi strada in un giornalismo che alle donne riservava soprattutto moda e costume. Nel 1963 si infiltr\u00f2 come<b> \u00abBunny\u00bb in un Playboy Club di New York<\/b>: il suo reportage raccont\u00f2 le condizioni di lavoro delle ragazze dietro la patina di emancipazione sessuale costruita da <b>Hugh Hefner<\/b>.<\/p>\n<p class=\"chapter-paragraph\">Ma fu alla fine degli anni Sessanta che il femminismo cambi\u00f2 anche il suo modo di guardare il mondo. In <a href=\"https:\/\/27esimaora.corriere.it\/21_dicembre_20\/gloria-steinem-autostima-libro-84774d24-5f86-11ec-9db8-81822b3ce727.shtml\" target=\"_blank\" rel=\"nofollow noopener\">Autostima<\/a> Steinem raccont\u00f2 di quando al Plaza Hotel di New York le fu impedito di aspettare nella hall perch\u00e9 era una <b>\u00absignora non accompagnata\u00bb.<\/b> La prima volta se ne and\u00f2 umiliata. Qualche settimana dopo, entrata in contatto con il movimento delle donne, allo stesso divieto reag\u00ec apertamente.\u00a0<\/p>\n<p class=\"chapter-paragraph\">Da allora percorse l\u2019America parlando nelle universit\u00e0, nelle associazioni, nelle piazze. Spesso lo fece accanto a <b>Dorothy Pitman Hughes<\/b>, femminista nera e organizzatrice comunitaria: la fotografia delle due donne con il pugno alzato sarebbe diventata una delle immagini simbolo del movimento.\u00a0<\/p>\n<p class=\"chapter-paragraph\">Nel 1971 Steinem fu tra le fondatrici del <a href=\"https:\/\/nwpc.org\/\" rel=\"nofollow noreferrer noopener\" target=\"_blank\">National Women\u2019s Political Caucus<\/a> insieme a Bella Abzug, Shirley Chisholm e Betty Friedan. Nello stesso periodo nacque \u00abMs.\u00bb, la rivista che avrebbe dato al femminismo americano una voce nazionale. Si parlava di violenza domestica, molestie, lavoro e politica. Nel primo numero comparve anche la dichiarazione <b>\u00abWe Have Had Abortions\u00bb<\/b>, firmata da donne che ammettevano pubblicamente di avere abortito quando in gran parte degli Stati Uniti era ancora illegale.<\/p>\n<p class=\"chapter-paragraph\">Steinem aveva anche il talento dell\u2019ironia. Nel celebre saggio <b>\u00abIf Men Could Menstruate\u00bb<\/b> immagin\u00f2 che se fossero gli uomini ad avere le mestruazioni: sarebbero diventate, scriveva, <b>motivo di orgoglio e perfino prova di virilit\u00e0<\/b>. Il problema \u00e8 chiaro: non \u00e8 il corpo femminile a valere meno, \u00e8 una societ\u00e0 costruita sul potere maschile a stabilirlo.<\/p>\n<p class=\"chapter-paragraph\">Continu\u00f2 a battersi per il diritto all\u2019aborto, contro la violenza sulle donne e per la loro rappresentanza politica fino agli ultimi anni. Quando nel 2022 la Corte Suprema cancell\u00f2 <b><a href=\"https:\/\/www.corriere.it\/esteri\/22_maggio_03\/roe-vs-wade-sentenza-1973-sull-aborto-che-ha-cambiato-usa-2753a07e-cab7-11ec-84d1-341c28840c78.shtml\" target=\"_blank\" rel=\"nofollow noopener\">la protezione federale garantita da Roe v. Wade<\/a><\/b>, torn\u00f2 al punto da cui era partita: senza controllo sul proprio corpo, sosteneva, per le donne non pu\u00f2 esserci piena cittadinanza.\u00a0La sua fondazione ha ricordato soprattutto una sua qualit\u00e0: la capacit\u00e0 di ascoltare e di far sentire gli altri ascoltati. Forse \u00e8 anche questa la chiave della sua eredit\u00e0. Steinem cap\u00ec presto che <b>l\u2019esperienza individuale delle donne,<\/b> quando viene raccontata e condivisa, smette di essere un fatto privato. Diventa politica. E che, come insegna il femminismo, bisogna sempre partire da s\u00e9.<\/p>\n<p class=\"is-last-update\" datetime=\"2026-09-03T14:14:32+02:00\">3 settembre 2026 ( modifica il 3 settembre 2026 | 14:14)<\/p>\n<p class=\"is-copyright\">\n            \u00a9 RIPRODUZIONE RISERVATA\n        <\/p>\n","protected":false},"excerpt":{"rendered":"di Monica Ricci Sargentini Giornalista, fondatrice di \u00abMs.\u00bb, militante per l\u2019aborto e i diritti delle donne, aveva 92&hellip;\n","protected":false},"author":3,"featured_media":663088,"comment_status":"","ping_status":"","sticky":false,"template":"","format":"standard","meta":{"footnotes":"","_share_on_mastodon":"0"},"categories":[160],"tags":[63063,38863,735,365507,365508,536,17264,6099,483,42,365509,3591,6719,14,164,165,2429,7937,365510,38621,48635,365511,4348,365512,365513,11681,365514,166,3600,2783,365506,11040,11041,7,15,1667,477,6894,365515,49177,12343,337,365505,24257,11,167,12,168,3414,1467,2938,161,162,163,16860],"class_list":["post-663087","post","type-post","status-publish","format-standard","has-post-thumbnail","category-mondo","tag-abortito","tag-aborto","tag-affare","tag-affare-privato","tag-affare-privato-donne","tag-americano","tag-battersi","tag-cambio","tag-cio","tag-continuo","tag-continuo-battersi","tag-corpo","tag-costruita","tag-cronaca","tag-dal-mondo","tag-dalmondo","tag-donne","tag-femminismo","tag-femminismo-americano","tag-femminista","tag-fondatrice","tag-fondatrice-ms","tag-giornalista","tag-giornalista-fondatrice","tag-giornalista-fondatrice-ms","tag-gloria","tag-gloria-steinem","tag-mondo","tag-morta","tag-movimento","tag-ms","tag-new","tag-new-york","tag-news","tag-notizie","tag-periodo","tag-politica","tag-privato","tag-privato-donne","tag-pubblicamente","tag-racconto","tag-soprattutto","tag-steinem","tag-torno","tag-ultime-notizie","tag-ultime-notizie-di-mondo","tag-ultimenotizie","tag-ultimenotiziedimondo","tag-uniti","tag-violenza","tag-voce","tag-world","tag-world-news","tag-worldnews","tag-york"],"share_on_mastodon":{"url":"","error":"Validation failed: Text character limit of 500 exceeded"},"_links":{"self":[{"href":"https:\/\/www.europesays.com\/it\/wp-json\/wp\/v2\/posts\/663087","targetHints":{"allow":["GET"]}}],"collection":[{"href":"https:\/\/www.europesays.com\/it\/wp-json\/wp\/v2\/posts"}],"about":[{"href":"https:\/\/www.europesays.com\/it\/wp-json\/wp\/v2\/types\/post"}],"author":[{"embeddable":true,"href":"https:\/\/www.europesays.com\/it\/wp-json\/wp\/v2\/users\/3"}],"replies":[{"embeddable":true,"href":"https:\/\/www.europesays.com\/it\/wp-json\/wp\/v2\/comments?post=663087"}],"version-history":[{"count":0,"href":"https:\/\/www.europesays.com\/it\/wp-json\/wp\/v2\/posts\/663087\/revisions"}],"wp:featuredmedia":[{"embeddable":true,"href":"https:\/\/www.europesays.com\/it\/wp-json\/wp\/v2\/media\/663088"}],"wp:attachment":[{"href":"https:\/\/www.europesays.com\/it\/wp-json\/wp\/v2\/media?parent=663087"}],"wp:term":[{"taxonomy":"category","embeddable":true,"href":"https:\/\/www.europesays.com\/it\/wp-json\/wp\/v2\/categories?post=663087"},{"taxonomy":"post_tag","embeddable":true,"href":"https:\/\/www.europesays.com\/it\/wp-json\/wp\/v2\/tags?post=663087"}],"curies":[{"name":"wp","href":"https:\/\/api.w.org\/{rel}","templated":true}]}}