{"id":663094,"date":"2026-09-03T16:35:15","date_gmt":"2026-09-03T16:35:15","guid":{"rendered":"https:\/\/www.europesays.com\/it\/663094\/"},"modified":"2026-09-03T16:35:15","modified_gmt":"2026-09-03T16:35:15","slug":"live-vuelta-a-espana-2026-tappa-di-oggi-in-diretta-omrzel-conferma-il-suo-talento-su-calar-alto-mas-guadagna-ancora-sui-rivali","status":"publish","type":"post","link":"https:\/\/www.europesays.com\/it\/663094\/","title":{"rendered":"LIVE Vuelta a Espa\u00f1a 2026, tappa di oggi in DIRETTA: Omrzel conferma il suo talento su Calar Alto, Mas guadagna ancora sui rivali"},"content":{"rendered":"<p><a href=\"https:\/\/www.oasport.it\/2026\/09\/live-vuelta-a-espana-2026-tappa-di-oggi-in-diretta-5-gpm-sulla-sierra-de-los-filabres\/\" rel=\"nofollow noopener\" target=\"_blank\"><strong>CLICCA QUI PER AGGIORNARE LA DIRETTA LIVE<\/strong><\/a><\/p>\n<p><a href=\"https:\/\/www.oasport.it\/2026\/09\/classifica-vuelta-a-espana-2026-undicesima-tappa-enric-mas-in-maglia-roja-roglic-deve-rimontare\/\" target=\"_blank\" rel=\"noopener nofollow\"><strong>LA CLASSIFICA GENERALE DELLA VUELTA<\/strong><\/a><\/p>\n<p>18.00 Termina qui la DIRETTA LIVE testuale della tredicesima tappa della Vuelta a Espana 2026. Vi ringraziamo per aver scelto di seguire quest\u2019evento insieme a noi e vi invitiamo a rimanere sempre connessi sul nostro sito. Buon proseguimento di giornata a tutti voi.<\/p>\n<p>17.58 Domani ci sar\u00e0 una tappa adatta ai colpi di mano, che difficilmente vedr\u00e0 protagonisti gli uomini della genrale.<\/p>\n<p>17.55 Ecco i primi dieci della generale:<\/p>\n<p><strong>1 \u2013 MAS Enric MOV 40:31:51 \u2013<\/strong><br \/>2 \u2013 ROGLI\u010c Primo\u017e RBH 1:45 \u25bc0:27<br \/>3 \u2013 GALL Felix DCT 2:06 \u25bc0:27<br \/>4 \u25b21 CARAPAZ Richard EFE 3:53 \u25bc0:27<br \/>5 \u25bc1 ONLEY Oscar NCI 4:29 \u25bc2:09<br \/>6 \u25b24 OMRZEL Jakob TBV 4:59 \u25b23:06<br \/>7 \u25bc1 SKJELMOSE Mattias LTK 7:42 \u25bc3:47<br \/>8 \u25bc1 KUSS Sepp TVL 7:58 \u25bc3:49<br \/>9 \u2013 M\u00dcHLBERGER Gregor DCT 8:27 \u25bc0:54<br \/>10 \u25bc2 TEJADA Harold XAT 8:33 \u25bc3:54<\/p>\n<p>17.52 Con 20 anni e 166 giorni Jakob Omrzel \u00e8 il secondo pi\u00f9 giovane di sempre a vincere una tappa alla Vuelta, il primo \u00e8 Celestino Pietro che era 80 giorni pi\u00f9 giovane dello sloveno quando vinse nel 1981.<\/p>\n<p>17.49 Ecco la top ten di tappa:<\/p>\n<p>1 OMRZEL Jakob Bahrain \u2013 Victorious 4:29:53<br \/>2 BERRADE Urko Equipo Kern Pharma 1:56<br \/>3 BUITRAGO Santiago Bahrain \u2013 Victorious 2:13<br \/>4 LUTSENKO Alexey NSN Cycling Team 2:49<br \/>5 VANSEVENANT Mauri Soudal Quick-Step 2:53<br \/>6 MAS Enric Movistar Team 2:56<br \/>7 GALL Felix Decathlon CMA CGM Team 3:23<br \/>8 ROGLI\u010c Primo\u017e Red Bull \u2013 BORA \u2013 hansgrohe 3:23<br \/>9 CARAPAZ Richard EF Education \u2013 EasyPost 3:23<br \/>10 M\u00dcHLBERGER Gregor Decathlon CMA CGM Team 3:50<\/p>\n<p>17.46 Dopo il bottino pieno di Van Aert sui primi tre GPM e al traguardo volante, tutto si \u00e8 deciso sull\u2019ultima salita. Prima ha attaccato Buitrago, portandosi dietro Berrade, Omrzel e Bisiaux, poi ha attaccato lo sloveno che ha staccato i rivali uno alla volta. Berrade \u00e8 stato l\u2019ultimo a mollare, prendendosi poi il secondo posto di tappa. Tra i big c\u2019\u00e8 stato l\u2019attacco di Gall propiziato dal lavoro di squadra, poi per\u00f2 c\u2019\u00e8 stato il contrattacco di Mas e nessuno \u00e8 riuscito a seguirlo.<\/p>\n<p>17.45 Prima vittoria in carriera per Omrzel, non male farlo qua alla Vuelta\u2026<\/p>\n<p>17.44 Male Onley che arriva oltre a 5\u2032.<\/p>\n<p>17.43 Gall, Roglic e Carapaz arrivano a 3\u201923\u201d, distacco dalla maglia rossa da confermare ma che dovrebbe essere di 27\u2033.<\/p>\n<p>17.42 Arrivano Lutsenko e Vansevenant, poi Mas a 2\u201956\u201d.<\/p>\n<p>17.41 Secondo posto per Berrade che arriva quasi a 2\u2032, terzo posto per Buitrago che guadagna altri punti nella classifica scalatori.<\/p>\n<p>17.39 JAKOB OMRZEL A CALAR ALTO! Grande vittoria dello sloveno, che oltre al trionfo guadagner\u00e0 terreno in classifica generale.<\/p>\n<p>17.37 ULTIMO KM! Omrzel si avvicina la vittoria, dietro accelera Gall.<\/p>\n<p>17.35 2 km alla conclusione per Omrzel, Mas mantiene 40\u2033 su Gall, Roglic e Carapaz.<\/p>\n<p>17.32 3 km alla conclusione per Omrzel. Tornano dure le pendenze, con tratti intorno al 10%. Carapaz intanto \u00e8 rientrato su Gall e Roglic.<\/p>\n<p>17.29 Roglic e Gall hanno ritrovato Bisiaux e Tuckwell, su questo piano potrebbero fare la differenza tirando tutti e 4.<\/p>\n<p>17.28 Collaborano Mas e Garcia Pierna in questo tratto pianeggiante.<\/p>\n<p>17.26 Per quanto riguarda i distacchio tra i big Mas ha 35\u2033 di vantaggio su Roglic e Gall, che hanno solo pi\u00f9 14\u2033 nei confronti di Carapaz.<\/p>\n<p>17.23 Mas incontra ora Garcia Pierna, vedremo per quanto riuscir\u00e0 a dargli una mano. In questa fase la salita spiana molto e certamente alla maglia rossa fa comodo un compagno che prende aria in faccia.<\/p>\n<p>17.21 Gall e Roglic dovrebbero incontrare rispettivamente Bisiaux e Tuckwell, loro compagni di squadra.<\/p>\n<p>17.20 10 km alla conclusione, per Omrzel \u00e8 iniziata la parte pi\u00f9 dolce della salita.<\/p>\n<p>17.18 Attacco della maglia rossa! Se ne va Mas che conferma la grande condizione e che trover\u00e0 Garcia Pierna durante la salita, Gall e Roglic non rispondono.<\/p>\n<p>17.17 Se ne va Jakob Omrzel che lascia Berrade sul posto. Intanto Mas, Roglic e Gall hanno 20\u2033 di vantaggio su Onley, Carapaz e M\u00fchlberger.<\/p>\n<p>17.16 Ormzel e Berrade non trovano collaborazione, Bisiaux potrebbe anche rientrare.<\/p>\n<p>17.13 Attacco di Omrzel, si staccano Buitrago e Bisiaux.<\/p>\n<p>17.11 Attacco di Gall, lo seguono solo Mas e Roglic, mentre si staccano Carapaz e Onley<\/p>\n<p>17.10 Sono rimasti Gall, Roglic, Mas, Carapaz e Onley oltre a M\u00fclbergher.<\/p>\n<p>17.07 Arriva in testa la Decathlon di Gall, perde le ruote Skjelmose.<\/p>\n<p>17.06 Attacco di Buitrago, seguito da Berrade, Bisiaux e Omrzel.<\/p>\n<p>17.05 Garcia Pierna si \u00e8 staccato dai leader della corsa, probabilmente per farsi raggiungere dal gruppo e aiutare il compagno Mas.<\/p>\n<p>17.03 Il gruppo approcia la salita con 5\u201910\u201d dai fuggitivi.<\/p>\n<p>17.01 Si ritira Arthur Kluckers (Tudor Pro Cycling Team).<\/p>\n<p>16.58 Inizia l\u2019ascesa di Calar Alto (17 km al 5.6% medio, prima categoria), punte del 18% nella prima fase.<\/p>\n<p>16.56 Tuckwell, Garcia Pierna, Bisiaux, Haig, Buitrago, Omrzel, Berrade, Lutsenko e Vansevenant in testa alla corsa. Inseguono a 30\u2033 Vermaeke, Dubar, Bilbao, Rochas, Houle, Johannessen, Diaz, Pickering e Albanese.<\/p>\n<p>16.53 Il gruppo ha 5\u201915\u201d di ritardo dai primi fuggitivi.<\/p>\n<p>16.50 Meno di 10 km all\u2019inizio dell\u2019ultima ascesa.<\/p>\n<p>16.47 Mancano meno di 30 km alla conclsuione, fase di discesa per i corridori.<\/p>\n<p>16.44 Buitrago scollina in testa al GPM e riallunga su Van Aert nella classifica scalatori.<\/p>\n<p>16.43 Acceleerazione di Berrade che si riporta sulle ruote di Omrzel e Bisiaux, dietro Carapaz viene riassorbito dal plotone.<\/p>\n<p>16.40 La coppia al comando della corsa ha 23\u2033 di vantaggio sui primi inseguitori.<\/p>\n<p>16.37 Carapaz ha 18\u2033 di vantaggio sul gruppo, dopo un attacco deciso il corridore dell\u2019EF non \u00e8 riuscito a fare ulteriore differenza.<\/p>\n<p>16.34 Davanti attacco di Omrzel, seguito solo da Bisiaux.<\/p>\n<p>16.33 Carapaz ha gi\u00e0 guadagnato 30\u2033 sul gruppo maglia rossa.<\/p>\n<p>16.30 Attacco di Richard Carapaz! Accende la miccia il corridore dell\u2019EF, dietro non si muove nessuno con la Movistar che continua a dettare il ritmo.<\/p>\n<p>16.29 E\u2019 calata l\u2019andatura davanti, una quindicina di corridori \u00e8 presente in testa alla corsa.<\/p>\n<p>16.28 Adesso la Movistar ha aumento il ritmo in gruppo, sono rimasti qui 25 corridori e il vantaggio dei fuggitivi \u00e8 sceso a 6\u201930\u201d.<\/p>\n<p>16.26 Tuckwell, Bilbao, Buitrago, Berrade Lutsenko, Haig e Bisiaux sono in testa alla corsa, inseguitori a 25\u2033.<\/p>\n<p>16.23 Bilbao \u00e8 rientrato e si \u00e8 messo a fare l\u2019andatura per Buitrago, dietro per\u00f2 paga qualcosa il loro compagno di squadra Omrzel.<\/p>\n<p>16.20 Molla Almeida, rallentamento nel gruppo di fuggitivi.<\/p>\n<p>16.17 Sono in venti al comando della corsa, hanno perso le ruote tra gli altri Hamilton, Bilbao e Vansevenant.<\/p>\n<p>16.14 Almeida sta lavorando per Vervaeke, visto che Ivo Oliveira si \u00e8 staccato.<\/p>\n<p>16.11 Adesso Van Aert si lascia sfilare, grande giornata del belga che ha dimostrato di nuovo grandi gambe. il corridore della Visma non \u00e8 l\u2019unico corridore a staccarsi, sotto il ritmo di Almeida sono molti gli atleti che stanno perdendo le ruote.<\/p>\n<p>16.09 Jackpot per Van Aert che dopo i GPM conquista anche il traguardo volante.<\/p>\n<p>16.08 Almeida detta il ritmo nel gruppo dei fuggitivi, si stacca K\u00e4mna.<\/p>\n<p>16.07 La parte iniziale di questa salita \u00e8 la pi\u00f9 dura, con pendenze che toccano il 15%.<\/p>\n<p>16.06 Inizia l\u2019ascesa, tra 1.4 km ci sar\u00e0 il traguardo volante di Velefique.<\/p>\n<p>16.05 Rimangono da affrontare ancora oltre 2000 metri di dislivello.<\/p>\n<p>16.02 Mancano 3 km all\u2019inizio dell\u2019Alto de Velefique.<\/p>\n<p>16.00 Temperatura di 27 \u00b0C sulla corsa.<\/p>\n<p>15.57 Van Aert \u00e8 il pi\u00f9 vincente tra i fuggitivi, con 57 vittorie. Dietro di lui ci sono Lutsenko con 41 successi e Almeida con 23.<\/p>\n<p>15.54 50 km al termine della frazione.<\/p>\n<p>15.51 Ecco i corridori in testa alla corsa: Luke Tuckwell (Red Bull BORA-hansgroe), Jo\u00e3o Almeida, Ivo Oliveira e Kevin Vermaerke (UAE Team Emirates \u2013 XRG), Pablo Castrillo, Ra\u00fal Garc\u00eda Pierna (Movistar), Wout Van Aert (Team Visma | Lease a Bike), L\u00e9o Bisiaux (Decathlon CMA CGM Team), Eddie Dunbar (Pinarello Q36.5), Jack Haig, Axel Laurance (Netcompany Ineos), Pello Bilbao, Santiago Buitrago, Jakob Omrzel (Bahrain Victorious), Lennard K\u00e4mna (Lidl-Trek), R\u00e9my Rochas (Groupama-FDJ United), Ramses Debruyne, Hugo Houle (Alpecin Premier-Tech), Alexey Lutsenko (NSN Cycling Team), Mauri Vansevenant (Soudal Quick Step), Tobias Halland Johannessen, Andreas Kron e Andreas Leknessund (Uno-X Mobility), Finlay Pickering (Team Jayco AlUla), Vincenzo Albanese (EF Education EasyPost), Marco Brenner (Tudor Pro Cycling Team), Henok Mulubrhan (XDS Astana), Jos\u00e9 Manuel D\u00edaz (Burgos Burpellet BH), Chris Hamilton (Team Picnic PostNL), Urko Berrade (Equipo Kern Pharma).<\/p>\n<p>15.48 Aumenta il vantaggio dei fuggitivi, che adesso \u00e8 intorno ai 7\u2032.<\/p>\n<p>15.45 Con il passaggio in testa al GPM Van Aert si porta a 8 punti da Buitrago nella classifica scalatori.<\/p>\n<p>15.42 Nella classifica virtuale Jakob Ormzel si trova terzo a circa 1\u201930\u201d da Mas.<\/p>\n<p>15.39 E\u2019 sempre la Movistar di Enric Mas a dettare il ritmo in gruppo.<\/p>\n<p>15.36 Fase di discesa per i corridori, strade ampie che permettono velocit\u00e0 elevate.<\/p>\n<p>15.33 Van Aert e Buitrago vengono ripresi dal gruppo dei fuggitivi.<\/p>\n<p>15.30 70 km alla conclusione.<\/p>\n<p>15.29 Gi\u00e0 20\u2033 di vantaggio accumulati da van Aert e Buitrago.<\/p>\n<p>15.27 Sale a 6\u201920\u201d il ritardo del gruppo maglia rossa.<\/p>\n<p>15.26 Insistono van Aert e Buitrago! I due corridori tanno proseguendo l\u2019azione anche in discesa dopo aver aperto il gap con il resto dei fuggitivi durante la volata per i punti del GPM.<\/p>\n<p>15.24 Anche stavolta \u00e8 Wout van Aert (5 punti) a passare primo sul Gran Premio della Montagna. Ancora una volta transita secondo Santiago Buitrago (3 punti).<\/p>\n<p>15.22 80 chilometri alla conclusione!<\/p>\n<p>15.20 Ricordiamo la composizione della maxi fuga al comando della corsa:\u00a0Luke Tuckwell (Red Bull), Jo\u00e3o Almeida (UAE), Ivo Oliveira (UAE), Kevin Vermaerke (UAE), Pablo Castrillo (Movistar), Ra\u00fal Garc\u00eda Pierna (Movistar), Wout van Aert (Visma Lease a Bike), L\u00e9o Bisiaux (Decathlon), Eddie Dunbar (Pinarello Q 36.5), Jack Haig (Netcompany Ineos), Axel Laurance (Netcompany Ineos), Pello Bilbao (Bahrain-Victorious), Santiago Buitrago (Bahrain \u2013 Victorious), Jakob Omrzel (Bahrain Victorious), Lennard K\u00e4mna (Lidl-Trek), R\u00e9my Rochas (Groupama), Ramses Debruyne (Alpecin Premier Tech), Hugo Houle (Alpecin premier Tech), Alexey Lutsenko (NSN), Mauri Vansevenant, Tobias Halland Johannessen (Uno-X Mobility), Andreas Kron (Uno-X Mobility), Andreas Leknessund (Uno-X Mobility), Finlay Pickering (Jayco AlUla), Vincenzo Albanese (EF Easypost), Marco Brenner (Tudor), Henok Mulubrhan (Astana), Jos\u00e9 Manuel D\u00edaz (Burgos Burpellet), Chris Hamilton (Picnic Post NL), Urko Berrade (Equipo Kern Pharma).<\/p>\n<p>15.17 La velocit\u00e0 media dopo le prime due ore di corsa \u00e8 di 39,1 km\/h.<\/p>\n<p>15.14 Un fattore che potrebbe condizionare la corsa di oggi \u00e8 il gran caldo che stanno trovando i corridori. Addirittura 39 i gradi segnalati!<\/p>\n<p>15.11 L\u2019ascesa decisiva per la tappa di oggi sar\u00e0 quella conclusiva verso Calar Alto. L\u2019ultima volta che la Vuelta arriv\u00f2 su questa salita era il 2017 e a vincere fu Miguel Angel Lopez. 14\u2033 dietro il colombiano, arrivarono assieme Chris Froome e l\u2019azzurro Vincenzo Nibali.<\/p>\n<p>15.08 Mancano ancora 10 km alla conclusione della salita per Collado Garcia. La parte pi\u00f9 dura \u00e8 alle spalle dei corridori, che adesso affrontano addirittura un tratto in leggera discesa.<\/p>\n<p>15.05 90 km alla conclusione della tappa!<\/p>\n<p>15.03 Problemi meccanici per il francese in fuga Remy Rochas.<\/p>\n<p>15.01 Sale ancora il vantaggio della fuga. Il margine dei battistrada sul gruppo \u00e8 adesso di 5\u201940\u201d.<\/p>\n<p>14.59 Sono soprattutto gli uomini della UAE e della Uno-X Mobility a fare l\u2019andatura in fuga. Molto impegnato anche Pello Bilbao della Bahrai Victorious, che lavora per i compagni Buitrago e Omrzel.<\/p>\n<p>14.57 Nella classifica virtuale Jakob Omrzel sale addirittura in quinta posizione. Nelle ultime salite, per\u00f2, il gruppo aumentare senz\u2019altro l\u2019andatura e recuperer\u00e0 terreno sui battistrada.<\/p>\n<p>14.55 Il corridore in fuga meglio piazzato in classifica generale \u00e8 il giovane Jakob Omrzel della Bahrain Victorious con 8\u201905\u201d di ritardo da Mas. Lo sloveno potrebbe risalire diverse posizioni in classifica se il gruppo continuasse a lasciare spazio ai fuggitivi.<\/p>\n<p>14.52 Si \u00e8 stabilizzato adesso il ritardo del gruppo, che insegue la fuga con 5\u2032 di ritardo.<\/p>\n<p>14.50 La pendenza media della salita non rispecchia la reale difficolt\u00e0 di questo GPM. A met\u00e0 ascesa infatti \u00e8 presente un tratto di discesa che altera il dato della pendenza media.<\/p>\n<p>14.47 Comincia il GPM di seconda categoria di Collado Garcia. Salita molto lunga (oltre 18km), ma con una pendenza media molto dolce (2,4%).<\/p>\n<p>14.44 Un gruppetto di circa cinque corridori, con dentro anche van Aert, aveva preso un leggero margine di vantaggio sugli altri uomini in fuga. Il buco \u00e8 stato rapidamente chiuso, grazie soprattutto all\u2019azione dell\u2019azzurro Albanese.<\/p>\n<p>14.42 <strong>100 km al traguardo!<\/strong><\/p>\n<p>14.40 Questa la composizione della fuga dopo i rientri di alcuni corridori: Luke Tuckwell (Red Bull), Jo\u00e3o Almeida (UAE), Ivo Oliveira (UAE), Kevin Vermaerke (UAE), Pablo Castrillo (Movistar), Ra\u00fal Garc\u00eda Pierna (Movistar), Wout van Aert (Visma Lease a Bike), L\u00e9o Bisiaux (Decathlon), Eddie Dunbar (Pinarello Q 36.5), Jack Haig (Netcompany Ineos), Axel Laurance (Netcompany Ineos), Pello Bilbao (Bahrain-Victorious), Santiago Buitrago (Bahrain \u2013 Victorious), Jakob Omrzel (Bahrain Victorious), Lennard K\u00e4mna (Lidl-Trek), R\u00e9my Rochas (Groupama), Ramses Debruyne (Alpecin Premier Tech), Hugo Houle (Alpecin premier Tech), Alexey Lutsenko (NSN), Mauri Vansevenant, Tobias Halland Johannessen (Uno-X Mobility), Andreas Kron (Uno-X Mobility), Andreas Leknessund (Uno-X Mobility), Finlay Pickering (Jayco AlUla), Vincenzo Albanese (EF Easypost), Marco Brenner (Tudor), Henok Mulubrhan (Astana), Jos\u00e9 Manuel D\u00edaz (Burgos Burpellet), Chris Hamilton (Picnic Post NL), Urko Berrade (Equipo Kern Pharma).<\/p>\n<p>14.37 Nonostante il secondo GPM di giornata sia finito, la strada continua a salire in questa fase di corsa. I ciclisti continueranno a pedalare in leggera salita fino all\u2019imbocco dell\u2019ascesa verso Collado Garcia.<\/p>\n<p>14.35 Si \u00e8 rialzato Pavel Sivakov. Lo scalatore della UAE, non riuscendo a ritornare sulla fuga, ha deciso di mollare e di farsi riassorbire dal gruppo.<\/p>\n<p>14.32 Questa la classifica dei GPM dopo le prime due salite di giornata:<\/p>\n<p>1 Santiago Buitrago 35<br \/>2 Wout van Aert 25<br \/>3 Enric Mas 24<br \/>4 Andreas Leknessund 19<br \/>5 Lorenzo Fortunato 14<\/p>\n<p>14.30 Finito anche il GPM de l\u2019Alto del Cobdar. Van Aert passa in testa in cima alla salita (3 punti), seguito ancora una volta da Buitrago (2 punti).<\/p>\n<p>14.28 Il vantaggio dei fuggitivi \u00e8 adesso di 4\u201920\u201d.<\/p>\n<p>14.26 Si riportano sul gruppo in testa Jose Manuel Diaz (BURGOS BURPELLET) e Chris Hamilton (Picnic PostNL). Anche Sivakov (UAE) sta provando a rientrare sui battistrada, il suo ritardo \u00e8 di 45\u2033.<\/p>\n<p>14.23 110 km al traguardo di Calar Alto.<\/p>\n<p>14.20 Il gruppo ha percorso 46,8 km nella prima ora di corsa. Molto alta la velocit\u00e0 tenuta dai corridori nonostante i chilometri di salita.<\/p>\n<p>14.18 E\u2019 cominciata la salita dell\u2019Alto de Cobdar, GPM di terza categoria lungo 4,9 km con una pendenza media del 4,5%.<\/p>\n<p>14.15 Questa la composizione della fuga: Luke Tuckwell (Red Bull \u2013 BORA \u2013 hansgrohe), Jo\u00e3o Almeida (UAE Team Emirates XRG), Ivo Oliveira (UAE Team Emirates XRG), Kevin Vermaerke (UAE Team Emirates XRG), Pablo Castrillo (Movistar Team), Ra\u00fal Garcia Pierna (Movistar Team), Wout van Aert (Team Visma | Lease a Bike), L\u00e9o Bisiaux (Decathlon CMA CGM Team), Edward Dunbar (Pinarello \u2013 Q36.5 Pro Cycling Team), Jack Haig (Netcompany INEOS), Axel Laurance (Netcompany INEOS), Pello Bilbao (Bahrain Victorious), Santiago Buitrago (Bahrain Victorious), Jakob Omrzel (Bahrain Victorious), Lennard K\u00e4mna (Lidl-Trek), R\u00e9my Rochas (Groupama-FDJ United), Ramses Debruyne (Alpecin-Premier Tech), Hugo Houle (Alpecin-Premier Tech), Alexey Lutsenko (NSN Cycling Team), Mauri Vansevenant (Soudal Quick-Step), Tobias Halland Johannessen (Uno-X Mobility), Andreas Kron (Uno-X Mobility), Andreas Leknessund (Uno-X Mobility), Finlay Pickering (Team Jayco AlUla), Vincenzo Albanese (EF Education-EasyPost), Marco Brenner (Tudor Pro Cycling Team), Henok Mulubrhan (XDS Astana Team) e Urko Berrade (Equipo Kern Pharma).<\/p>\n<p>14.12 Gi\u00e0 salito a 2\u201920\u201d il vantaggio dei fuggitivi.<\/p>\n<p>14.10 Oscar Onley si \u00e8 portato adesso alla macchine dell\u2019assistenza medica. Brutta botta presa dal britannico della Netcompany Ineos.<\/p>\n<p>14.09 Mancano 120 km al traguardo.<\/p>\n<p>14.07 Sono 27 i corridori in testa alla corsa. Oltre a Lutsenko, Debruyne e Laurence, presenti nel terzetto partito all\u2019attacco diversi chilometri fa, anche Wout van Aert e Santiago Buitrago fanno parte del drappello dei battistrada.<\/p>\n<p>14.05 Onley rientra sul gruppo. Il britannico approfitta del sensibile rallentamento del plotone maglia rossa.<\/p>\n<p>14.03 Rallenta ora il gruppo! La fuga pu\u00f2 finalmente prendere il largo!<\/p>\n<p>14.01 Il terzetto \u00e8 stato raggiunto dal gruppo di contrattaccanti. Si forma un gruppo piuttosto numeroso in testa alla corsa.<\/p>\n<p>13.59 Fase davvero caotica della corsa! In testa c\u2019\u00e8 sempre il terzetto formato da Axel Laurance (Netcompany Ineos), Ramses Debruyne (Alpecin-Premier Tech) e Alexey Lutsenko (NSN). Alle loro spalle sta cercando di rientrare un drappello di 20 corridori, che ha una manciata di secondi di vantaggio dal gruppo maglia rossa. Attardato per via della caduta la maglia bianca OScar Onley, che deve recuperare poco meno di un minuto sul gruppo.<\/p>\n<p>13.57 1\u2032 di ritardo dal gruppo per la maglia bianca Oscar Onley!<\/p>\n<p>13.56 130 km alla conclusione della tappa!<\/p>\n<p>13.55 Riparte subito lo scalatore britannico, che adesso prover\u00e0 a rientrare sul gruppo. Speriamo la botta non sia stata troppo forte per l\u2019uomo di classifica della Ineos.<\/p>\n<p>13.54 Caduta per Oscar Onley! Il capitano della Netcompany Ineos finisce a terra!<\/p>\n<p>13.53 I ciclisti stanno affrontando un lungo tratto di falsopiano che li porter\u00e0 fino alle pendici della seconda salita di giornata; il GPM dell\u2019Alto de Cobdar.<\/p>\n<p>13.51 Sono una ventina gli atleti che si sono avvantaggiati sul gruppo per andare all\u2019inseguimento del terzetto in testa. Da dietro per\u00f2 continuano gli scatti.<\/p>\n<p>13.49 Si stacca un nutrito gruppo di contrattaccanti. Il gruppo per\u00f2 continua ad andar forte e a non lasciare spazio ai tentativi di fuga.<\/p>\n<p>13.47 15\u2033 il vantaggio dei fuggitivi. Dal gruppo per\u00f2 continuano gli scatti.<\/p>\n<p>13.45 Questi i tre corridori in testa alla corsa: Axel Laurance (Netcompany Ineos), Ramses Debruyne (Alpecin-Premier Tech) e Alexey Lutsenko (NSN)<\/p>\n<p>13.43 140 km alla conclusione della tappa!<\/p>\n<p>13.42 Un terzetto \u00e8 riuscito a prendere un leggero margine di vantaggio in questo tratto di discesa.<\/p>\n<p>13.41 Si \u00e8 ritirato Hamish McKenzie della Jayco AlUla. Il corridore australiano abbandona la corsa dopo la brutta caduta in cui \u00e8 rimasto coinvolto ieri.<\/p>\n<p>13.39 Ci prova adesso anche Alexey Lutsenko. Il tentativo del corridore kazako viene subito stoppato dal gruppo.<\/p>\n<p>13.37 Ripresi Buitrago e van Aert.<\/p>\n<p>13.35 Van Aert e Buitrago proseguono nella loro azione anche in discesa! La coppia ha una manciata di secondi di vantaggio sul gruppo.<\/p>\n<p>13.33 E\u2019 terminato il GPM dell\u2019Alto de Cabecico. Van Aert passa primo in cima alla salita (3 punti), davanti al leader della classifica per la maglia a pois Buitrago (2 punti).<\/p>\n<p>13.32 150 km al traguardo!<\/p>\n<p>13.31 Ripreso al gruppetto al comando, ma ripartono subito in contropiede altri cinque corridori. Fase di corsa decisamente caotica!<\/p>\n<p>13.30 Problema meccanico e cambio di bici per Muhlberger.<\/p>\n<p>13.30 In tanti si sono riportati sui battistrada, sono diventati addirittura una quindicina i corridori all\u2019attacco. Il gruppo non \u00e8 per\u00f2 lontano.<\/p>\n<p>13.28 Altri corridori si sganciano e provano a rientrare sulla coppia in testa alla corsa.<\/p>\n<p>13.26 Prende qualche metro di vantaggio il francese Remy Rochas della Groupama. Su di lui si riporta velocemente Ivo Oliveira della UAE.<\/p>\n<p>13.24 Si procede a strappi lungo le dolci pendenze dell\u2019Alto de Cabecico. I tantissimi tentativi di scatto sono stati, per il momento, riassorbiti dal gruppo.<\/p>\n<p>13.22 Continuano gli scatti in questo inizio di salita. Anche van Aert fra i ciclisti pi\u00f9 attivi in testa al gruppo!<\/p>\n<p>13.20 Comincia l\u2019Alto di Cabecico! Il GPM di terza categoria \u00e8 lungo 8,4 km e ha una pendenza media del 3,3%.<\/p>\n<p>13.18 Tutti annullati i tentativi di portare via una fuga. Fra pochissimi chilometri comincer\u00e0 l\u2019Alto de Cabecico, dove sar\u00e0 pi\u00f9 facile fare la differenza per gli scalatore.<\/p>\n<p>13.16 Caduta in gruppo! Finisce a terra il danese della Red Bull Frederik Wandahl.<\/p>\n<p>13.15 Gruppo molto allungato in questi primi chilometri. Tanti i tentativi di allungo, ma nessun corridore \u00e8 finora riuscito a guadagnare margine sul plotone maglia rossa.<\/p>\n<p>13.13 Non sono purtroppo ripartiti Ben Tulett (Visma-Lease a Bike), David Gonzalez (Pinarello Q36.5) e Lindsay De Vylder (Alpecin-Premier Tech).<\/p>\n<p>13.12 Nel finale di tappa i big saranno lotteranno per guadagnare secondi in classifica generale, ma difficilmente qualcuno vorr\u00e0 tenere chiusa la corsa per giocarsi la vittoria. Enric Mas ha dimostrato di essere il migliore in salita e oggi vorr\u00e0 guadagnare altro terreno. Roglic, Onley e Gall sembrano i suoi avversari pi\u00f9 accreditati<\/p>\n<p>13.11 Subito tanti scatti per entrare in fuga! Sono molti i corridori che vogliono entrare nel gruppo degli attaccanti di giornata.<\/p>\n<p>13.10 E\u2019 cominciata ufficialmente la tappa!<\/p>\n<p>13.09 Una frazione del genere sembra possa essere a due facce, con gli attaccanti che si giocheranno il successo di tappa e i big che proveranno a creare distacchi nella generale. I nomi pi\u00f9 accreditati tra i fuggitivi sono quelli di Jay Vine e Pavel Sivakov della UAE, squadra emiratina che dopo il ritiro di Pogacar vuole concentrarsi sui trionfi di giornata.<\/p>\n<p>13.07 Ai -44.3 inizier\u00e0 l\u2019Alto de Velefique (13.1 km al 7.2% medio, prima categoria) e 1.4 km dopo ci sar\u00e0 lo sprint intermedio. Dopo lo scollinamento ci sar\u00e0 una discesa che poter\u00e0 ai piedi dell\u2019ultima salita, che \u00e8 anche arrivo di tappa: Calar Alto (17 km al 5.6% medio).<\/p>\n<p>13.05 La tappa di oggi \u00e8 decisamente dura ed obbliga i big di classifica ad uscire allo scoperto. Il percorso misura 166.7 km, con partenza da Vera ed arrivo a Calar Alto. I corridori inizeranno s\u00f9bito a salire e dal km 7.7 si approccer\u00e0 l\u2019Alto del Cabecico (8.4 km al 3.3% medio, terza categoria). Al km 52.6 inizier\u00e0 l\u2019Alto de Cobdar (4.9 km al 4.5% medio, terza categoria). Dalla cima la strada continuer\u00e0 prevalentemente a tendere all\u2019ins\u00f9 e 11 km dopo comincer\u00e0 il Collado Garcia (18.8 km al 2.4% medio, seconda categoria).<\/p>\n<p>13.02 E\u2019 cominciato il tratto di trasferimento! I corridori affronteranno 3,2 km prima della partenza ufficiale della tappa.<\/p>\n<p>13.00 Buongiorno amici di OA Sport e benvenuti alla DIRETTA LIVE testuale della dodicesima tappa della Vuelta a Espana 2026!<\/p>\n<p>Buongiorno amici di <strong>OA Sport<\/strong> e benvenuti alla <strong>DIRETTA LIVE testuale<\/strong> della<strong> dodicesima tappa<\/strong> della <strong>Vuelta a Espana 2026<\/strong>, con un arrivo in salita che potrebbe dare un nuovo scossone alla classifica generale.<\/p>\n<p>Il percorso misura <strong>166.7 km<\/strong>, con partenza da <strong>Vera<\/strong> ed arrivo a <strong>Calar Alto<\/strong>. I corridori inizeranno s\u00f9bito a salire e dal km 7.7 si approccer\u00e0 l\u2019<strong>Alto del Cabecico (8.4 km al 3.3% medio, terza categoria)<\/strong>. Al km 52.6 inizier\u00e0 l\u2019<strong>Alto de Cobdar (4.9 km al 4.5% medio, terza categoria)<\/strong>. Dalla cima la strada continuer\u00e0 prevalentemente a tendere all\u2019ins\u00f9 e 11 km dopo comincer\u00e0 il <strong>Collado Garcia (18.8 km al 2.4% medio, seconda categoria)<\/strong>. Ai -44.3 inizier\u00e0 l\u2019<strong>Alto de Velefique (13.1 km al 7.2% medio, prima categoria)<\/strong> e 1.4 km dopo ci sar\u00e0 lo sprint intermedio. Dopo lo scollinamento ci sar\u00e0 una discesa che poter\u00e0 ai piedi dell\u2019ultima salita, che \u00e8 anche arrivo di tappa: <strong>Calar Alto (17 km al 5.6% medio)<\/strong>.<\/p>\n<p>Una frazione del genere sembra possa essere a due facce, con gli attaccanti che si giocheranno il successo di tappa e i big che proveranno a creare distacchi nella generale. I nomi pi\u00f9 accreditati tra i fuggitivi sono quelli di <strong>Jay Vine<\/strong> e <strong>Pavel Sivakov<\/strong> della UAE, squadra emiratina che dopo il ritiro di Pogacar vuole concentrarsi sui trionfi di giornata. Entrambi sono ottimi scalatori e sull\u2019ultima salita potrebbero fare la differenza. Molto attiva sar\u00e0 anche la Uno-X, con <strong>Andreas Leknessund<\/strong> e <strong>Tobias Halland Johannessen<\/strong> che sono gi\u00e0 stati protagonisti nella prima settimana di gara. Attenzione anche a <strong>Santiago Buitrago<\/strong> e <strong>Pello Bilbao (Bahrain Victorious)<\/strong>, <strong>Mikel Landa<\/strong> e il nostro <strong>Filippo Zana (Soudal Quick Step)<\/strong>.<\/p>\n<p>I big saranno probabilmente in lotta per guadagnare secondi in classifica generale, ma difficilmente qualcuno vorr\u00e0 tenere chiusa la corsa per giocarsi la vittoria. <strong>Enric Mas<\/strong> ha dimostrato di essere il migliore in salita e oggi vorr\u00e0 guadagnare altro terreno. <strong>Roglic<\/strong>, <strong>Onley<\/strong> e <strong>Gall<\/strong> sembrano i suoi avversari pi\u00f9 accreditati, ma le loro prestazioni altalenanti non hanno ancora chiarito chi tra loro sia il pi\u00f9 forte. Da capire anche se <strong>Kuss<\/strong>, <strong>Carapaz<\/strong> e <strong>Skjelmose<\/strong> rientreranno per la lotta al podio, perch\u00e9 fino ad ora sono sembrati un gradino sotto rispetto ai primi quattro.<\/p>\n<p><strong>OA Sport<\/strong> vi offre, quindi, la <strong>DIRETTA LIVE testuale<\/strong> della <strong>dodicesima tappa<\/strong> della <strong>Vuelta a Espana 2026<\/strong>, con 5 GPM che sicuramente regaleranno spettacolo. L\u2019inizio della corsa \u00e8 previsto per le<strong> 13.00<\/strong>. Buon divertimento!<\/p>\n","protected":false},"excerpt":{"rendered":"CLICCA QUI PER AGGIORNARE LA DIRETTA LIVE LA CLASSIFICA GENERALE DELLA VUELTA 18.00 Termina qui la DIRETTA LIVE&hellip;\n","protected":false},"author":3,"featured_media":663095,"comment_status":"","ping_status":"","sticky":false,"template":"","format":"standard","meta":{"footnotes":"","_share_on_mastodon":"0"},"categories":[1456],"tags":[260128,1824,1825,1522,1523,9966,66523,49782,1537,90,89,19068,1528,10962,1530,125560,210082,1879,135676,245,244,3652,37023],"class_list":["post-663094","post","type-post","status-publish","format-standard","has-post-thumbnail","category-ciclismo","tag-andreas-leknessund","tag-ciclismo","tag-cycling","tag-diretta-ciclismo","tag-diretta-live-ciclismo","tag-enric-mas","tag-felix-gall","tag-filippo-zana","tag-it","tag-italia","tag-italy","tag-jay-vine","tag-live-ciclismo","tag-mikel-landa","tag-oscar-onley","tag-pavel-sivakov","tag-pello-bilbao","tag-primoz-roglic","tag-santiago-buitrago","tag-sport","tag-sports","tag-tobias-halland-johannessen","tag-vuelta-a-espana-2026"],"share_on_mastodon":{"url":"https:\/\/pubeurope.com\/@it\/117208083751072882","error":""},"_links":{"self":[{"href":"https:\/\/www.europesays.com\/it\/wp-json\/wp\/v2\/posts\/663094","targetHints":{"allow":["GET"]}}],"collection":[{"href":"https:\/\/www.europesays.com\/it\/wp-json\/wp\/v2\/posts"}],"about":[{"href":"https:\/\/www.europesays.com\/it\/wp-json\/wp\/v2\/types\/post"}],"author":[{"embeddable":true,"href":"https:\/\/www.europesays.com\/it\/wp-json\/wp\/v2\/users\/3"}],"replies":[{"embeddable":true,"href":"https:\/\/www.europesays.com\/it\/wp-json\/wp\/v2\/comments?post=663094"}],"version-history":[{"count":0,"href":"https:\/\/www.europesays.com\/it\/wp-json\/wp\/v2\/posts\/663094\/revisions"}],"wp:featuredmedia":[{"embeddable":true,"href":"https:\/\/www.europesays.com\/it\/wp-json\/wp\/v2\/media\/663095"}],"wp:attachment":[{"href":"https:\/\/www.europesays.com\/it\/wp-json\/wp\/v2\/media?parent=663094"}],"wp:term":[{"taxonomy":"category","embeddable":true,"href":"https:\/\/www.europesays.com\/it\/wp-json\/wp\/v2\/categories?post=663094"},{"taxonomy":"post_tag","embeddable":true,"href":"https:\/\/www.europesays.com\/it\/wp-json\/wp\/v2\/tags?post=663094"}],"curies":[{"name":"wp","href":"https:\/\/api.w.org\/{rel}","templated":true}]}}