{"id":663110,"date":"2026-09-03T16:46:17","date_gmt":"2026-09-03T16:46:17","guid":{"rendered":"https:\/\/www.europesays.com\/it\/663110\/"},"modified":"2026-09-03T16:46:17","modified_gmt":"2026-09-03T16:46:17","slug":"gineitis-occasione-persa-il-toro-rischia-il-boomerang","status":"publish","type":"post","link":"https:\/\/www.europesays.com\/it\/663110\/","title":{"rendered":"Gineitis, occasione persa: il Toro rischia il boomerang"},"content":{"rendered":"<p class=\"PDq2pG_selectionAnchorContainer\" data-start=\"76\" data-end=\"598\">Gvidas <strong>Gineitis rischia di restare al Torino, ma con uno scenario completamente diverso da quello di qualche settimana fa.<\/strong> La trattativa con il Celtic, che vedr\u00e0 chiudersi il mercato scozzese alle 18 italiane di oggi, non \u00e8 andata a buon fine: gli scozzesi avevano messo sul tavolo 8 milioni di euro pi\u00f9 2 di bonus, <strong><a style=\"color: #800000;\" href=\"https:\/\/www.toronews.net\/calcio-mercato\/calciomercato-toro-il-celtic-rilancia-per-gineitis-ma-il-torino-alza-il-muro\/\" rel=\"nofollow noopener\" target=\"_blank\">mentre il Toro continuava a chiedere 15 milioni.<\/a><\/strong> Una distanza che ha finito per rendere l&#8217;operazione troppo complicata, nonostante il pressing del club di Glasgow.<\/p>\n<p>            Il Toro ha perso un&#8217;occasione<\/p>\n<p data-start=\"600\" data-end=\"1273\">Per il Torino, per\u00f2, la mancata cessione non \u00e8 necessariamente una buona notizia. Gineitis \u00e8 un giocatore ancora giovane e con margini di crescita, ma le prime uscite stagionali non hanno convinto, soprattutto quando \u00e8 stato chiamato a giocare da mediano e a prendersi responsabilit\u00e0 nella costruzione. E nel frattempo la concorrenza in mezzo al campo \u00e8 aumentata: <strong>gli ultimi arrivi di Mandragora e Bragan\u00e7a, aggiunti a quello di Fitz-Jim, hanno rinforzato il centrocampo, rendendo il lituano meno centrale nelle gerarchie di Abate.<\/strong> La sensazione \u00e8 che il suo profilo rischi di diventare quello di una seconda scelta, proprio mentre il Toro aveva individuato nella sua eventuale cessione una possibilit\u00e0 concreta per fare cassa.<\/p>\n<p>        <img src=\"https:\/\/www.europesays.com\/it\/wp-content\/uploads\/2026\/09\/GettyImages-2293064587_risultato-dd015311d0f9-1200x800.jpg\"   width=\"2560\" height=\"1707\" alt=\"Torino FC v AC Monza - Coppa Italia\" title=\"Torino FC v AC Monza - Coppa Italia\" loading=\"eager\" fetchpriority=\"high\" decoding=\"sync\" class=\"w-full h-auto aspect-3\/2 object-cover object-top rounded-lg\"\/><\/p>\n<p>            E ora?<\/p>\n<p data-start=\"1275\" data-end=\"1979\" data-is-last-node=\"\" data-is-only-node=\"\">La domanda, quindi, cambia:<strong> che Gineitis vedremo da qui in avanti?<\/strong> Il Torino non \u00e8 riuscito a incassare i 15 milioni che avrebbe voluto, ma allo stesso tempo si ritrova con un centrocampista che dovr\u00e0 essere reinserito in un reparto profondamente cambiato. Il Celtic ha mollato la presa e, salvo sorprese, il lituano rester\u00e0 sotto la Mole. Ora toccher\u00e0 ad Abate trovare il modo di valorizzarlo oppure accettare che, dopo gli ultimi innesti, Gineitis possa scivolare ai margini. E per il Toro il rischio \u00e8 evidente:<strong> non aver venduto un giocatore quando c&#8217;era un&#8217;offerta importante e ritrovarselo poi come riserva<\/strong>, con un valore di mercato che difficilmente potr\u00e0 mantenere.<\/p>\n","protected":false},"excerpt":{"rendered":"Gvidas Gineitis rischia di restare al Torino, ma con uno scenario completamente diverso da quello di qualche settimana&hellip;\n","protected":false},"author":3,"featured_media":663111,"comment_status":"","ping_status":"","sticky":false,"template":"","format":"standard","meta":{"footnotes":"","_share_on_mastodon":"0"},"categories":[176],"tags":[63862,36578,365518,365519,360365,7833,571,21057,564,1537,90,89,92513,82431,365520,13113,1412,3205,2125,245,244,1641,5517],"class_list":["post-663110","post","type-post","status-publish","format-standard","has-post-thumbnail","category-sport","tag-abate","tag-arrivi","tag-arrivi-mandragora","tag-arrivi-mandragora-braganca","tag-braganca","tag-celtic","tag-cessione","tag-gineitis","tag-giocatore","tag-it","tag-italia","tag-italy","tag-lituano","tag-mandragora","tag-mandragora-braganca","tag-margini","tag-mercato","tag-occasione","tag-rischia","tag-sport","tag-sports","tag-torino","tag-toro"],"share_on_mastodon":{"url":"https:\/\/pubeurope.com\/@it\/117208126939584309","error":""},"_links":{"self":[{"href":"https:\/\/www.europesays.com\/it\/wp-json\/wp\/v2\/posts\/663110","targetHints":{"allow":["GET"]}}],"collection":[{"href":"https:\/\/www.europesays.com\/it\/wp-json\/wp\/v2\/posts"}],"about":[{"href":"https:\/\/www.europesays.com\/it\/wp-json\/wp\/v2\/types\/post"}],"author":[{"embeddable":true,"href":"https:\/\/www.europesays.com\/it\/wp-json\/wp\/v2\/users\/3"}],"replies":[{"embeddable":true,"href":"https:\/\/www.europesays.com\/it\/wp-json\/wp\/v2\/comments?post=663110"}],"version-history":[{"count":0,"href":"https:\/\/www.europesays.com\/it\/wp-json\/wp\/v2\/posts\/663110\/revisions"}],"wp:featuredmedia":[{"embeddable":true,"href":"https:\/\/www.europesays.com\/it\/wp-json\/wp\/v2\/media\/663111"}],"wp:attachment":[{"href":"https:\/\/www.europesays.com\/it\/wp-json\/wp\/v2\/media?parent=663110"}],"wp:term":[{"taxonomy":"category","embeddable":true,"href":"https:\/\/www.europesays.com\/it\/wp-json\/wp\/v2\/categories?post=663110"},{"taxonomy":"post_tag","embeddable":true,"href":"https:\/\/www.europesays.com\/it\/wp-json\/wp\/v2\/tags?post=663110"}],"curies":[{"name":"wp","href":"https:\/\/api.w.org\/{rel}","templated":true}]}}