{"id":663132,"date":"2026-09-03T17:05:17","date_gmt":"2026-09-03T17:05:17","guid":{"rendered":"https:\/\/www.europesays.com\/it\/663132\/"},"modified":"2026-09-03T17:05:17","modified_gmt":"2026-09-03T17:05:17","slug":"olimpia-milano-primo-vero-test-a-creta-venerdi-la-sfida-contro-la-stella-rossa","status":"publish","type":"post","link":"https:\/\/www.europesays.com\/it\/663132\/","title":{"rendered":"OLIMPIA MILANO, PRIMO VERO TEST A CRETA: VENERD\u00cc LA SFIDA CONTRO LA STELLA ROSSA"},"content":{"rendered":"<p>Primo vero banco di prova della preseason per l\u2019Olimpia Milano, attesa a Creta da un torneo di altissimo livello. La squadra di coach Peppe Poeta scender\u00e0 in campo venerd\u00ec alle 17:30 italiane contro la Stella Rossa di Belgrado, in una sfida che rappresenter\u00e0 anche la prima uscita pubblica dopo i due scrimmage disputati a porte chiuse.<\/p>\n<p>Il comunicato dell\u2019Olimpia Milano:<\/p>\n<p><strong>Il torneo di Creta, per l\u2019Olimpia Milano non \u00e8 solo il test pi\u00f9 severo e significativo del pre-campionato, ma rappresenta di fatto anche la prima uscita ufficiale assoluta dopo due scrimmage a porte chiuse.<\/strong>\u00a0L\u2019Olimpia andr\u00e0 in campo venerd\u00ec alle 17:30 italiane nella prima di due semifinali, opposta alla stella Rossa di Belgrado. L\u2019altro scontro metter\u00e0 di fronte le ultime due vincitrici di EuroLeague ovvero Olympiacos Pireo, da considerare la squadra di casa, e il Fenerbahce Istanbul.<\/p>\n<p>La prima avversaria dell\u2019Olimpia \u00e8 una formazione che, dopo le operazioni di mercato, si presenta molto competitiva al via della nuova stagione. Oltre ad aver confermato gran parte del nucleo della scorsa annata, inclusi Jordan Nwora, Semi Ojeleye, Jared Butler e Chima Moneke, ha aggiunto veterani come il playmaker Chris Jones, il centro Johnhatan Motley, il tiratore David Kramer e l\u2019ex NBA, Patrick Baldwin, un altro centro, e Nick Weiler-Babb, uno dei migliori difensori d\u2019Europa. La partenza pi\u00f9 importante \u00e8 stata quella di Codi Miller-McIntyre, passato proprio all\u2019Olympiacos, a parte l\u2019improvviso ritiro di Nikola Kalinic.<\/p>\n<p>L\u2019Olimpia \u00e8 partita per l\u2019isola nella giornata di mercoled\u00ec e si \u00e8 allenata oggi sul campo di gioco. Stefano Tonut e Nicola Akele, partiti con il gruppo, si sono allenati con la squadra e vanno considerati potenzialmente disponibili. In serata, verranno raggiunti anche da Marko Guduri\u0107 e Darius Thompson. Domani arriver\u00e0 anche Leandro Bolmaro, dopo il viaggio transoceanico dal Canada, dove ha giocato con la nazionale Argentina. Non \u00e8 invece con la squadra Pippo Ricci, rimasto a Milano per curare un problema alla schiena accusato durante l\u2019ultimo impegno con la Nazionale. Guduric, Thompson e Bolmaro non verranno comunque utilizzati contro la Stella Rossa. Per questo motivo \u00e8 rimasto con il gruppo Vojislav Stojanovic.<\/p>\n<p>\u201cCon una squadra ricca di giocatori nuovi e il ritorno dei nazionali, in questo momento della stagione, il torneo di Creta, con un campo partecipanti super competitivo, ci far\u00e0 solo bene e ci permetter\u00e0 di capire a che punto siamo nella sviluppo della squadra\u201d, dice Devon Hall che domenica potrebbe gi\u00e0 incontrare la sua ex squadra, il Fenerbahce. Cos\u00ec come Alec Peters potrebbe incontrare l\u2019Olympiacos.<\/p>\n<p>Fonte: Olimpia Milano<\/p>\n<p>Fonte foto: Olimpia Milano<\/p>\n","protected":false},"excerpt":{"rendered":"Primo vero banco di prova della preseason per l\u2019Olimpia Milano, attesa a Creta da un torneo di altissimo&hellip;\n","protected":false},"author":3,"featured_media":663133,"comment_status":"","ping_status":"","sticky":false,"template":"","format":"standard","meta":{"footnotes":"","_share_on_mastodon":"0"},"categories":[1453],"tags":[1756,1757,232661,72987,4159,1537,90,89,228531,5874,26499,55069,245,244,295260,46987,365533],"class_list":["post-663132","post","type-post","status-publish","format-standard","has-post-thumbnail","category-basket","tag-basket","tag-basketball","tag-devon-hall","tag-ea7-milano","tag-euroleague","tag-it","tag-italia","tag-italy","tag-nicola-akele","tag-olimpia-milano","tag-peppe-poeta","tag-preseason","tag-sport","tag-sports","tag-stefano-tonut","tag-stella-rossa","tag-torneo-di-creta"],"share_on_mastodon":{"url":"https:\/\/pubeurope.com\/@it\/117208201693410168","error":""},"_links":{"self":[{"href":"https:\/\/www.europesays.com\/it\/wp-json\/wp\/v2\/posts\/663132","targetHints":{"allow":["GET"]}}],"collection":[{"href":"https:\/\/www.europesays.com\/it\/wp-json\/wp\/v2\/posts"}],"about":[{"href":"https:\/\/www.europesays.com\/it\/wp-json\/wp\/v2\/types\/post"}],"author":[{"embeddable":true,"href":"https:\/\/www.europesays.com\/it\/wp-json\/wp\/v2\/users\/3"}],"replies":[{"embeddable":true,"href":"https:\/\/www.europesays.com\/it\/wp-json\/wp\/v2\/comments?post=663132"}],"version-history":[{"count":0,"href":"https:\/\/www.europesays.com\/it\/wp-json\/wp\/v2\/posts\/663132\/revisions"}],"wp:featuredmedia":[{"embeddable":true,"href":"https:\/\/www.europesays.com\/it\/wp-json\/wp\/v2\/media\/663133"}],"wp:attachment":[{"href":"https:\/\/www.europesays.com\/it\/wp-json\/wp\/v2\/media?parent=663132"}],"wp:term":[{"taxonomy":"category","embeddable":true,"href":"https:\/\/www.europesays.com\/it\/wp-json\/wp\/v2\/categories?post=663132"},{"taxonomy":"post_tag","embeddable":true,"href":"https:\/\/www.europesays.com\/it\/wp-json\/wp\/v2\/tags?post=663132"}],"curies":[{"name":"wp","href":"https:\/\/api.w.org\/{rel}","templated":true}]}}