{"id":663134,"date":"2026-09-03T17:06:11","date_gmt":"2026-09-03T17:06:11","guid":{"rendered":"https:\/\/www.europesays.com\/it\/663134\/"},"modified":"2026-09-03T17:06:11","modified_gmt":"2026-09-03T17:06:11","slug":"milan-i-retroscena-sul-mercato-karetsas-mastantuono-leao-tomori","status":"publish","type":"post","link":"https:\/\/www.europesays.com\/it\/663134\/","title":{"rendered":"Milan, i retroscena sul mercato: Karetsas, Mastantuono, Leao, Tomori"},"content":{"rendered":"<p>                                Che cosa \u00e8 successo nella caccia al trequartista? Come mai \u00e8 stato reintegrato il difensore? Le risposte sugli ultimi mesi di rossonero<\/p>\n<p class=\"paragraph\" spellcheck=\"true\">Il Milan ha chiuso un mercato sorprendente (se a giugno pensavate a Hutchinson, avete colpi da sciamano). Un mercato unico per modalit\u00e0: mai un proprietario americano era stato cos\u00ec attivo nelle trattative. Proviamo ad andare dietro le quinte e a raccontare qualcosa che non si \u00e8 visto, a chiarire perch\u00e9 alcune decisioni sono state prese.<\/p>\n<p>        mastantuono e karetsas\u2014 \u00a0<\/p>\n<p class=\"paragraph\" spellcheck=\"true\">Perch\u00e9 il Milan non ha preso Mastantuono e Karetsas? Il club aveva una grande esigenza &#8211; un centravanti \u2013 e l\u2019ha risolta presto prendendo Gon\u00e7alo Ramos. A quel punto, l\u2019attenzione si \u00e8 spostata sulla trequarti, alla ricerca di un mancino creativo. Mastantuono \u00e8 stato un nome in lista e il Real Madrid non ha fatto opposizione: preferiva che Franco restasse in Europa. Il Milan per\u00f2 non voleva prendere un giocatore in prestito secco \u2013 le grandi non lo fanno quasi mai \u2013 mentre la Fiorentina ha chiuso con quella formula. Quanto a <a href=\"https:\/\/www.gazzetta.it\/Calcio\/Calciomercato\/Milan\/07-07-2026\/milan-c-e-karetsas-nel-mirino-per-la-trequarti-di-amorim.shtml?intcmp=hyperlink-articolo-gazit\" rel=\"nofollow noopener\" target=\"_blank\">Karetsas, il preferito della dirigenza<\/a>, le ricostruzioni portano a una indicazione: la scelta \u00e8 stata del giocatore. Il Milan gli ha fatto una proposta all\u2019altezza di quella del Borussia ma Dortmund per un giovane \u00e8 da anni la citt\u00e0 ideale per crescere. Non per l\u2019architettura \u2013 se non ci siete mai stati, non vi siete persi nulla\u2026 &#8211; ma per la strategia del club. Il Borussia ha portato a un\u2019altra dimensione Haaland, Bellingham, Sancho. Karetsas ha scelto di prendere la loro scia.<\/p>\n<p>        leao al galatasaray\u2014 \u00a0<\/p>\n<p class=\"paragraph\" spellcheck=\"true\">Perch\u00e9 Leao non \u00e8 andato all\u2019Aston Villa? Rafa Leao \u00e8 arrivato al giorno del giudizio con due proposte. Una del Galatasaray da 12 milioni netti a stagione, una dell\u2019Aston Villa da 7,5 milioni. Ha scelto la Turchia ma non \u00e8 stata solo una questione di soldi. Nei giorni clou del mercato, il tempismo conta molto e l\u2019Aston Villa, al momento di inviare l\u2019offerta definitiva a Milan e giocatore, ha preso tempo (e poco dopo ha preso Mbaye dal Psg). Con il Galatasaray impegnato anche in altre trattative, Leao si \u00e8 ricordato delle chiamate dell\u2019amico Osimhen, che lo voleva con lui a Istanbul, e <a href=\"https:\/\/www.gazzetta.it\/Calcio\/Calciomercato\/Milan\/28-08-2026\/milan-leao-galatasaray.shtml?intcmp=hyperlink-articolo-gazit\" rel=\"nofollow noopener\" target=\"_blank\">ha deciso che non avrebbe aspettato oltre<\/a>.<\/p>\n<p>        hutchinson\u2014 \u00a0<\/p>\n<p class=\"paragraph\" spellcheck=\"true\">Perch\u00e9 il trequartista \u00e8 stato Hutchinson? \u00c8 il nome pi\u00f9 sorprendente dell\u2019estate: un esterno mancino, inglese, senza legami con il calcio italiano. Il Milan, persi gli obiettivi principali, senza un giocatore che convincesse cos\u00ec tanto da fare una pazzia, lo ha scelto perch\u00e9 aveva buoni report su di lui: un giocatore tecnico, capace di creare uno contro uno, bravo sui piazzati, piccolo ma con ottimi dati atletici sugli sprint. Inoltre, Hutchinson aveva tutte le caratteristiche adatte al calcio di Amorim. Il punto ora \u00e8 capire chi giocher\u00e0 sulla trequarti. Il Milan considera Christian Pulisic il titolare della casella di sinistra (con Pioli invece partiva largo a destra) e per l\u2019altro posto tutto fa pensare che Adrien Rabiot si imporr\u00e0. Quanto a Loftus-Cheek, finora \u00e8 stato titolare ma pochi nel mondo-Milan lo aspettano titolare nelle prossime partite.<\/p>\n<p><a class=\"is-partner-link\" href=\"https:\/\/ad.doubleclick.net\/ddm\/trackclk\/N1792338.340088CAIRORCSMEDIAS.P.\/B28038690.452531709;dc_trk_aid=646241311;dc_trk_cid=173665161;dc_lat=;dc_rdid=;tag_for_child_directed_treatment=;tfua=;gdpr=%24%7BGDPR%7D;gdpr_consent=%24%7BGDPR_CONSENT_755%7D;ltd=;dc_tdv=1\" rel=\"nofollow noopener\" target=\"_blank\">Guarda tutte le partite di Serie A Enilive in esclusiva nei locali Sky! Trova il locale pi\u00f9 vicino a te.<\/a><\/p>\n<p>        tomori reintegrato\u2014 \u00a0<\/p>\n<p class=\"paragraph\" spellcheck=\"true\">Perch\u00e9 Tomori \u00e8 stato reintegrato? Il Milan a Ferragosto ha comunicato a Fofana, Tomori e Gimenez che erano fuori dal progetto. Detto in modo poco carino, \u201ctrovatevi una squadra\u201d. Gimenez \u00e8 andato al Porto in prestito con obbligo di riscatto condizionato e Fofana in extremis si \u00e8 accordato col Siviglia, mentre Tomori \u00e8 rientrato nel gruppo. Eppure marted\u00ec, l\u2019ultimo giorno di mercato, era a Londra a trattare con il Fulham. Che \u00e8 successo? Matteo Gabbia si \u00e8 fermato (non star\u00e0 fuori a lungo ma \u00e8 un primo infortunio in difesa) e Amorim ha ritenuto che Tomori potesse essere ancora utile. Quanto a Fik, a Milano \u00e8 sempre rimasto volentieri, al punto da rifiutare Tottenham e Juventus un anno e mezzo fa. E allora, ripartir\u00e0 da alternativa: non sar\u00e0 titolare ma avr\u00e0 minuti.<\/p>\n<p class=\"is-copyright\">\u00a9 RIPRODUZIONE RISERVATA<\/p>\n","protected":false},"excerpt":{"rendered":"Che cosa \u00e8 successo nella caccia al trequartista? Come mai \u00e8 stato reintegrato il difensore? Le risposte sugli&hellip;\n","protected":false},"author":3,"featured_media":663135,"comment_status":"","ping_status":"","sticky":false,"template":"","format":"standard","meta":{"footnotes":"","_share_on_mastodon":"0"},"categories":[1452],"tags":[50020,2940,2941,12771,18792,721,2206,554,21096,1740,2246,25117,564,142127,1537,90,89,316054,8007,29242,78278,365534,1412,553,1693,69234,8004,8559,6840,494,199897,1702,1739,21878,245,244,1886,26462,36020,365535,3747,51890,29740,530,2937,13027],"class_list":["post-663134","post","type-post","status-publish","format-standard","has-post-thumbnail","category-calcio","tag-amorim","tag-andato","tag-aston","tag-aston-villa","tag-borussia","tag-calcio","tag-chiuso","tag-club","tag-fofana","tag-football","tag-galatasaray","tag-gimenez","tag-giocatore","tag-hutchinson","tag-it","tag-italia","tag-italy","tag-karetsas","tag-leao","tag-mancino","tag-mastantuono","tag-mastantuono-karetsas","tag-mercato","tag-milan","tag-nome","tag-persi","tag-prendere","tag-preso","tag-prestito","tag-punto","tag-reintegrato","tag-scelto","tag-soccer","tag-sorprendente","tag-sport","tag-sports","tag-successo","tag-titolare","tag-tomori","tag-tomori-reintegrato","tag-trattative","tag-trequarti","tag-trequartista","tag-turchia","tag-villa","tag-voleva"],"share_on_mastodon":{"url":"","error":"Validation failed: Text character limit of 500 exceeded"},"_links":{"self":[{"href":"https:\/\/www.europesays.com\/it\/wp-json\/wp\/v2\/posts\/663134","targetHints":{"allow":["GET"]}}],"collection":[{"href":"https:\/\/www.europesays.com\/it\/wp-json\/wp\/v2\/posts"}],"about":[{"href":"https:\/\/www.europesays.com\/it\/wp-json\/wp\/v2\/types\/post"}],"author":[{"embeddable":true,"href":"https:\/\/www.europesays.com\/it\/wp-json\/wp\/v2\/users\/3"}],"replies":[{"embeddable":true,"href":"https:\/\/www.europesays.com\/it\/wp-json\/wp\/v2\/comments?post=663134"}],"version-history":[{"count":0,"href":"https:\/\/www.europesays.com\/it\/wp-json\/wp\/v2\/posts\/663134\/revisions"}],"wp:featuredmedia":[{"embeddable":true,"href":"https:\/\/www.europesays.com\/it\/wp-json\/wp\/v2\/media\/663135"}],"wp:attachment":[{"href":"https:\/\/www.europesays.com\/it\/wp-json\/wp\/v2\/media?parent=663134"}],"wp:term":[{"taxonomy":"category","embeddable":true,"href":"https:\/\/www.europesays.com\/it\/wp-json\/wp\/v2\/categories?post=663134"},{"taxonomy":"post_tag","embeddable":true,"href":"https:\/\/www.europesays.com\/it\/wp-json\/wp\/v2\/tags?post=663134"}],"curies":[{"name":"wp","href":"https:\/\/api.w.org\/{rel}","templated":true}]}}