{"id":663166,"date":"2026-09-03T17:32:20","date_gmt":"2026-09-03T17:32:20","guid":{"rendered":"https:\/\/www.europesays.com\/it\/663166\/"},"modified":"2026-09-03T17:32:20","modified_gmt":"2026-09-03T17:32:20","slug":"bolmaro-di-nuovo-con-largentina-a-novembre-allarme-in-casa-olimpia","status":"publish","type":"post","link":"https:\/\/www.europesays.com\/it\/663166\/","title":{"rendered":"Bolmaro di nuovo con l&#8217;Argentina a Novembre? Allarme in casa Olimpia"},"content":{"rendered":"<p><a href=\"https:\/\/backdoorpodcast.com\/bolmaro-argentina-qualificazioni-mondiale-2027\/\" rel=\"nofollow noopener\" target=\"_blank\"><strong>Leandro Bolmaro<\/strong><\/a> \u00e8 stabilmente nei piani della nazionale argentina per la finestra di novembre delle qualificazioni al Mondiale 2027. Il tema, per\u00f2, \u00e8 tutt\u2019altro che semplice: secondo quanto riportato da Basquet Plus, il commissario tecnico Pablo Prigioni si trova davanti a un vero e proprio rebus nella costruzione della lista, con il calendario FIBA che si intreccia agli impegni di Eurolega in modo non sempre favorevole.<\/p>\n<p>La prima gara resta un ostacolo<\/p>\n<p>Il debutto della finestra, fissato per il <strong>26 novembre contro le Bahamas a Mar del Plata<\/strong>, si preannuncia complicato per i giocatori impegnati in Eurolega. L\u2019Olimpia Milano scender\u00e0 in campo il 24 novembre, lasciando pochissimo spazio per viaggi, recupero e inserimento nel gruppo. Stessa situazione per Facundo Campazzo e Gabriel Deck del Real Madrid, Luca Vildoza del Partizan e Gonzalo Corbalan del Valencia: la loro presenza nel match d\u2019esordio viene definita da Basquet Plus <strong>\u00abestremamente complessa\u00bb<\/strong>.<\/p>\n<p>Il 29 novembre contro il Canada: lo scenario cambia<\/p>\n<p>La seconda partita della finestra racconta una storia diversa. Il <strong>29 novembre l\u2019Argentina ospiter\u00e0 il Canada<\/strong>, la sfida pi\u00f9 importante del blocco, e il calendario di Eurolega in quel frangente offre una finestra pi\u00f9 ampia: Real Madrid, Milano e Valencia non torneranno in campo prima del 3 dicembre, mentre il Partizan giocher\u00e0 il 4 a Bologna. Questo margine aggiuntivo aumenta in modo concreto le possibilit\u00e0 che Prigioni possa contare su una rosa pi\u00f9 completa proprio nella gara che potrebbe valere la qualificazione.<\/p>\n<p>Per Bolmaro, dunque, lo scenario pi\u00f9 realistico \u00e8 quello della seconda uscita. L\u2019Argentina lo vuole, e la geometria del calendario potrebbe permettere al giocatore dell\u2019<strong>Olimpia Milano<\/strong> di essere in campo in un appuntamento che ha tutto il sapore di uno spartiacque.<\/p>\n<p>\u00a0<\/p>\n","protected":false},"excerpt":{"rendered":"Leandro Bolmaro \u00e8 stabilmente nei piani della nazionale argentina per la finestra di novembre delle qualificazioni al Mondiale&hellip;\n","protected":false},"author":3,"featured_media":663167,"comment_status":"","ping_status":"","sticky":false,"template":"","format":"standard","meta":{"footnotes":"","_share_on_mastodon":"0"},"categories":[1453],"tags":[1756,1757,1537,90,89,245,244],"class_list":["post-663166","post","type-post","status-publish","format-standard","has-post-thumbnail","category-basket","tag-basket","tag-basketball","tag-it","tag-italia","tag-italy","tag-sport","tag-sports"],"share_on_mastodon":{"url":"https:\/\/pubeurope.com\/@it\/117208307834746263","error":""},"_links":{"self":[{"href":"https:\/\/www.europesays.com\/it\/wp-json\/wp\/v2\/posts\/663166","targetHints":{"allow":["GET"]}}],"collection":[{"href":"https:\/\/www.europesays.com\/it\/wp-json\/wp\/v2\/posts"}],"about":[{"href":"https:\/\/www.europesays.com\/it\/wp-json\/wp\/v2\/types\/post"}],"author":[{"embeddable":true,"href":"https:\/\/www.europesays.com\/it\/wp-json\/wp\/v2\/users\/3"}],"replies":[{"embeddable":true,"href":"https:\/\/www.europesays.com\/it\/wp-json\/wp\/v2\/comments?post=663166"}],"version-history":[{"count":0,"href":"https:\/\/www.europesays.com\/it\/wp-json\/wp\/v2\/posts\/663166\/revisions"}],"wp:featuredmedia":[{"embeddable":true,"href":"https:\/\/www.europesays.com\/it\/wp-json\/wp\/v2\/media\/663167"}],"wp:attachment":[{"href":"https:\/\/www.europesays.com\/it\/wp-json\/wp\/v2\/media?parent=663166"}],"wp:term":[{"taxonomy":"category","embeddable":true,"href":"https:\/\/www.europesays.com\/it\/wp-json\/wp\/v2\/categories?post=663166"},{"taxonomy":"post_tag","embeddable":true,"href":"https:\/\/www.europesays.com\/it\/wp-json\/wp\/v2\/tags?post=663166"}],"curies":[{"name":"wp","href":"https:\/\/api.w.org\/{rel}","templated":true}]}}