{"id":663168,"date":"2026-09-03T17:33:17","date_gmt":"2026-09-03T17:33:17","guid":{"rendered":"https:\/\/www.europesays.com\/it\/663168\/"},"modified":"2026-09-03T17:33:17","modified_gmt":"2026-09-03T17:33:17","slug":"sottovalutati-nelle-aste-del-fantacalcio-5-nomi-in-attacco","status":"publish","type":"post","link":"https:\/\/www.europesays.com\/it\/663168\/","title":{"rendered":"Sottovalutati nelle aste del fantacalcio: 5 nomi in attacco"},"content":{"rendered":"<p class=\"font-bold md:hidden text-ink leading-[22px]\">\n            1 di 6\n        <\/p>\n<p>                    <a href=\"https:\/\/www.sosfanta.com\/news\/sottovalutati-fantacalcio-attacco-asta\/2\/\" class=\"flex justify-center items-center w-12 h-12 rounded-full cursor-pointer md:px-4 md:w-auto md:h-12 bg-primary-light md:gap-[11px] hover:bg-primary\" aria-label=\"Scheda successiva\" rel=\"nofollow noopener\" target=\"_blank\"><\/p>\n<p>                   Prossima scheda 1 di 6<\/p>\n<p>            <\/a><\/p>\n<p>        SE. ESPOSITO<\/p>\n<p>\nFra gli attaccanti che non sembrano godere di troppo appeal nelle aste del fantacalcio c&#8217;\u00e8 sicuramente <strong>Sebastiano<\/strong> <strong>Esposito<\/strong>, il cui prezzo medio nelle aste a 10 giocatori (con modificatore) \u00e8 del 3%, <strong>ovvero 15 crediti su 500<\/strong>. L&#8217;addio al <strong>Cagliari<\/strong> \u00e8 stato burrascoso e la firma con il <strong>Sassuolo<\/strong> \u00e8 arrivata tardi, infatti deve ancora fare l&#8217;esordio in neroverde. Questo forse influisce sul prezzo che potreste pagarlo. La concorrenza di <strong>Bowie<\/strong> per\u00f2 non spaventa troppo: pu\u00f2 essere lui il titolare di Aquilani (all&#8217;occorrenza anche da esterno) e, in assenza di Berardi, potrebbe anche calciare qualche rigore. <strong>L&#8217;anno scorso numeri di tutto rispetto: 7 gol e 4 assist<\/strong>, in pi\u00f9 ora giocher\u00e0 con compagni di reparto pi\u00f9 forti (Laurient\u00e9 e, appunto, Berardi).\n<\/p>\n<p>        <img src=\"https:\/\/www.europesays.com\/it\/wp-content\/uploads\/2026\/09\/GettyImages-2292680122-744f23ac60de-e1788431830999-480x270.jpeg\"   width=\"715\" height=\"402\" alt=\"US Sassuolo v Torino FC - Serie A 2026\/27\" title=\"US Sassuolo v Torino FC - Serie A 2026\/27\" loading=\"eager\" fetchpriority=\"high\" decoding=\"sync\" class=\"w-full h-auto aspect-3\/2 object-cover object-top rounded-lg\"\/><\/p>\n<p class=\"font-bold md:hidden text-ink leading-[22px]\">\n            1 di 6\n        <\/p>\n<p>                    <a href=\"https:\/\/www.sosfanta.com\/news\/sottovalutati-fantacalcio-attacco-asta\/2\/\" class=\"flex justify-center items-center w-12 h-12 rounded-full cursor-pointer md:px-4 md:w-auto md:h-12 bg-primary-light md:gap-[11px] hover:bg-primary\" aria-label=\"Scheda successiva\" rel=\"nofollow noopener\" target=\"_blank\"><\/p>\n<p>                   Prossima scheda 1 di 6<\/p>\n<p>            <\/a><\/p>\n","protected":false},"excerpt":{"rendered":"1 di 6 Prossima scheda 1 di 6 SE. ESPOSITO Fra gli attaccanti che non sembrano godere di&hellip;\n","protected":false},"author":3,"featured_media":663169,"comment_status":"","ping_status":"","sticky":false,"template":"","format":"standard","meta":{"footnotes":"","_share_on_mastodon":"0"},"categories":[1452],"tags":[167992,8235,14819,365558,3250,765,7545,365559,6300,721,678,4297,5006,30588,7438,5011,7171,1533,720,57251,1740,1837,27658,1976,27673,299522,1537,90,89,565,11505,44235,6410,365560,53714,2381,7875,365557,365561,4734,1739,245,244,577,26462],"class_list":["post-663168","post","type-post","status-publish","format-standard","has-post-thumbnail","category-calcio","tag-appeal","tag-assist","tag-aste","tag-aste-fantacalcio","tag-attaccanti","tag-attacco","tag-berardi","tag-berardi-gzn_page_title","tag-cagliari","tag-calcio","tag-concorrenza","tag-coppa","tag-coppa-italia","tag-crediti","tag-doppietta","tag-douvikas","tag-esposito","tag-estate","tag-fantacalcio","tag-fantalab","tag-football","tag-gare","tag-giocate","tag-gol","tag-gol-assist","tag-gzn_page_title","tag-it","tag-italia","tag-italy","tag-juve","tag-kean","tag-kvernadze","tag-medio","tag-medio-aste","tag-mendy","tag-nomi","tag-pma","tag-pma-fantalab","tag-potreste","tag-prezzo","tag-soccer","tag-sport","tag-sports","tag-stagione","tag-titolare"],"share_on_mastodon":{"url":"","error":"Validation failed: Text character limit of 500 exceeded"},"_links":{"self":[{"href":"https:\/\/www.europesays.com\/it\/wp-json\/wp\/v2\/posts\/663168","targetHints":{"allow":["GET"]}}],"collection":[{"href":"https:\/\/www.europesays.com\/it\/wp-json\/wp\/v2\/posts"}],"about":[{"href":"https:\/\/www.europesays.com\/it\/wp-json\/wp\/v2\/types\/post"}],"author":[{"embeddable":true,"href":"https:\/\/www.europesays.com\/it\/wp-json\/wp\/v2\/users\/3"}],"replies":[{"embeddable":true,"href":"https:\/\/www.europesays.com\/it\/wp-json\/wp\/v2\/comments?post=663168"}],"version-history":[{"count":0,"href":"https:\/\/www.europesays.com\/it\/wp-json\/wp\/v2\/posts\/663168\/revisions"}],"wp:featuredmedia":[{"embeddable":true,"href":"https:\/\/www.europesays.com\/it\/wp-json\/wp\/v2\/media\/663169"}],"wp:attachment":[{"href":"https:\/\/www.europesays.com\/it\/wp-json\/wp\/v2\/media?parent=663168"}],"wp:term":[{"taxonomy":"category","embeddable":true,"href":"https:\/\/www.europesays.com\/it\/wp-json\/wp\/v2\/categories?post=663168"},{"taxonomy":"post_tag","embeddable":true,"href":"https:\/\/www.europesays.com\/it\/wp-json\/wp\/v2\/tags?post=663168"}],"curies":[{"name":"wp","href":"https:\/\/api.w.org\/{rel}","templated":true}]}}