{"id":663180,"date":"2026-09-03T17:40:13","date_gmt":"2026-09-03T17:40:13","guid":{"rendered":"https:\/\/www.europesays.com\/it\/663180\/"},"modified":"2026-09-03T17:40:13","modified_gmt":"2026-09-03T17:40:13","slug":"paleari-messo-alla-porta-da-primo-a-terzo-il-rischio-della-scelta","status":"publish","type":"post","link":"https:\/\/www.europesays.com\/it\/663180\/","title":{"rendered":"Paleari messo alla porta: da primo a terzo. Il rischio della scelta"},"content":{"rendered":"<p>\nDalla panchina alla porta, dalla porta alla porta. <strong>L&#8217;avventura di Alberto Paleari al Torino sta per volgere al termine<\/strong> <a style=\"color: #800000;\" href=\"https:\/\/www.toronews.net\/calcio-mercato\/calciomercato-paleari-lascia-il-torino-va-al-larnaca\/\" target=\"_blank\" rel=\"noopener nofollow\">proprio in queste ore<\/a>, con il passaggio all&#8217;<strong data-start=\"167\" data-end=\"182\">Aek Larnaca<\/strong>, a Cipro. Si chiude cos\u00ec un&#8217;avventura durata due anni e andata ben oltre le aspettative iniziali, soprattutto considerando che il classe &#8217;92 era arrivato sotto la Mole come semplice gregario. A 33 anni, compiuti 34 lo scorso 29 agosto, Paleari ha vissuto quella che \u00e8 stata probabilmente <strong data-start=\"471\" data-end=\"520\">la stagione pi\u00f9 importante della sua carriera<\/strong>, diventando molto pi\u00f9 di un secondo portiere. In campo, infatti, la sua esperienza granata \u00e8 stata una vera e propria montagna russa, con tanti alti e qualche inevitabile basso. Ma \u00e8 soprattutto nello spogliatoio che Paleari ha lasciato il segno, diventando un <strong data-start=\"783\" data-end=\"848\">uomo-simbolo della salvezza conquistata nella scorsa stagione<\/strong> e uno dei giocatori pi\u00f9 apprezzati dall&#8217;ambiente.\n<\/p>\n<p>        <img src=\"https:\/\/www.europesays.com\/it\/wp-content\/uploads\/2026\/09\/GettyImages-2287078668_risultato-34bbfd9c6045-1200x800.jpg\"   width=\"2560\" height=\"1707\" alt=\"alberto paleari toro\" title=\"Torino FC Training Camp\" loading=\"eager\" fetchpriority=\"high\" decoding=\"sync\" class=\"w-full h-auto aspect-3\/2 object-cover object-top rounded-lg\"\/><\/p>\n<p>\nPoi, in estate, le scelte del club hanno cambiato tutto: prima la decisione di puntare sul giovane Diego Mascardi, poi l&#8217;arrivo di Lucas Perri. Di fatto, per Paleari non c&#8217;era pi\u00f9 spazio e il Torino lo ha accompagnato verso l&#8217;uscita, costringendolo a cercare una nuova avventura.  Non verr\u00e0 probabilmente ricordato come uno dei migliori portieri della storia recente del Toro, ma il giudizio non pu\u00f2 essere soltanto tecnico. Paleari ha saputo conquistarsi qualcosa di molto pi\u00f9 difficile: l&#8217;affetto della gente. \u00c8 arrivato da gregario e se ne va da protagonista, dopo aver vissuto da vicino una delle stagioni pi\u00f9 delicate della storia recente granata. <strong data-start=\"1556\" data-end=\"1696\" data-is-last-node=\"\">Dalla panchina alla porta, dalla porta alla porta: il suo viaggio al Torino finisce cos\u00ec, ma difficilmente verr\u00e0 dimenticato dai tifosi.<\/strong>\n<\/p>\n<p>\n<a style=\"color: #800000;\" href=\"https:\/\/www.google.com\/preferences\/source?q=toronews.net\" rel=\"nofollow noopener\" target=\"_blank\"><strong>Clicca qui per aggiungere Toro News alle tue fonti preferite<\/strong><\/a>\n<\/p>\n<p>            Prima vice-Israel poi numero uno<\/p>\n<p class=\"PDq2pG_selectionAnchorContainer\" data-start=\"38\" data-end=\"725\">Paleari arriva al Toro nell&#8217;estate 2024 come vice Milinkovic-Savic, dopo due stagioni in Serie B e una in C con il Benevento. La prima annata \u00e8 quella del classico secondo portiere, vissuta alle spalle del serbo e chiusa con una sola presenza, nella sconfitta per 3-2 contro la Lazio del 19 settembre. Il terremoto arriva l&#8217;estate successiva, quando Milinkovic-Savic lascia il Torino per il Napoli e l&#8217;allora ds Vagnati individua in Franco Israel dello Sporting Lisbona il suo sostituto. L&#8217;inizio dell&#8217;uruguaiano, per\u00f2, \u00e8 tutt&#8217;altro che semplice: il 5-0 subito a San Siro contro l&#8217;Inter alla prima giornata e poi un infortunio dopo appena sette partite spalancano le porte a Paleari.<\/p>\n<p class=\"PDq2pG_selectionAnchorContainer\" data-start=\"38\" data-end=\"725\">Per il classe &#8217;92 \u00e8 l&#8217;occasione della vita e lui la sfrutta nel migliore dei modi. <strong data-start=\"810\" data-end=\"853\">Cinque giornate consecutive da titolare<\/strong>, senza mai sfigurare e anzi diventando protagonista nel derby contro la Juventus, terminato 0-0: in quella partita Paleari \u00e8 il migliore in campo, con diversi interventi decisivi a sbarrare la porta ai bianconeri. Israel torna a disposizione e riprende per due partite il posto da titolare, ma a met\u00e0 dicembre arriva la scelta definitiva: <strong data-start=\"1193\" data-end=\"1232\">Paleari si prende la porta del Toro<\/strong> e non la lascia pi\u00f9 fino alla fine del campionato. Da semplice vice a titolare, dunque, nel giro di pochi mesi. Paleari diventa uno dei volti della rincorsa alla salvezza e soprattutto <strong data-start=\"1419\" data-end=\"1526\">il simbolo di una squadra che a un certo punto della stagione aveva iniziato a rischiare davvero grosso<\/strong>. Il suo rendimento e la sua personalit\u00e0 gli permettono di conquistare la fiducia dell&#8217;ambiente, trasformando quella che sembrava una soluzione d&#8217;emergenza nella scelta pi\u00f9 affidabile tra i pali. Una parabola che rende ancora pi\u00f9 particolare il suo addio al Torino: arrivato per fare il secondo, se ne va dopo aver conquistato la porta e soprattutto l&#8217;affetto dei tifosi, con cui \u00e8 sempre stato disponibile per una foto o un autografo.<\/p>\n<p>            Cosa perde il Toro con la partenza di Paleari?<\/p>\n<p class=\"PDq2pG_selectionAnchorContainer\" data-start=\"24\" data-end=\"790\">&#8220;Paleari, un ragazzo a cui rinnoveremo il contratto e far\u00e0 da chioccia per chi arriver\u00e0&#8221;. Cos\u00ec parlava Gianluca Petrachi di Paleari alla presentazione di Abate. Parole che oggi assumono un peso particolare, perch\u00e9 con l&#8217;arrivo di Mascardi a inizio ritiro sembravano avere perfettamente senso: un giovane portiere alla prima esperienza in Serie A affiancato da un uomo d&#8217;esperienza, capace di accompagnarlo nella crescita. Non a caso i due si sono alternati durante le amichevoli estive. Poi, per\u00f2, il mercato ha cambiato tutto. L&#8217;operazione per <strong data-start=\"571\" data-end=\"603\">Lucas Perri dal Leeds United<\/strong>, gi\u00e0 ben avviata a inizio agosto, si \u00e8 concretizzata proprio sul finire della sessione e in un&#8217;estate Paleari \u00e8 passato dall&#8217;essere il primo portiere inatteso a diventare il terzo.<\/p>\n<p data-start=\"792\" data-end=\"1585\">Per Paleari sarebbe stato probabilmente ingeneroso accettare quel ruolo dopo la stagione disputata in Serie A. Anche perch\u00e9 il Toro aveva e ha a disposizione <strong data-start=\"950\" data-end=\"966\">Lapo Siviero<\/strong> e, ironia della sorte, anche l&#8217;ancora infortunato Israel. La scelta di puntare su un portiere di caratura internazionale come Perri \u00e8 legittima e comprensibile, cos\u00ec come lo era l&#8217;idea di chi riteneva sufficiente il duo <strong data-start=\"1187\" data-end=\"1207\">Mascardi-Paleari<\/strong>. Il punto, per\u00f2, \u00e8 un altro: con Paleari <strong>il Torino non perde soltanto un portiere, ma soprattutto<\/strong> <strong data-start=\"1306\" data-end=\"1335\">un uomo dello spogliatoio<\/strong>, uno di quei giocatori capaci di trasmettere sicurezza e tenere unito il gruppo nei momenti pi\u00f9 complicati. E in una squadra giovane e profondamente rinnovata come quella di Abate, una figura del genere avrebbe potuto avere un peso non indifferente.<\/p>\n<p data-start=\"1587\" data-end=\"2062\" data-is-last-node=\"\" data-is-only-node=\"\">Il calcio, per\u00f2, \u00e8 fatto anche di cicli che finiscono. E certe storie vanno vissute, concluse e soprattutto ricordate per quello che hanno rappresentato. Paleari lascia il Torino dopo essere arrivato da semplice vice e aver conquistato, quasi inaspettatamente, la porta e l&#8217;affetto dei tifosi. <strong data-start=\"1881\" data-end=\"1988\">Non sar\u00e0 ricordato soltanto per le parate, ma per il modo in cui \u00e8 riuscito a diventare parte del Toro.<\/strong> E forse \u00e8 proprio questo ci\u00f2 che il club rischia di perdere pi\u00f9 di tutto.<\/p>\n","protected":false},"excerpt":{"rendered":"Dalla panchina alla porta, dalla porta alla porta. L&#8217;avventura di Alberto Paleari al Torino sta per volgere al&hellip;\n","protected":false},"author":3,"featured_media":663181,"comment_status":"","ping_status":"","sticky":false,"template":"","format":"standard","meta":{"footnotes":"","_share_on_mastodon":"0"},"categories":[176],"tags":[63862,12288,133451,2699,4924,2478,3077,1262,4641,391,2295,921,3155,554,3344,6258,29744,4876,1533,3412,229,5197,365563,365564,48116,17183,365565,1302,5195,1537,90,89,2735,31277,8332,338107,302208,2051,5518,5519,21065,242721,98,162973,2855,1360,14493,1821,337,245,244,577,4960,6035,26462,1641,5517,17530],"class_list":["post-663180","post","type-post","status-publish","format-standard","has-post-thumbnail","category-sport","tag-abate","tag-affetto","tag-affetto-tifosi","tag-agosto","tag-ambiente","tag-arriva","tag-arrivato","tag-arrivo","tag-avventura","tag-ben","tag-cambiato","tag-campo","tag-classe","tag-club","tag-conquistato","tag-disposizione","tag-diventando","tag-esperienza","tag-estate","tag-giocatori","tag-giovane","tag-granata","tag-granata-panchina","tag-granata-panchina-porta","tag-gregario","tag-inatteso","tag-inatteso-terzo","tag-inizio","tag-israel","tag-it","tag-italia","tag-italy","tag-lascia","tag-lascia-torino","tag-lucas","tag-lucas-perri","tag-mascardi","tag-migliore","tag-milinkovic","tag-milinkovic-savic","tag-paleari","tag-perri","tag-porta","tag-porta-porta","tag-portiere","tag-scelta","tag-semplice","tag-serie","tag-soprattutto","tag-sport","tag-sports","tag-stagione","tag-terzo","tag-tifosi","tag-titolare","tag-torino","tag-toro","tag-vice"],"share_on_mastodon":{"url":"","error":"Validation failed: Text character limit of 500 exceeded"},"_links":{"self":[{"href":"https:\/\/www.europesays.com\/it\/wp-json\/wp\/v2\/posts\/663180","targetHints":{"allow":["GET"]}}],"collection":[{"href":"https:\/\/www.europesays.com\/it\/wp-json\/wp\/v2\/posts"}],"about":[{"href":"https:\/\/www.europesays.com\/it\/wp-json\/wp\/v2\/types\/post"}],"author":[{"embeddable":true,"href":"https:\/\/www.europesays.com\/it\/wp-json\/wp\/v2\/users\/3"}],"replies":[{"embeddable":true,"href":"https:\/\/www.europesays.com\/it\/wp-json\/wp\/v2\/comments?post=663180"}],"version-history":[{"count":0,"href":"https:\/\/www.europesays.com\/it\/wp-json\/wp\/v2\/posts\/663180\/revisions"}],"wp:featuredmedia":[{"embeddable":true,"href":"https:\/\/www.europesays.com\/it\/wp-json\/wp\/v2\/media\/663181"}],"wp:attachment":[{"href":"https:\/\/www.europesays.com\/it\/wp-json\/wp\/v2\/media?parent=663180"}],"wp:term":[{"taxonomy":"category","embeddable":true,"href":"https:\/\/www.europesays.com\/it\/wp-json\/wp\/v2\/categories?post=663180"},{"taxonomy":"post_tag","embeddable":true,"href":"https:\/\/www.europesays.com\/it\/wp-json\/wp\/v2\/tags?post=663180"}],"curies":[{"name":"wp","href":"https:\/\/api.w.org\/{rel}","templated":true}]}}