{"id":663247,"date":"2026-09-03T18:34:22","date_gmt":"2026-09-03T18:34:22","guid":{"rendered":"https:\/\/www.europesays.com\/it\/663247\/"},"modified":"2026-09-03T18:34:22","modified_gmt":"2026-09-03T18:34:22","slug":"marc-marquez-mostra-unimmagine-shock-del-suo-braccio-destro","status":"publish","type":"post","link":"https:\/\/www.europesays.com\/it\/663247\/","title":{"rendered":"Marc Marquez mostra un&#8217;immagine shock del suo braccio destro"},"content":{"rendered":"<p><a href=\"https:\/\/it.motorsport.com\/driver\/marc-marquez\/159980\/\" target=\"_blank\" rel=\"noopener nofollow\">Marc Marquez<\/a> ha mostrato un&#8217;immagine sconvolgente di come stia realmente il suo braccio destro, pubblicando alcune foto personali della sua visita ad <a href=\"https:\/\/it.motorsport.com\/location\/motorland-aragon\/2595\/\" data-custom-text=\"1\" rel=\"nofollow noopener\" target=\"_blank\">Aragon<\/a>, dove \u00e8 risultato vittorioso, come \u00e8 solito fare sulla pista di Teruel.<\/p>\n<p>Il campione del mondo in carica ha ottenuto nel Gran Premio di Aragon la sua ottava vittoria nella categoria regina, mantenendo la pista spagnola come uno dei suoi grandi feudi, per restare imbattuto da quando \u00e8 pilota Ducati. Allo spagnolo \u00e8 sfuggita la pole, che gli ha sottratto\u00a0<a href=\"https:\/\/it.motorsport.com\/driver\/marco-bezzecchi\/177443\/\" target=\"_blank\" rel=\"noopener nofollow\">Marco Bezzecchi<\/a> con uno straordinario record della pista, ma non ha sbagliato nella Sprint, superando il pilota dell&#8217;Aprilia alla prima curva, n\u00e9 nella gara lunga, infilandolo con una spettacolare manovra sul rettilineo opposto, a pi\u00f9 di 300 chilometri orari.<\/p>\n<p>Tuttavia, il #93 non ha vinto con il margine di altri anni ad Aragon. <a href=\"https:\/\/it.motorsport.com\/driver\/pedro-acosta\/458181\/\" target=\"_blank\" rel=\"noopener nofollow\">Pedro Acosta<\/a> \u00e8 rimasto incollato alla sua ruota per buona parte della gara, e sebbene Marquez si sia concesso il lusso di tenersi qualcosa nel taschino per staccarlo negli ultimi giri, ha tagliato il traguardo con un vantaggio di 1&#8243;7 secondi sullo &#8220;Squalo di Mazarron&#8221;.<\/p>\n<p>Non \u00e8 un segreto che Marquez continui a trascinarsi dietro le conseguenze del suo infortunio al braccio destro, che si \u00e8 lesionato nel GP d&#8217;Indonesia del 2025, subito dopo essersi assicurato la sua settima corona nella categoria regina. Il pilota di Cervera continua a cercare quello che lui chiama il suo &#8220;nuovo 100 per 100&#8221;, e sulla base di questa filosofia, si vede costretto a dividere i Gran Premi tra quelli in cui attaccare e quelli in cui non gli resta che difendersi.<\/p>\n<p>Per esempio, a Silverstone, il catalano ha potuto essere soltanto nono il sabato e settimo la domenica, e nell&#8217;Inside di Ducati lo si \u00e8 visto dire che &#8220;non aveva controllo&#8221; sul suo braccio destro. Un commento che non voleva venisse alla luce, come ha spiegato gioved\u00ec ad Aragon. MotorLand, per\u00f2, era una pista in cui andare all-in, ed \u00e8 uscito con i 37 punti in palio. Ma il braccio del pluricampione resta malconcio, come ha mostrato lui stesso dopo la visita a Teruel.<\/p>\n<p>\u00a0<\/p>\n<p>Il maggiore dei Marquez Alent\u00e0 ha pubblicato sul suo account Instagram una serie di foto personali delle ultime settimane e anche del Gran Premio di Aragon, nelle quali lo si vede festeggiare con suo fratello Alex, con la sua compagna, Gemma Pinto, o allenarsi, in bicicletta e in palestra.<\/p>\n<p>\u00c8 proprio in quest&#8217;ultima circostanza, nella terza foto del carosello che ha pubblicato (che potete vedere qui sopra), che si vede lo stato del suo braccio destro.\u00a0Si pu\u00f2 osservare come sia praticamente infossato nella zona della spalla, e le notevoli differenze con il suo braccio sano, il sinistro.<\/p>\n<p>L&#8217;immagine ha attirato fortemente l&#8217;attenzione, per quanto non sia una sorpresa lo stato in cui si trova Marc. Infatti,\u00a0nel suo entourage non hanno problemi ad ammettere quanto sia complicata la sua situazione, e il merito di ci\u00f2 che sta ottenendo, essendosi riportato a soli 19 punti dalla vetta nella lotta per il Mondiale.<\/p>\n<p>Domenica, dopo la gara di Moto3, al suo protetto, M\u00e1ximo Quiles, che segue tramite la sua azienda Vertical Management, hanno chiesto se si fosse reso conto che stava vincendo come Marc Marquez, con &#8220;un braccio e mezzo&#8221; (viene da una frattura alla clavicola). Il murciano di 18 anni, che aveva appena vinto la sua gara, ha risposto: &#8220;Non \u00e8 paragonabile. Marc non corre con un braccio e mezzo, corre con un braccio solo, perch\u00e9 ce l&#8217;ha distrutto&#8221;.<\/p>\n<p>Leggi anche:<\/p>\n<p>            Vogliamo la vostra opinione!<\/p>\n<p class=\"mt-auto\">Cosa vorresti vedere su Motorsport.com?<\/p>\n<p>            <a href=\"#\" class=\"ms-link text-link font-bold\">Partecipate al nostro sondaggio di 5 minuti.<\/a><\/p>\n<p class=\"mt-1 text-body\">&#8211; Il team di Motorsport.com<\/p>\n","protected":false},"excerpt":{"rendered":"Marc Marquez ha mostrato un&#8217;immagine sconvolgente di come stia realmente il suo braccio destro, pubblicando alcune foto personali&hellip;\n","protected":false},"author":3,"featured_media":663248,"comment_status":"","ping_status":"","sticky":false,"template":"","format":"standard","meta":{"footnotes":"","_share_on_mastodon":"0"},"categories":[176],"tags":[44813,2834,1537,90,89,2835,1785,365595,359367,245,244],"class_list":["post-663247","post","type-post","status-publish","format-standard","has-post-thumbnail","category-sport","tag-aragon","tag-ducati-team","tag-it","tag-italia","tag-italy","tag-marc-marquez","tag-motogp","tag-motogp-marc-marquez-mostra-unimmagine-shock-del-suo-braccio-destro","tag-motorland-aragon","tag-sport","tag-sports"],"share_on_mastodon":{"url":"https:\/\/pubeurope.com\/@it\/117208551707357696","error":""},"_links":{"self":[{"href":"https:\/\/www.europesays.com\/it\/wp-json\/wp\/v2\/posts\/663247","targetHints":{"allow":["GET"]}}],"collection":[{"href":"https:\/\/www.europesays.com\/it\/wp-json\/wp\/v2\/posts"}],"about":[{"href":"https:\/\/www.europesays.com\/it\/wp-json\/wp\/v2\/types\/post"}],"author":[{"embeddable":true,"href":"https:\/\/www.europesays.com\/it\/wp-json\/wp\/v2\/users\/3"}],"replies":[{"embeddable":true,"href":"https:\/\/www.europesays.com\/it\/wp-json\/wp\/v2\/comments?post=663247"}],"version-history":[{"count":0,"href":"https:\/\/www.europesays.com\/it\/wp-json\/wp\/v2\/posts\/663247\/revisions"}],"wp:featuredmedia":[{"embeddable":true,"href":"https:\/\/www.europesays.com\/it\/wp-json\/wp\/v2\/media\/663248"}],"wp:attachment":[{"href":"https:\/\/www.europesays.com\/it\/wp-json\/wp\/v2\/media?parent=663247"}],"wp:term":[{"taxonomy":"category","embeddable":true,"href":"https:\/\/www.europesays.com\/it\/wp-json\/wp\/v2\/categories?post=663247"},{"taxonomy":"post_tag","embeddable":true,"href":"https:\/\/www.europesays.com\/it\/wp-json\/wp\/v2\/tags?post=663247"}],"curies":[{"name":"wp","href":"https:\/\/api.w.org\/{rel}","templated":true}]}}