{"id":663261,"date":"2026-09-03T18:41:30","date_gmt":"2026-09-03T18:41:30","guid":{"rendered":"https:\/\/www.europesays.com\/it\/663261\/"},"modified":"2026-09-03T18:41:30","modified_gmt":"2026-09-03T18:41:30","slug":"omicidio-suicidio-sulla1-uccide-lex-compagna-e-poi-si-getta-dal-cavalcavia","status":"publish","type":"post","link":"https:\/\/www.europesays.com\/it\/663261\/","title":{"rendered":"Omicidio suicidio sull&#8217;A1: uccide l&#8217;ex compagna e poi si getta dal cavalcavia"},"content":{"rendered":"<p>I cadaveri di Federico Vella e Lorenza Isceri sono stati trovati dalla polizia stradale sotto il viadotto Lora, nel territorio di Barberino del Mugello. La donna poco prima di morire aveva chiesto aiuto al 112 e a un amico: il 36enne ha gettato la ex compagna dal cavalcavia e poi si \u00e8 tolto la vita. Disposta l&#8217;autopsia sul corpo della 45enne per capire se fosse gi\u00e0 stata uccisa prima di essere lanciata nel vuoto<\/p>\n<p>Omicidio-suicidio in A1. I corpi senza vita di una donna di 45 anni e un uomo di 36 sono stati trovati sotto un cavalcavia dell&#8217;autostrada intorno alle 15.30 di oggi. Stando alle ricostruzioni della polizia, l&#8217;uomo ha spinto nel vuoto la donna, sua ex compagna, per poi gettarsi a sua volta dal viadotto Lora (non Altena come scritto in precedenza) lungo l&#8217;autostrada, nel territorio di Barberino del Mugello, al bivio tra la Panoramica e la Direttissima. La vittima \u00e8 Lorenza Isceri, dirigente d&#8217;azienda originaria di Lecce che risiedeva a Firenze. L&#8217;uomo invece \u00e8 Federico Vella, anche lui residente a Firenze.\u00a0<\/p>\n<p>\t        <img decoding=\"async\" src=\"https:\/\/www.europesays.com\/it\/wp-content\/uploads\/2026\/09\/collage_omicidio_suicidio_a1_ansa.png\" class=\"c-inline-image__img j-lazyload\" itemprop=\"contentUrl\" loading=\"lazy\" data-cmp-hook-image=\"image\" alt=\"\"\/><\/p>\n<p>\t       \t  \u00a9Ansa<\/p>\n<p>\t\t \tLorenza Isceri aveva chiesto aiuto<\/p>\n<p>La donna, poco prima di morire, aveva provato a chiedere aiuto contattando il numero unico di emergenza 112 e anche un amico. \u00c8 stata proprio la chiamata della vittima al 112 a far scattare l\u2019allarme: la sala operativa della questura ha disposto la ricerca della vettura in autostrada ma quando la pattuglia della polizia stradale \u00e8 giunta sul posto non c\u2019era pi\u00f9 nulla da fare. L\u2019auto si trovava a margine della carreggiata.<\/p>\n<p>\t\t\t<a class=\"c-inline-card j-inline-card c-inline-card--with-image\" href=\"https:\/\/tg24.sky.it\/cronaca\/2026\/09\/03\/omicidio-suicidio-finale-ligure\" rel=\"follow nofollow noopener\" data-intcmp=\"skytg24_articolo_approfondimenti_inline\" target=\"_blank\"><\/p>\n<p>\t\t\t         <img decoding=\"async\" crossorigin=\"anonymous\" alt=\"\"  loading=\"lazy\"  src=\"https:\/\/www.europesays.com\/it\/wp-content\/uploads\/2026\/09\/finale-ligura-strage-familiare.jpg\"\/><\/p>\n<p>\n\t\t\t         Leggi anche<br \/>\n\t\t\t         Omicidio-suicidio a Finale Ligure: trovati morti padre, madre e figlio\n\t\t\t      <\/p>\n<p>\t\t\t<\/a><\/p>\n<p>\t\t\tForse uccisa prima di essere gettata dal cavalcavia<\/p>\n<p>Per gli investigatori \u00e8 possibile che la donna fosse gi\u00e0 stata uccisa prima di essere gettata dal cavalcavia. L&#8217;uomo le avrebbe infatti teso un agguato, bloccandola\u00a0nel garage di casa a Firenze per poi chiuderla nel bagagliaio dell&#8217;auto e raggiungere la A1. Durante il tragitto, Vella si \u00e8 accorto di aver lasciato nel portabagagli lo zaino con un cellulare, lo stesso con il quale la donna ha chiamato il 112 e un amico per chiedere aiuto. L&#8217;uomo ha fermato l&#8217;auto, le ha strappato il cellulare e l&#8217;ha lanciata gi\u00f9 dal viadotto. A quel punto la polizia stradale \u00e8 arrivata sul posto: la donna era gi\u00e0 a terra mentre l&#8217;uomo si trovava in bilico sul cavalcavia. Come dimostrano\u00a0le telecamere poste sul&#8217;A1 e la body cam in dotazione agli agenti, i poliziotti hanno provato ad avvicinarsi a Vella che per\u00f2 si \u00e8 lanciato nel vuoto.\u00a0Le indagini coordinate dal pm Antonio Natale e condotte della squadra mobile di Firenze, guidata da Domenico Balsamo, stanno ora cercando di capire se Federico Vella abbia ucciso Lorenza Isceri prima di gettarla dal viadotto. Per chiarire questa ipotesi la procura ha disposto l&#8217;autopsia sul corpo della 45enne.<\/p>\n<p>\t\t\tIl messaggio sui social prima del gesto<\/p>\n<p>Vella, prima di andare a casa della ex e caricarla con la forza sull&#8217;auto, aveva pubblicato una storia su Instagram con scritto &#8220;Addio a tutti&#8221;. Un ultimo messaggio che preannunciava la volont\u00e0 di compiere un gesto estremo contro la ex compagna e verso s\u00e9 stesso. Nella storia Instagram si legge, su sfondo nero, anche la frase &#8220;Ti voglio abbastanza bene da non parlarti quando potrei ferirti&#8221;. Vella lo scorso 12 agosto aveva pubblicato anche un video, sempre su Instagram, con una serie di immagini dell&#8217;ex fidanzata e scrivendo: &#8220;Certi incastri sono cos\u00ec perfetti che, anche se li separi, la forma dell&#8217;altro ti rimane addosso per sempre. A te, che sei la donna che ho amato con tutto me stesso e ho perso per la mia stupidit\u00e0. Sar\u00f2 tuo anche se non posso pi\u00f9 esserlo&#8221;.<\/p>\n<p>\t\t \tTratto A1 chiuso<\/p>\n<p>Intervenuti sul posto anche i Vigili del fuoco e il personale della Direzione 4\u00b0 Tronco di Firenze di Autostrade per l&#8217;Italia. A seguito dell&#8217;accaduto sulla A1 Panoramica, intorno alle 15:30, \u00e8 stato temporaneamente chiuso il tratto tra il bivio con la A1 Direttissima e Roncobilaccio. La societ\u00e0 Autostrade consiglia agli utenti diretti a Pian del Voglio\/Rioveggio di proseguire lungo la A1 Direttissima, uscire a Badia, percorrere la viabilit\u00e0 ordinaria e rientrare in A1 Panoramica alla Stazione di Pian del Voglio.\u00a0<\/p>\n<p>\t\t\t<a class=\"c-inline-card j-inline-card c-inline-card--with-image\" href=\"https:\/\/tg24.sky.it\/cronaca\/2026\/09\/03\/omicidio-suicidio-ostia\" rel=\"follow nofollow noopener\" data-intcmp=\"skytg24_articolo_approfondimenti_inline\" target=\"_blank\"><\/p>\n<p>\t\t\t         <img decoding=\"async\" crossorigin=\"anonymous\" alt=\"\"  loading=\"lazy\"  src=\"https:\/\/www.europesays.com\/it\/wp-content\/uploads\/2026\/09\/Ostia.jpeg\"\/><\/p>\n<p>\n\t\t\t         Potrebbe interessarti<br \/>\n\t\t\t         Omicidio-suicidio a Ostia, soffoca madre e poi si lancia da finestra\n\t\t\t      <\/p>\n<p>\t\t\t<\/a><\/p>\n<p>\t            TAG:<\/p>\n","protected":false},"excerpt":{"rendered":"I cadaveri di Federico Vella e Lorenza Isceri sono stati trovati dalla polizia stradale sotto il viadotto Lora,&hellip;\n","protected":false},"author":3,"featured_media":663262,"comment_status":"","ping_status":"","sticky":false,"template":"","format":"standard","meta":{"footnotes":"","_share_on_mastodon":"0"},"categories":[6],"tags":[9138,364,14,8,1537,90,89,7,15,82,9,83,10,1728,44839,13,11,80,84,12,81,85],"class_list":["post-663261","post","type-post","status-publish","format-standard","has-post-thumbnail","category-ultime-notizie","tag-a1","tag-collaboratori","tag-cronaca","tag-headlines","tag-it","tag-italia","tag-italy","tag-news","tag-notizie","tag-notizie-di-cronaca","tag-notizie-principali","tag-notiziedicronaca","tag-notizieprincipali","tag-omicidio","tag-omicidio-suicidio","tag-titoli","tag-ultime-notizie","tag-ultime-notizie-di-cronaca","tag-ultime-notizie-e-news-di-oggi","tag-ultimenotizie","tag-ultimenotiziedicronaca","tag-ultimenotizieenewsdioggi"],"share_on_mastodon":{"url":"https:\/\/pubeurope.com\/@it\/117208580326769152","error":""},"_links":{"self":[{"href":"https:\/\/www.europesays.com\/it\/wp-json\/wp\/v2\/posts\/663261","targetHints":{"allow":["GET"]}}],"collection":[{"href":"https:\/\/www.europesays.com\/it\/wp-json\/wp\/v2\/posts"}],"about":[{"href":"https:\/\/www.europesays.com\/it\/wp-json\/wp\/v2\/types\/post"}],"author":[{"embeddable":true,"href":"https:\/\/www.europesays.com\/it\/wp-json\/wp\/v2\/users\/3"}],"replies":[{"embeddable":true,"href":"https:\/\/www.europesays.com\/it\/wp-json\/wp\/v2\/comments?post=663261"}],"version-history":[{"count":0,"href":"https:\/\/www.europesays.com\/it\/wp-json\/wp\/v2\/posts\/663261\/revisions"}],"wp:featuredmedia":[{"embeddable":true,"href":"https:\/\/www.europesays.com\/it\/wp-json\/wp\/v2\/media\/663262"}],"wp:attachment":[{"href":"https:\/\/www.europesays.com\/it\/wp-json\/wp\/v2\/media?parent=663261"}],"wp:term":[{"taxonomy":"category","embeddable":true,"href":"https:\/\/www.europesays.com\/it\/wp-json\/wp\/v2\/categories?post=663261"},{"taxonomy":"post_tag","embeddable":true,"href":"https:\/\/www.europesays.com\/it\/wp-json\/wp\/v2\/tags?post=663261"}],"curies":[{"name":"wp","href":"https:\/\/api.w.org\/{rel}","templated":true}]}}