{"id":663265,"date":"2026-09-03T18:49:16","date_gmt":"2026-09-03T18:49:16","guid":{"rendered":"https:\/\/www.europesays.com\/it\/663265\/"},"modified":"2026-09-03T18:49:16","modified_gmt":"2026-09-03T18:49:16","slug":"sinner-in-palestra-prosegue-il-recupero","status":"publish","type":"post","link":"https:\/\/www.europesays.com\/it\/663265\/","title":{"rendered":"Sinner in palestra prosegue il recupero"},"content":{"rendered":"<p>                                Il n.1 al mondo affida ai social un aggiornamento sul suo programma postando foto dalla palestra. E augura buona fortuna ai colleghi in campo a New York<\/p>\n<p class=\"paragraph\" spellcheck=\"true\">Jannik continua a lavorare e segue lo Us Open da spettatore. Il canale da cui centellina le notizie sul suo recupero \u00e8 Instagram, dove oggi ha postato qualche immagine dalla palestra dove si concentra sul recupero fisico. Per ora i programmi proseguono secondo i piani prestabiliti: il numero 1 al mondo, che non gioca dalla vittoria di Wimbledon del 12 luglio, ha dedicato la settimana ad allenamento sulla sabbia, piscina e palestra usufruendo anche delle strutture della Continassa, dove sta familiarizzando con i giocatori bianconeri. Nei prossimi giorni, probabilmente luned\u00ec, lo staff medico e quello tecnico faranno il punto della situazione per vedere se \u00e8 ancora necessario qualche giorno di lavoro a Torino prima di riprendere in mano la racchetta e tornare in campo.\u00a0<\/p>\n<p>    PROGRAMMI\u2014 \u00a0<\/p>\n<p class=\"paragraph is-inline\" spellcheck=\"true\">Giocare gli manca, \u00e8 la cosa che pi\u00f9 di ogni altra ama fare: &#8220;Perdermi lo Us Open quest&#8217;anno \u00e8 davvero dura. Mi mancano l&#8217;atmosfera, i fans, gli amici. Ma sto lavorando per tornare pi\u00f9 forte di prima. Buona fortuna a tutti i giocatori &#8211; scrive -, ci vediamo presto&#8221;. Probabilmente alla fine di settembre, per difendere il titolo a Pechino. Il direttore del torneo cinese, Lars Graff, assicura che Jannik ci sar\u00e0 ma fino a che i medici non daranno il via libera, Sinner non potr\u00e0 tornare in campo. Il programma iniziale prevedeva di ricominciare col tennis da luned\u00ec, ma \u00e8 possibile che si attenda ancora qualche giorno, magari fino alla fine dello Us Open per poi avere due settimane piene di lavoro in campo.\u00a0<\/p>\n","protected":false},"excerpt":{"rendered":"Il n.1 al mondo affida ai social un aggiornamento sul suo programma postando foto dalla palestra. E augura&hellip;\n","protected":false},"author":3,"featured_media":663266,"comment_status":"","ping_status":"","sticky":false,"template":"","format":"standard","meta":{"footnotes":"","_share_on_mastodon":"0"},"categories":[1457],"tags":[6090,39999,921,6543,3440,2611,3412,1537,90,89,1269,1691,2006,6843,897,9008,3279,245,244,1273,1899,7379,6665],"class_list":["post-663265","post","type-post","status-publish","format-standard","has-post-thumbnail","category-tennis","tag-buona","tag-buona-fortuna","tag-campo","tag-dura","tag-forte","tag-fortuna","tag-giocatori","tag-it","tag-italia","tag-italy","tag-jannik","tag-lunedi","tag-open","tag-palestra","tag-programma","tag-programmi","tag-recupero","tag-sport","tag-sports","tag-tennis","tag-tornare","tag-us","tag-us-open"],"share_on_mastodon":{"url":"https:\/\/pubeurope.com\/@it\/117208611152302587","error":""},"_links":{"self":[{"href":"https:\/\/www.europesays.com\/it\/wp-json\/wp\/v2\/posts\/663265","targetHints":{"allow":["GET"]}}],"collection":[{"href":"https:\/\/www.europesays.com\/it\/wp-json\/wp\/v2\/posts"}],"about":[{"href":"https:\/\/www.europesays.com\/it\/wp-json\/wp\/v2\/types\/post"}],"author":[{"embeddable":true,"href":"https:\/\/www.europesays.com\/it\/wp-json\/wp\/v2\/users\/3"}],"replies":[{"embeddable":true,"href":"https:\/\/www.europesays.com\/it\/wp-json\/wp\/v2\/comments?post=663265"}],"version-history":[{"count":0,"href":"https:\/\/www.europesays.com\/it\/wp-json\/wp\/v2\/posts\/663265\/revisions"}],"wp:featuredmedia":[{"embeddable":true,"href":"https:\/\/www.europesays.com\/it\/wp-json\/wp\/v2\/media\/663266"}],"wp:attachment":[{"href":"https:\/\/www.europesays.com\/it\/wp-json\/wp\/v2\/media?parent=663265"}],"wp:term":[{"taxonomy":"category","embeddable":true,"href":"https:\/\/www.europesays.com\/it\/wp-json\/wp\/v2\/categories?post=663265"},{"taxonomy":"post_tag","embeddable":true,"href":"https:\/\/www.europesays.com\/it\/wp-json\/wp\/v2\/tags?post=663265"}],"curies":[{"name":"wp","href":"https:\/\/api.w.org\/{rel}","templated":true}]}}