{"id":663269,"date":"2026-09-03T18:53:16","date_gmt":"2026-09-03T18:53:16","guid":{"rendered":"https:\/\/www.europesays.com\/it\/663269\/"},"modified":"2026-09-03T18:53:16","modified_gmt":"2026-09-03T18:53:16","slug":"a-campobasso-la-presentazione-di-la-citta-riparte-dallo-sport-lega-basket-femminile","status":"publish","type":"post","link":"https:\/\/www.europesays.com\/it\/663269\/","title":{"rendered":"A Campobasso la presentazione di &#8220;La Citt\u00e0 Riparte dallo Sport&#8221; \u2014 Lega Basket Femminile"},"content":{"rendered":"<p style=\"text-align:justify\">L&#8217;appuntamento \u00e8 dall&#8217;8 all&#8217;11 settembre, ma domani (venerd\u00ec 4) dalle 11 presso la sala consiliare di Palazzo San Giorgio, la sede municipale del capoluogo di regione, due delle realt\u00e0 di vertice dello sport campobassano \u2013 La Molisana Magnolia per il basket femminile e gli EnergyTime Spike Devils per la pallavolo maschile \u2013 presenteranno la quattro giorni di eventi legata all&#8217;evento &#8216;La citt\u00e0 riparte dallo sport&#8217; che, tra tornei amatoriali, promozione dei vivai ed occasione anche di ticketing di abbonamenti in vista della nuova stagione, consentir\u00e0 agli appassionati dei due club di poter stare anche a stretto contatto coi propri idoli che raggiungeranno a sera il centro della citt\u00e0 per assistere agli appuntamenti del programma.<\/p>\n<p style=\"text-align:justify\">\u00a0<\/p>\n<p style=\"text-align:justify\">L&#8217;ufficializzazione del percorso avverr\u00e0 nel corso di una conferenza stampa alla presenza anche dei rappresentanti istituzionali della municipalit\u00e0, ente patrocinatore della quattro giorni.<\/p>\n<p style=\"text-align:justify\">\u00a0<\/p>\n<p style=\"text-align:justify\">Al tavolo, nel confronto con gli organi di informazione, ci saranno, per il team pallavolistico di A3 maschile, il tecnico Giuseppe Bua ed il centrale Francesco Fortes, mentre per il quintetto cestistico di A1 femminile, fari puntati sul coach Mimmo Sabatelli e sulla playmaker Emma Giacchetti.<\/p>\n<p style=\"text-align:justify\">\u00a0<\/p>\n<p style=\"text-align:justify\">Quest&#8217;ultima, nelle scorse ora, \u00e8 stata al centro di un riconoscimento d&#8217;eccezione. In occasione degli Oscar Lbf programmati per venerd\u00ec 2 ottobre, a partire dalle ore 20, nell&#8217;area dell&#8217;Arena la regista civitanovese sar\u00e0 premiata come miglior giovane dell&#8217;ultima A1 dalla Lega Basket Femminile in una serata che avr\u00e0,sul palco, anche il telecronista Sky Geri De Rosa e porter\u00e0 con s\u00e9, inoltre, il concerto del cantautore (e rapper) Carl Brave, grande appassionato di palla a spicchi tra l&#8217;altro da ex giocatore. Un premio speciale, poi, quello legato alla memoria dell&#8217;ex assistant coach rossobl\u00f9 Giustino Altobelli, sar\u00e0 tributato al coach venafrano dell&#8217;Italbasket rosa Andrea Capobianco, in procinto di iniziare l&#8217;avventura dei Mondiali a Berlino con le azzurre.<\/p>\n","protected":false},"excerpt":{"rendered":"L&#8217;appuntamento \u00e8 dall&#8217;8 all&#8217;11 settembre, ma domani (venerd\u00ec 4) dalle 11 presso la sala consiliare di Palazzo San&hellip;\n","protected":false},"author":3,"featured_media":663270,"comment_status":"","ping_status":"","sticky":false,"template":"","format":"standard","meta":{"footnotes":"","_share_on_mastodon":"0"},"categories":[1453],"tags":[1756,1757,1537,90,89,245,244],"class_list":["post-663269","post","type-post","status-publish","format-standard","has-post-thumbnail","category-basket","tag-basket","tag-basketball","tag-it","tag-italia","tag-italy","tag-sport","tag-sports"],"share_on_mastodon":{"url":"https:\/\/pubeurope.com\/@it\/117208626587453010","error":""},"_links":{"self":[{"href":"https:\/\/www.europesays.com\/it\/wp-json\/wp\/v2\/posts\/663269","targetHints":{"allow":["GET"]}}],"collection":[{"href":"https:\/\/www.europesays.com\/it\/wp-json\/wp\/v2\/posts"}],"about":[{"href":"https:\/\/www.europesays.com\/it\/wp-json\/wp\/v2\/types\/post"}],"author":[{"embeddable":true,"href":"https:\/\/www.europesays.com\/it\/wp-json\/wp\/v2\/users\/3"}],"replies":[{"embeddable":true,"href":"https:\/\/www.europesays.com\/it\/wp-json\/wp\/v2\/comments?post=663269"}],"version-history":[{"count":0,"href":"https:\/\/www.europesays.com\/it\/wp-json\/wp\/v2\/posts\/663269\/revisions"}],"wp:featuredmedia":[{"embeddable":true,"href":"https:\/\/www.europesays.com\/it\/wp-json\/wp\/v2\/media\/663270"}],"wp:attachment":[{"href":"https:\/\/www.europesays.com\/it\/wp-json\/wp\/v2\/media?parent=663269"}],"wp:term":[{"taxonomy":"category","embeddable":true,"href":"https:\/\/www.europesays.com\/it\/wp-json\/wp\/v2\/categories?post=663269"},{"taxonomy":"post_tag","embeddable":true,"href":"https:\/\/www.europesays.com\/it\/wp-json\/wp\/v2\/tags?post=663269"}],"curies":[{"name":"wp","href":"https:\/\/api.w.org\/{rel}","templated":true}]}}