{"id":663271,"date":"2026-09-03T18:54:13","date_gmt":"2026-09-03T18:54:13","guid":{"rendered":"https:\/\/www.europesays.com\/it\/663271\/"},"modified":"2026-09-03T18:54:13","modified_gmt":"2026-09-03T18:54:13","slug":"inter-napoli-le-probabili-formazioni-da-bisseck-e-zielinski-a-thuram-i-dubbi-di-chivu","status":"publish","type":"post","link":"https:\/\/www.europesays.com\/it\/663271\/","title":{"rendered":"Inter-Napoli, le probabili formazioni: da Bisseck e Zielinski a Thuram, i dubbi di Chivu"},"content":{"rendered":"<p>                                Il primo big match della stagione \u00e8 ormai alle porte e il tecnico nerazzurro studia la miglior formazione a cui affidarsi per superare per la prima volta Allegri<\/p>\n<p class=\"paragraph\" spellcheck=\"true\">Di buoni motivi per fare un figurone contro il Napoli sabato a San Siro ce ne sono parecchi: fare tre su tre in campionato per conservare il bottino pieno, staccare proprio gli azzurri dopo il ko del Maradona contro il Como, e poi sconfiggere Allegri per la prima volta. Un&#8217;impresa ancora non riuscita a Cristian Chivu, che nella scorsa stagione venne incartato in entrambi i derby di Milano con lo stesso copione: un Milan prettamente &#8220;allegriano&#8221;, all&#8217;andata 1-0 firmato Pulisic in avvio di ripresa, al ritorno ancora 1-0 con gol di Estupinan in chiusura di primo tempo. E poi difesa ad oltranza in entrambi i casi. Inter-Napoli offre a Chivu la possibilit\u00e0 di prendersi la prima rivincita, ecco perch\u00e9 l&#8217;allenatore nerazzurro sta cercando di risolvere gli ultimi dubbi relativi alla miglior formazione possibile.\u00a0<\/p>\n<p>        tutti i dubbi\u2014 \u00a0<\/p>\n<p class=\"paragraph\" spellcheck=\"true\">Un ballottaggio per reparto. Con qualcuno avanti sul rispettivo concorrente, s\u00ec, ma comunque scenari che da qui a sabato sera potrebbero cambiare. Partiamo dalla difesa: al momento, Bisseck sembra in vantaggio su Akanji per partire dall&#8217;inizio nel ruolo di centrale. Il tedesco \u00e8 entrato benissimo a Cagliari immolandosi per evitare il gol del pari rossobl\u00f9, mentre lo svizzero deve ancora smaltire qualche scoria Mondiale per tornare al top e proprio in Sardegna l&#8217;ha palesato. Avanzando di qualche metro, la situazione si fa ancora pi\u00f9 interessante. Perch\u00e9 a Cagliari ha fatto il suo esordio Jones, mostrando sin da subito la propria personalit\u00e0. Contro il Napoli, Chivu dovrebbe scegliere l&#8217;ex di turno Zielinski, ma l&#8217;inglese \u00e8 stato acquistato proprio per alzare lo &#8220;standard&#8221; (termine ripetuto spesso dal tecnico nerazzurro) nelle partite importanti, e la sfida ad Allegri ne rappresenta gi\u00e0 una importante nonostante la settimana successiva sia in programma il debutto in Champions League al Bernabeu di Mourinho. L&#8217;ultimo nodo da sciogliere riguarda il reparto offensivo: Pio Esposito o Marcus Thuram? Discorso simile alla staffetta Zielinski-Jones, perch\u00e9 pure il francese ha riacquisito qualche minuto a Cagliari e si candida per partire titolare. Tikus ha risposto bene, pure per lui (come nel caso di Akanji) c&#8217;\u00e8 una condizione atletica da sistemare, ma ogni giorno che passa appare sempre pi\u00f9 pronto per tornare dal 1&#8242;. Anche se togliere Esposito tanto lanciato&#8230; Dubbi e pensieri di Chivu, che sabato &#8211; se non prima &#8211; avr\u00e0 sicuramente risolto.\u00a0<\/p>\n","protected":false},"excerpt":{"rendered":"Il primo big match della stagione \u00e8 ormai alle porte e il tecnico nerazzurro studia la miglior formazione&hellip;\n","protected":false},"author":3,"featured_media":663272,"comment_status":"","ping_status":"","sticky":false,"template":"","format":"standard","meta":{"footnotes":"","_share_on_mastodon":"0"},"categories":[1452],"tags":[55649,3076,14753,6300,721,925,2839,767,7757,7171,1740,1974,1976,350,1537,90,89,4798,2197,365599,248,8392,3530,7173,5528,2841,1739,245,244,577,3375,250129,18860],"class_list":["post-663271","post","type-post","status-publish","format-standard","has-post-thumbnail","category-calcio","tag-akanji","tag-allegri","tag-bisseck","tag-cagliari","tag-calcio","tag-centrale","tag-chivu","tag-difesa","tag-dubbi","tag-esposito","tag-football","tag-formazione","tag-gol","tag-inter","tag-it","tag-italia","tag-italy","tag-jones","tag-miglior","tag-miglior-formazione","tag-napoli","tag-nerazzurro","tag-partire","tag-pio","tag-reparto","tag-sabato","tag-soccer","tag-sport","tag-sports","tag-stagione","tag-tecnico","tag-tecnico-nerazzurro","tag-zielinski"],"share_on_mastodon":{"url":"https:\/\/pubeurope.com\/@it\/117208630220164190","error":""},"_links":{"self":[{"href":"https:\/\/www.europesays.com\/it\/wp-json\/wp\/v2\/posts\/663271","targetHints":{"allow":["GET"]}}],"collection":[{"href":"https:\/\/www.europesays.com\/it\/wp-json\/wp\/v2\/posts"}],"about":[{"href":"https:\/\/www.europesays.com\/it\/wp-json\/wp\/v2\/types\/post"}],"author":[{"embeddable":true,"href":"https:\/\/www.europesays.com\/it\/wp-json\/wp\/v2\/users\/3"}],"replies":[{"embeddable":true,"href":"https:\/\/www.europesays.com\/it\/wp-json\/wp\/v2\/comments?post=663271"}],"version-history":[{"count":0,"href":"https:\/\/www.europesays.com\/it\/wp-json\/wp\/v2\/posts\/663271\/revisions"}],"wp:featuredmedia":[{"embeddable":true,"href":"https:\/\/www.europesays.com\/it\/wp-json\/wp\/v2\/media\/663272"}],"wp:attachment":[{"href":"https:\/\/www.europesays.com\/it\/wp-json\/wp\/v2\/media?parent=663271"}],"wp:term":[{"taxonomy":"category","embeddable":true,"href":"https:\/\/www.europesays.com\/it\/wp-json\/wp\/v2\/categories?post=663271"},{"taxonomy":"post_tag","embeddable":true,"href":"https:\/\/www.europesays.com\/it\/wp-json\/wp\/v2\/tags?post=663271"}],"curies":[{"name":"wp","href":"https:\/\/api.w.org\/{rel}","templated":true}]}}