{"id":663289,"date":"2026-09-03T19:05:21","date_gmt":"2026-09-03T19:05:21","guid":{"rendered":"https:\/\/www.europesays.com\/it\/663289\/"},"modified":"2026-09-03T19:05:21","modified_gmt":"2026-09-03T19:05:21","slug":"toyota-librido-la-nostra-forza-siamo-il-brand-straniero-preferito-dagli-italiani-lo-stop-ai-motori-termici-da-ripensare","status":"publish","type":"post","link":"https:\/\/www.europesays.com\/it\/663289\/","title":{"rendered":"Toyota: \u00abL\u2019ibrido? La nostra forza. Siamo il brand straniero preferito dagli italiani. Lo stop ai motori termici? Da ripensare\u00bb"},"content":{"rendered":"<p>    di<br \/>\n    Edoardo Nastri, inviato a Tallin<\/p>\n<p class=\"summary-art is-line-h-12 is-mr-t-20\">Alberto Santilli, amministratore delegato di Toyota Italia, fa il punto sulla situazione del marchio tra nuove strategie commerciali e crisi del settore<\/p>\n<p class=\"chapter-paragraph\">Sono tutte ibride le 82mila auto che il gruppo Toyota ha venduto in Italia da gennaio ad agosto. \u00abUn risultato frutto di una strategia che ha scommesso &#8211; ormai una trentina di anni fa con la prima Prius &#8211; sull\u2019elettrificazione e che portiamo avanti con determinazione e risultati\u00bb, spiega Alberto Santilli, amministratore delegato di Toyota Italia.<\/p>\n<p class=\"chapter-paragraph\"><b>Prevedete di chiudere anche quest\u2019anno come primo brand straniero in Italia? <br \/><\/b>\u00abSi, anche se essere l\u2019import leader non \u00e8 per noi l\u2019obiettivo primario. Pu\u00f2 essere una conseguenza e il risultato di una serie di obiettivi e di una serie di attivit\u00e0 che noi mettiamo in piedi durante l\u2019anno per affermare sempre di pi\u00f9 il marchio Toyota, il marchio Lexus e, soprattutto, per continuare ad alimentare il nostro rapporto pi\u00f9 che positivo con gli automobilisti italiani. Il merito \u00e8 di una gamma prodotto perfettamente centrata per il nostro mercato\u00bb.    &#13;<br \/>\n&#13;<br \/>\n&#13;<br \/>\n&#13;<br \/>\n&#13;<br \/>\n&#13;<br \/>\n&#13;<br \/>\n&#13;<br \/>\n&#13;<br \/>\n&#13;<br \/>\n&#13;<br \/>\n&#13;<br \/>\n&#13;<br \/>\n&#13;<br \/>\n&#13;<br \/>\n&#13;<br \/>\n&#13;<br \/>\n&#13;<br \/>\n&#13;<br \/>\n&#13;<br \/>\n&#13;<br \/>\n&#13;<br \/>\n&#13;<br \/>\n&#13;<br \/>\n&#13;<br \/>\n&#13;<br \/>\n&#13;<br \/>\n&#13;<br \/>\n&#13;<br \/>\n&#13;<br \/>\n&#13;<br \/>\n&#13;<br \/>\n&#13;<br \/>\n&#13;<br \/>\n&#13;<br \/>\n&#13;<br \/>\n&#13;<br \/>\n&#13;<br \/>\n&#13;<br \/>\n&#13;<br \/>\n&#13;<br \/>\n&#13;<br \/>\n&#13;<br \/>\n&#13;<br \/>\n&#13;<br \/>\n&#13;<br \/>\n&#13;<br \/>\n&#13;<br \/>\n&#13;<br \/>\n&#13;<br \/>\n&#13;<br \/>\n&#13;<br \/>\n&#13;\n<\/p>\n<p class=\"chapter-paragraph\"><b>Quali sono le Toyota di maggior successo in Italia? <br \/><\/b>\u00abLa Yaris Cross \u00e8 la Toyota pi\u00f9 venduta in Italia e consideriamo quest\u2019anno di superare le 35 mila unit\u00e0 per questo modello. Poi la compatta Aygo X \u00e8 molto apprezzata e crediamo di poterne vendere almeno 30mila. Infine, la Yaris resta un caposaldo all\u2019interno della nostra proposta di prodotto. Insomma, tra Aygo X, Yaris e Yaris Cross, parliamo di oltre 90 mila macchine: volumi importanti che offrono tante opportunit\u00e0 agli automobilisti italiani\u00bb.<\/p>\n<p class=\"chapter-paragraph\"><b>Quante auto venderete quest\u2019anno?<br \/><\/b>\u00abTra auto e veicoli commerciali (per i quali puntiamo ad avvicinarci a quota 10 mila furgoni) crediamo che Toyota possa superare quota 127mila auto, a cui aggiungiamo poi altre 6 mila Lexus\u00bb.<\/p>\n<p class=\"chapter-paragraph\"><b>Il mercato dell\u2019auto \u00e8 in difficolt\u00e0: i privati comprano meno, ma le flotte sono arrivate quasi al 50% di quota.\u00a0Come sta cambiando il vostro approccio sulle flotte?<\/b><br \/>\u00ab\u00c8 un mercato sempre pi\u00f9 importante. Il punto di partenza per\u00f2 \u00e8 sempre la concessionaria, per noi il riferimento sul territorio, che si tratti di un cliente privato o di un\u2019azienda. La nostra strategia \u00e8 quella di far s\u00ec che il business comunque passi attraverso il concessionario e che l\u2019automobilista di qualsiasi tipologia trovi in lui il suo punto di riferimento\u00bb.<\/p>\n<p class=\"chapter-paragraph\"><b>Qual \u00e8 il vostro mix di quota tra flotte e vendite ai privati?<\/b><br \/>\u00abIl 70% delle nostre auto sono vendute a privati, il 30% sono dedicate alle flotte. Ma io penso che questa, forse con qualche ulteriore ridefinizione di leggera crescita sul mondo delle flotte, sia un\u2019equazione sana che ci consente di creare una crescita sostenibile nel tempo. Non si guarda la performance di un singolo anno, di un singolo trimestre o di un biennio, ma il respiro deve essere pi\u00f9 lungo a tre, cinque e pi\u00f9 anni\u00bb.<br \/><b><br \/>Tutte le vostre auto in gamma sono elettrificate?<\/b><br \/>\u00abSi, dal mild hybrid al full hybrid al plug-in fino all\u2019elettrico. Il full hybrid rappresenta il 95% delle nostre vendite, ma potenzieremo anche le consegne di plug-in e modelli 100% elettrici come la C-HR+ che abbiamo lanciato: pensiamo di venderne quest\u2019anno circa 2mila. Il 2027 sar\u00e0 l\u2019anno di spinta della nuova Rav4\u00bb.<\/p>\n<p class=\"chapter-paragraph\"><b>Siete uno dei pochi gruppi che da sempre ha investito su diverse tecnologie. Non si rischia di disperdere risorse? <\/b><br \/>\u00abToyota \u00e8 una delle pochissime aziende globali, presenti con volumi importanti in qualsiasi parte del mondo. E per sostenere una presenza cos\u00ec diffusa non puoi pensare di concentrarti su un\u2019unica tecnologia: devi essere in grado di offrire modelli e tecnologie per mercati diversi, clienti diversi, esigenze diverse. Un automobilista argentino o brasiliano ha delle necessit\u00e0 di mobilit\u00e0 differenti da un cliente africano, asiatico o europeo. Toyota ha questa mission, abbiamo stabilimenti in tutto il mondo e vendiamo auto in tutto il mondo\u00bb.<\/p>\n<p><b> Lo stop ai motori termici nel 2035, per quanto modificato in minima parte, lo vede ancora come un obiettivo raggiungibile?<\/b><br \/>\u00abNon \u00e8 facile fare previsioni. Io faccio un auspicio, non solamente da rappresentante di un\u2019azienda, ma anche da cittadino. Mi auguro che questo primo leggerissimo ripensamento da parte delle istituzioni europee sia solamente l\u2019inizio di un percorso e di una riflessione pi\u00f9 profonda che ci portino a rivedere decisioni che sono state prese tempo fa e che probabilmente oggi richiedono da parte di tutti un ripensamento\u00bb.<\/p>\n<p class=\"chapter-paragraph\"><b>Perch\u00e9 gli italiani non comprano le auto elettriche?<\/b><br \/>\u00abNon le comprano perch\u00e9 oggi hanno ancora un prezzo importante, perch\u00e9 richiedono oggettivamente un profondo cambio di stile di vita, perch\u00e9 per gli italiani l\u2019automobile oggi \u00e8 il primo mezzo di trasporto determinante per muoversi e quindi la libert\u00e0 di movimento diventa un elemento cruciale nella scelta delle tecnologie propulsive. E, poi, perch\u00e9 la vettura elettrica richiede anche un\u2019infrastruttura di carica completamente diversa. Non tutti oggi hanno un posto auto a casa o al lavoro dove poter ricaricare e affidarsi alla rete pubblica \u00e8 troppo costoso. Sono tutti elementi che incidono sul bilancio di una famiglia\u00bb.\u00a0<\/p>\n<p><a href=\"https:\/\/www.corriere.it\/app-economia\/?intcmp=DL-app_nd_011024_corriere_ss_conomia\" target=\"_blank\" class=\"bck-app-banner\" rel=\"nofollow noopener\"><img decoding=\"async\" class=\"bck-app-img\" src=\"https:\/\/www.europesays.com\/it\/wp-content\/uploads\/2025\/08\/1756449670_863_app.png\"\/><\/p>\n<p>Nuova app <strong>L&#8217;Economia<\/strong>. News, approfondimenti e l&#8217;assistente virtuale al tuo servizio.<\/p>\n<p>SCARICA L&#8217; APP<\/p>\n<p><img decoding=\"async\" src=\"https:\/\/www.europesays.com\/it\/wp-content\/uploads\/2025\/07\/eco.png\"\/><\/a><\/p>\n<p>Iscriviti alle <a href=\"https:\/\/www.corriere.it\/newsletter\/?theme=4\" rel=\"nofollow noopener\" target=\"_blank\">newsletter de L&#8217;Economia<\/a>. Analisi e commenti sui principali avvenimenti\u00a0economici a cura delle firme del Corriere.<\/p>\n<p class=\"is-last-update\" datetime=\"2026-09-03T20:42:56+02:00\">3 settembre 2026 ( modifica il 3 settembre 2026 | 20:42)<\/p>\n<p class=\"is-copyright\">\n            \u00a9 RIPRODUZIONE RISERVATA\n        <\/p>\n","protected":false},"excerpt":{"rendered":"di Edoardo Nastri, inviato a Tallin Alberto Santilli, amministratore delegato di Toyota Italia, fa il punto sulla situazione&hellip;\n","protected":false},"author":3,"featured_media":663290,"comment_status":"","ping_status":"","sticky":false,"template":"","format":"standard","meta":{"footnotes":"","_share_on_mastodon":"0"},"categories":[172],"tags":[178,1493,365600,365601,6964,6965,365602,2765,60644,4072,12522,365603,177,26105,3710,55259,1307,15151,365604,365605,5115,2391,116811,22514,71184,31737,77243,48,1537,90,627,89,44019,6726,1412,60485,5919,4628,84294,809,129726,7962,494,14522,9609,30158,4920,6570],"class_list":["post-663289","post","type-post","status-publish","format-standard","has-post-thumbnail","category-affari","tag-affari","tag-alberto","tag-alberto-santilli","tag-alberto-santilli-amministratore","tag-amministratore","tag-amministratore-delegato","tag-amministratore-delegato-toyota","tag-auto","tag-automobilista","tag-azienda","tag-brand","tag-brand-straniero","tag-business","tag-cliente","tag-commerciali","tag-comprano","tag-crescita","tag-delegato","tag-delegato-toyota","tag-delegato-toyota-italia","tag-diverse","tag-diversi","tag-flotte","tag-full","tag-full-hybrid","tag-gamma","tag-hybrid","tag-importante","tag-it","tag-italia","tag-italiani","tag-italy","tag-lexus","tag-marchio","tag-mercato","tag-mercato-auto","tag-modelli","tag-motori","tag-motori-termici","tag-obiettivo","tag-plug","tag-privati","tag-punto","tag-qualsiasi","tag-quota","tag-richiedono","tag-tecnologie","tag-toyota"],"share_on_mastodon":{"url":"","error":"Validation failed: Text character limit of 500 exceeded"},"_links":{"self":[{"href":"https:\/\/www.europesays.com\/it\/wp-json\/wp\/v2\/posts\/663289","targetHints":{"allow":["GET"]}}],"collection":[{"href":"https:\/\/www.europesays.com\/it\/wp-json\/wp\/v2\/posts"}],"about":[{"href":"https:\/\/www.europesays.com\/it\/wp-json\/wp\/v2\/types\/post"}],"author":[{"embeddable":true,"href":"https:\/\/www.europesays.com\/it\/wp-json\/wp\/v2\/users\/3"}],"replies":[{"embeddable":true,"href":"https:\/\/www.europesays.com\/it\/wp-json\/wp\/v2\/comments?post=663289"}],"version-history":[{"count":0,"href":"https:\/\/www.europesays.com\/it\/wp-json\/wp\/v2\/posts\/663289\/revisions"}],"wp:featuredmedia":[{"embeddable":true,"href":"https:\/\/www.europesays.com\/it\/wp-json\/wp\/v2\/media\/663290"}],"wp:attachment":[{"href":"https:\/\/www.europesays.com\/it\/wp-json\/wp\/v2\/media?parent=663289"}],"wp:term":[{"taxonomy":"category","embeddable":true,"href":"https:\/\/www.europesays.com\/it\/wp-json\/wp\/v2\/categories?post=663289"},{"taxonomy":"post_tag","embeddable":true,"href":"https:\/\/www.europesays.com\/it\/wp-json\/wp\/v2\/tags?post=663289"}],"curies":[{"name":"wp","href":"https:\/\/api.w.org\/{rel}","templated":true}]}}