{"id":663291,"date":"2026-09-03T19:06:26","date_gmt":"2026-09-03T19:06:26","guid":{"rendered":"https:\/\/www.europesays.com\/it\/663291\/"},"modified":"2026-09-03T19:06:26","modified_gmt":"2026-09-03T19:06:26","slug":"mamma-e-cucciolo-di-orango-salvati-nel-borneo-dal-fumo-degli-incendi-la-foto-simbolo","status":"publish","type":"post","link":"https:\/\/www.europesays.com\/it\/663291\/","title":{"rendered":"Mamma e cucciolo di orango salvati nel Borneo dal fumo degli incendi: la foto simbolo"},"content":{"rendered":"<p>    di<br \/>\n    Silvia Morosi<\/p>\n<p class=\"summary-art is--xlarge is-mr-b-25\">L&#8217;animale \u00e8 stato ritrovato circondato dal fumo, insieme a un cucciolo<\/p>\n<p class=\"chapter-paragraph\"><b>Due oranghi, una mamma e il suo cucciolo<\/b>, sono stati portati in salvo dopo essere stati minacciati dagli incendi che stanno interessando<b> il Borneo<\/b>. A seguito di una segnalazione, le autorit\u00e0 hanno iniziato le ricerche di un orango avvistato mercoled\u00ec, aggrappato alla cima di un albero nella provincia del Kalimantan Centrale: l&#8217;animale \u00e8 stato ritrovato circondato dal fumo che si levava dalla foresta.\u00a0<b>Durante l&#8217;evacuazione, i soccorritori hanno scoperto che la femmina portava in grembo un cucciolo.<\/b><\/p>\n<p class=\"chapter-paragraph\">La mamma orango, che ha circa 20 anni, \u00e8 stata chiamata <b>\u00abRaya\u00bb<\/b>, dal nome di una strada vicina dove \u00e8 stata trovata, mentre il cucciolo di un anno, anch&#8217;esso femmina, \u00e8 stata chiamata <b>\u00abRayu\u00bb.<\/b> Un esame preliminare ha stabilito che i due esemplari non avevano riportato ferite: quando saranno in buona salute, potranno essere rilasciati immediatamente in natura, hanno assicurato i veterinari che li hanno presi in carico. Nel Kalimantan occidentale, sempre sull&#8217;isola del Borneo, almeno sette oranghi sono stati salvati il mese scorso dagli incendi.\u00a0    &#13;<br \/>\n&#13;<br \/>\n&#13;<br \/>\n&#13;<br \/>\n&#13;<br \/>\n&#13;<br \/>\n&#13;<br \/>\n&#13;<br \/>\n&#13;<br \/>\n&#13;<br \/>\n&#13;<br \/>\n&#13;<br \/>\n&#13;<br \/>\n&#13;<br \/>\n&#13;<br \/>\n&#13;<br \/>\n&#13;<br \/>\n&#13;<br \/>\n&#13;<br \/>\n&#13;<br \/>\n&#13;<br \/>\n&#13;<br \/>\n&#13;<br \/>\n&#13;<br \/>\n&#13;<br \/>\n&#13;<br \/>\n&#13;<br \/>\n&#13;<br \/>\n&#13;<br \/>\n&#13;<br \/>\n&#13;<br \/>\n&#13;<br \/>\n&#13;<br \/>\n&#13;<br \/>\n&#13;<br \/>\n&#13;<br \/>\n&#13;<br \/>\n&#13;<br \/>\n&#13;<br \/>\n&#13;<br \/>\n&#13;<br \/>\n&#13;<br \/>\n&#13;<br \/>\n&#13;<br \/>\n&#13;<br \/>\n&#13;<br \/>\n&#13;<br \/>\n&#13;<br \/>\n&#13;<br \/>\n&#13;<br \/>\n&#13;<br \/>\n&#13;<br \/>\n&#13;\n<\/p>\n<p class=\"chapter-paragraph\"><b>I NUMERI DELLA SPECIE<br \/><\/b>Gli oranghi, la cui popolazione \u00e8 in forte declino, sono endemici delle foreste di Sumatra e del Borneo. Secondo <b>i dati aggiornati al 2016 la loro popolazione nel Borneo <\/b>(Pongo pygmaeus)\u00a0<b>si aggirava intorno ai 57mila esemplari. <\/b>A Sumatra, invece, si contavano circa 11mila individui, secondo uno studio indonesiano condotto tra il 2021 e il 2023, ma molti sono <b>morti a causa delle inondazioni che hanno devastato parte dell&#8217;isola lo scorso novembre e dicembre.<\/b><\/p>\n<p class=\"chapter-paragraph\"><b>LA PIOGGIA ARTIFICIALE<\/b><br \/>Nelle ultime settimane, l&#8217;Indonesia ha intensificato le operazioni contro gli incendi boschivi: secondo il viceministro della Salute Dante Saksono <br \/>Harbuwono, circa 13.500 persone sono state curate per <b>infezioni respiratorie<\/b> tra luglio e agosto. Particolare attenzione \u00e8 rivolta a bambini, anziani, donne incinta con asma e lavoratori all&#8217;aperto. Il governo ha distribuito oltre <b>cinque milioni di mascherine<\/b>. L&#8217;agenzia per i disastri Bnpb <br \/>ha anche riferito di aver intensificato le operazioni di spegnimento e raffreddamento, con oltre quattro milioni di litri d&#8217;acqua versati sulle aree in fiamme. <b>Il 26 agosto sono stati inoltre dispersi oltre 8mila chilogrammi di sale nelle nuvole per favorire le precipitazioni\u00a0<\/b>in alcune zone di Sumatra e del Kalimantan. L&#8217;operazione di cloud-seeding si\u00a0svolge in un momento in cui \u00abgli incendi in Indonesia hanno provocato una nebbia che ha oltrepassato il confine raggiungendo anche la Malesia e costringendo &#8211; riferisce la Bbc &#8211; alcune scuole \u00aba passare alla didattica online\u00bb, mentre \u00abl&#8217;inquinamento atmosferico ha toccato livelli &#8220;pericolosi&#8221; in alcune aree\u00bb. Da gennaio a luglio gli incendi hanno<b> distrutto oltre 200mila ettari di territorio<\/b>. Le autorit\u00e0 attribuiscono molti roghi alle <b>pratiche agricole di disboscamento<\/b> effettuate attraverso gli incendi.\u00a0<\/p>\n<p>        <img decoding=\"async\" class=\"is_full_image\" loading=\"lazy\" alt=\"Mamma e cucciolo di orango salvati nel Borneo dal fumo degli incendi: la foto simbolo\" src=\"https:\/\/www.europesays.com\/it\/wp-content\/uploads\/2026\/09\/6a9963d7755ee.jpeg\" data-full-src=\"https:\/\/www.europesays.com\/it\/wp-content\/uploads\/2026\/09\/6a9963d7755ee.jpeg\"\/><\/p>\n<p>Per ricevere tutti gli aggiornamenti sul mondo degli animali<br \/>Iscrivetevi alla <a href=\"https:\/\/www.corriere.it\/newsletter\/?theme=70\" rel=\"nofollow noopener\" target=\"_blank\">newsletter Animali<\/a><\/p>\n<p class=\"is-last-update\" datetime=\"2026-09-03T14:39:34+02:00\">3 settembre 2026 ( modifica il 3 settembre 2026 | 14:39)<\/p>\n<p class=\"is-copyright\">\n            \u00a9 RIPRODUZIONE RISERVATA\n        <\/p>\n","protected":false},"excerpt":{"rendered":"di Silvia Morosi L&#8217;animale \u00e8 stato ritrovato circondato dal fumo, insieme a un cucciolo Due oranghi, una mamma&hellip;\n","protected":false},"author":3,"featured_media":663292,"comment_status":"","ping_status":"","sticky":false,"template":"","format":"standard","meta":{"footnotes":"","_share_on_mastodon":"0"},"categories":[160],"tags":[2699,3960,16442,365608,365609,1018,917,34295,8950,114284,365610,14,44898,164,165,17781,55428,16657,459,17778,127160,365611,10714,365606,426,4002,365612,166,7,15,892,365607,209961,141261,11,167,12,168,161,162,163],"class_list":["post-663291","post","type-post","status-publish","format-standard","has-post-thumbnail","category-mondo","tag-agosto","tag-alcune","tag-animale","tag-animale-ritrovato","tag-animale-ritrovato-circondato","tag-aree","tag-autorita","tag-borneo","tag-chiamata","tag-circondato","tag-circondato-fumo","tag-cronaca","tag-cucciolo","tag-dal-mondo","tag-dalmondo","tag-esemplari","tag-femmina","tag-fumo","tag-incendi","tag-indonesia","tag-intensificato","tag-intensificato-operazioni","tag-isola","tag-kalimantan","tag-luglio","tag-mamma","tag-mamma-cucciolo","tag-mondo","tag-news","tag-notizie","tag-operazioni","tag-oranghi","tag-orango","tag-sumatra","tag-ultime-notizie","tag-ultime-notizie-di-mondo","tag-ultimenotizie","tag-ultimenotiziedimondo","tag-world","tag-world-news","tag-worldnews"],"share_on_mastodon":{"url":"","error":"Validation failed: Text character limit of 500 exceeded"},"_links":{"self":[{"href":"https:\/\/www.europesays.com\/it\/wp-json\/wp\/v2\/posts\/663291","targetHints":{"allow":["GET"]}}],"collection":[{"href":"https:\/\/www.europesays.com\/it\/wp-json\/wp\/v2\/posts"}],"about":[{"href":"https:\/\/www.europesays.com\/it\/wp-json\/wp\/v2\/types\/post"}],"author":[{"embeddable":true,"href":"https:\/\/www.europesays.com\/it\/wp-json\/wp\/v2\/users\/3"}],"replies":[{"embeddable":true,"href":"https:\/\/www.europesays.com\/it\/wp-json\/wp\/v2\/comments?post=663291"}],"version-history":[{"count":0,"href":"https:\/\/www.europesays.com\/it\/wp-json\/wp\/v2\/posts\/663291\/revisions"}],"wp:featuredmedia":[{"embeddable":true,"href":"https:\/\/www.europesays.com\/it\/wp-json\/wp\/v2\/media\/663292"}],"wp:attachment":[{"href":"https:\/\/www.europesays.com\/it\/wp-json\/wp\/v2\/media?parent=663291"}],"wp:term":[{"taxonomy":"category","embeddable":true,"href":"https:\/\/www.europesays.com\/it\/wp-json\/wp\/v2\/categories?post=663291"},{"taxonomy":"post_tag","embeddable":true,"href":"https:\/\/www.europesays.com\/it\/wp-json\/wp\/v2\/tags?post=663291"}],"curies":[{"name":"wp","href":"https:\/\/api.w.org\/{rel}","templated":true}]}}