{"id":66330,"date":"2025-08-24T14:48:10","date_gmt":"2025-08-24T14:48:10","guid":{"rendered":"https:\/\/www.europesays.com\/it\/66330\/"},"modified":"2025-08-24T14:48:10","modified_gmt":"2025-08-24T14:48:10","slug":"sesso-a-80-anni-bellissimo-la-dieta-due-tazze-di-te-e-uova-cotte","status":"publish","type":"post","link":"https:\/\/www.europesays.com\/it\/66330\/","title":{"rendered":"\u00abSesso a 80 anni? Bellissimo. La dieta? Due tazze di t\u00e8 e uova cotte\u00bb"},"content":{"rendered":"<p>A 80 anni\u00a0<strong><a href=\"https:\/\/www.ilgazzettino.it\/t\/rosanna-lambertucci\" rel=\"nofollow noopener\" target=\"_blank\">Rosanna Lambertucci<\/a><\/strong>\u00a0continua a sorprendere per energia, vitalit\u00e0 e passione per la vita. <\/p>\n<p>In un\u2019intervista al Corriere della Sera, la storica conduttrice e pioniera della divulgazione scientifica in tv ha raccontato come mantiene forma fisica e benessere, tra alimentazione equilibrata, attivit\u00e0 fisica costante e una vita sentimentale e sessuale attiva.<br \/>\n    &#13;<\/p>\n<p>APPROFONDIMENTI<\/p>\n<p>&#13;<br \/>\n        &#13;<\/p>\n<p>Nella lunga intervista, Lambertucci ha parlato anche della sua vita privata e sentimentale: \u00abMi sono sposata due anni fa, a 78 anni, con la persona che mi sta accanto da dieci anni. Ho deciso di farlo con l\u2019abito bianco. E invece sono stata travolta dagli auguri, dagli abbracci, dalle tante testimonianze di donne che, come me, si sono innamorate tardi\u00bb.<\/p>\n<p>Carriera e incontri memorabili <\/p>\n<p>Non sono mancati i ricordi legati alla carriera: \u00abChristiaan Barnard\u00a0nel mio salotto in tv venne a raccontare il primo trapianto di cuore al mondo. Io e il professor\u00a0Umberto Veronesi\u00a0abbiamo fatto la prima autopalpazione al seno in diretta televisiva.\u00a0Giulio Andreotti\u00a0volle essere ospite nella mia trasmissione non per parlare di politica, ma per confessare il suo vero demone: la cefalea\u00bb.<\/p>\n<p>Le sfide personali <\/p>\n<p>Rosanna Lambertucci ha ricordato anche i momenti difficili: \u00abHo avuto quattro aborti spontanei e due bambine nate e sopravvissute appena due giorni. La maternit\u00e0 per me \u00e8 stata un cammino molto travagliato\u00bb. Oggi, a quasi ottant\u2019anni, Lambertucci mantiene una routine attenta alla salute e alla forma fisica: \u00abOgni mattina faccio palestra, soprattutto sollevamento pesi. Poi vado a correre e almeno due volte alla settimana faccio venire a casa uno specialista di ginnastica posturale. \u00c8 fondamentale per la postura e per proteggere l\u2019apparato digerente\u00bb.<\/p>\n<p>Dieta e vita intima <\/p>\n<p>Anche l\u2019alimentazione \u00e8 studiata: \u00abOgni mattina bevo due tazze di t\u00e8 verde &#8211; spiega al Corriere &#8211; poi uova cotte con poco condimento e pane tostato. Alla sera mangio pasta, settanta grammi con condimento leggero, perch\u00e9 favorisce il sonno e non fa ingrassare\u00bb.<\/p>\n<p>Infine non nasconde l\u2019importanza della vita sessuale: \u00abA ottant\u2019anni il sesso non \u00e8 pi\u00f9 un esercizio ginnico, ma diventa un esercizio di profonda, appagante, magica intimit\u00e0. In una parola: \u00e8 bellissimo\u00bb.<\/p>\n","protected":false},"excerpt":{"rendered":"A 80 anni\u00a0Rosanna Lambertucci\u00a0continua a sorprendere per energia, vitalit\u00e0 e passione per la vita. In un\u2019intervista al Corriere&hellip;\n","protected":false},"author":3,"featured_media":66331,"comment_status":"","ping_status":"","sticky":false,"template":"","format":"standard","meta":{"footnotes":"","_share_on_mastodon":"0"},"categories":[1444],"tags":[51560,203,51561,204,1537,90,89,51039,253,51562],"class_list":["post-66330","post","type-post","status-publish","format-standard","has-post-thumbnail","category-tv","tag-christiaan-barnard","tag-entertainment","tag-giulio-andreotti","tag-intrattenimento","tag-it","tag-italia","tag-italy","tag-rosanna-lambertucci","tag-tv","tag-umberto-veronesi"],"share_on_mastodon":{"url":"","error":""},"_links":{"self":[{"href":"https:\/\/www.europesays.com\/it\/wp-json\/wp\/v2\/posts\/66330","targetHints":{"allow":["GET"]}}],"collection":[{"href":"https:\/\/www.europesays.com\/it\/wp-json\/wp\/v2\/posts"}],"about":[{"href":"https:\/\/www.europesays.com\/it\/wp-json\/wp\/v2\/types\/post"}],"author":[{"embeddable":true,"href":"https:\/\/www.europesays.com\/it\/wp-json\/wp\/v2\/users\/3"}],"replies":[{"embeddable":true,"href":"https:\/\/www.europesays.com\/it\/wp-json\/wp\/v2\/comments?post=66330"}],"version-history":[{"count":0,"href":"https:\/\/www.europesays.com\/it\/wp-json\/wp\/v2\/posts\/66330\/revisions"}],"wp:featuredmedia":[{"embeddable":true,"href":"https:\/\/www.europesays.com\/it\/wp-json\/wp\/v2\/media\/66331"}],"wp:attachment":[{"href":"https:\/\/www.europesays.com\/it\/wp-json\/wp\/v2\/media?parent=66330"}],"wp:term":[{"taxonomy":"category","embeddable":true,"href":"https:\/\/www.europesays.com\/it\/wp-json\/wp\/v2\/categories?post=66330"},{"taxonomy":"post_tag","embeddable":true,"href":"https:\/\/www.europesays.com\/it\/wp-json\/wp\/v2\/tags?post=66330"}],"curies":[{"name":"wp","href":"https:\/\/api.w.org\/{rel}","templated":true}]}}