{"id":663304,"date":"2026-09-03T19:21:15","date_gmt":"2026-09-03T19:21:15","guid":{"rendered":"https:\/\/www.europesays.com\/it\/663304\/"},"modified":"2026-09-03T19:21:15","modified_gmt":"2026-09-03T19:21:15","slug":"amorim-per-juve-milan-puo-battere-sacchi-capello-e-ancelotti","status":"publish","type":"post","link":"https:\/\/www.europesays.com\/it\/663304\/","title":{"rendered":"Amorim per Juve-Milan: pu\u00f2 battere Sacchi, Capello e Ancelotti"},"content":{"rendered":"<p>                                Se il nuovo allenatore vincesse anche a Torino, batterebbe tutti i tecnici rossoneri dal 1958 a oggi<\/p>\n<p class=\"paragraph\" spellcheck=\"true\">&#8220;Ruben Amorim pu\u00f2 fare meglio di Sacchi, Capello e Ancelotti&#8221;. Prima di invocare sacrilegio, lesa maest\u00e0 e oltraggio a pubblica leggenda, prendere un respiro e considerare che lo dicono i numeri. Il grande mondo delle statistiche offre uno spunto: se <a href=\"https:\/\/www.gazzetta.it\/Calcio\/Serie-A\/Milan\/storie\/01-09-2026\/modric-gioco-e-giovani-le-sfide-di-amorim-per-rilanciare-il-milan\/il-mercato-e-le-idee-del-tecnico.shtml?intcmp=hyperlink-articolo-gazit\" rel=\"nofollow noopener\" target=\"_blank\">Amorim battesse la Juve<\/a> a Torino, diventerebbe il primo allenatore dal 1958 a vincere le prime tre partite di campionato della sua vita milanista. Non ci \u00e8 riuscito nessuno negli ultimi 68 anni. Chi l&#8217;avrebbe detto?<\/p>\n<p>        sacchi, capello e ancelotti\u2014 \u00a0<\/p>\n<p class=\"paragraph\" spellcheck=\"true\">Sacchi firm\u00f2 con il Milan nell&#8217;estate 1987 e alla seconda giornata perse in casa contro la Fiorentina. Gol di Ramon Diaz e Roberto Baggio. Capello prese la squadra nel 1991 e alla terza giornata gioc\u00f2, guarda un po&#8217;, a Torino contro la Juve. Era settembre anche allora, 35 anni fa. Il Milan aveva vinto le prime due con Ascoli e Cagliari ma alla terza non and\u00f2 oltre un 1-1 rimediato in extremis. Ancelotti arriv\u00f2 in corsa, nel novembre 2001, per sostituire Fatih Terim, degradato da Imperatore a reuccio in esilio. Alla prima, pareggi\u00f2 in casa: 0-0 contro il Piacenza. Male. Non sempre quel proverbio sul buongiorno e il mattino ha un senso.\u00a0<\/p>\n<p>        chi ci \u00e8 riuscito\u2014 \u00a0<\/p>\n<p class=\"paragraph\" spellcheck=\"true\">S\u00ec, ma quanti allenatori del Milan sono riusciti a vincere le prime tre partite della loro vita in Serie A? Solo tre.\u00a0Mario Sperone nel 1952, Gipo Viani nel 1956 e Luigi &#8220;Cina&#8221; Bonizzoni nel 1958. Un&#8217;altra epoca. Nei tempi moderni nessuno, neanche con un calendario favorevole (Allegri aveva Lecce, Cesena e Catania), neanche con un colpo di fortuna.\u00a0<\/p>\n<p><a class=\"is-partner-link\" href=\"https:\/\/ad.doubleclick.net\/ddm\/trackclk\/N1792338.340088CAIRORCSMEDIAS.P.\/B28038690.452531709;dc_trk_aid=646241311;dc_trk_cid=173665161;dc_lat=;dc_rdid=;tag_for_child_directed_treatment=;tfua=;gdpr=%24%7BGDPR%7D;gdpr_consent=%24%7BGDPR_CONSENT_755%7D;ltd=;dc_tdv=1\" rel=\"nofollow noopener\" target=\"_blank\">Guarda tutte le partite di Serie A Enilive in esclusiva nei locali Sky! Trova il locale pi\u00f9 vicino a te.<\/a><\/p>\n<p>        amorim: che cosa deve fare\u2014 \u00a0<\/p>\n<p class=\"paragraph\" spellcheck=\"true\">Amorim contro il Venezia ha rischiato di lasciare punti ma ha mostrato idee e atteggiamento offensivo. Contro la Juventus, certo, sar\u00e0 pi\u00f9 difficile.\u00a0Con Spalletti \u00e8 logico aspettarsi una partita aperta, con accelerazioni e decelerazioni, momenti intensi e altri pi\u00f9 tranquilli. Pu\u00f2 andare in tanti modi diversi, secondo esito dei duelli, preparazione tattica della partita e momento dei singoli. Rabiot, ad esempio, nel suo vecchio stadio \u00e8 atteso dall&#8217;inizio, per la prima volta in stagione. Amorim\u00a0dovr\u00e0 fare scelte non scontate. Ha senso insistere su Loftus-Cheek dal primo minuto? (no, probabilmente) \u00c8 giusto dare ancora una maglia da titolare ad Alphadjo Cisse? Se Amorim avesse dubbi, ricordi che Cina Bonizzoni, oltre ad avere detto no agli Agnelli che gli offrivano una Cinquecento per andare ad allenare la Juve, un giorno vide un ragazzino allenarsi sotto la pioggia sui campi del Milan a Linate. Era un provino, e il piccolino da lontano, con quell&#8217;acqua, si muoveva come Schiaffino. Lo prese e lo port\u00f2 a giocare in prima squadra anche se aveva 16 anni, quattro meno di Alpha Cisse. Era Gianni Rivera.<\/p>\n<p class=\"is-copyright\">\u00a9 RIPRODUZIONE RISERVATA<\/p>\n","protected":false},"excerpt":{"rendered":"Se il nuovo allenatore vincesse anche a Torino, batterebbe tutti i tecnici rossoneri dal 1958 a oggi &#8220;Ruben&hellip;\n","protected":false},"author":3,"featured_media":663305,"comment_status":"","ping_status":"","sticky":false,"template":"","format":"standard","meta":{"footnotes":"","_share_on_mastodon":"0"},"categories":[1452],"tags":[1960,50020,28271,32,365616,721,30465,365613,356,365617,46661,1740,5183,1537,90,89,565,553,14344,1290,4283,31693,4425,231703,3353,38033,365614,365615,2677,1739,245,244,1857,3586,1641,4968,365618],"class_list":["post-663304","post","type-post","status-publish","format-standard","has-post-thumbnail","category-calcio","tag-allenatore","tag-amorim","tag-ancelotti","tag-andare","tag-bonizzoni","tag-calcio","tag-capello","tag-capello-ancelotti","tag-cina","tag-cina-bonizzoni","tag-cisse","tag-football","tag-giornata","tag-it","tag-italia","tag-italy","tag-juve","tag-milan","tag-neanche","tag-partita","tag-partite","tag-prese","tag-prime","tag-prime-partite","tag-riuscito","tag-sacchi","tag-sacchi-capello","tag-sacchi-capello-ancelotti","tag-senso","tag-soccer","tag-sport","tag-sports","tag-squadra","tag-terza","tag-torino","tag-vincere","tag-vincere-prime"],"share_on_mastodon":{"url":"https:\/\/pubeurope.com\/@it\/117208736312810372","error":""},"_links":{"self":[{"href":"https:\/\/www.europesays.com\/it\/wp-json\/wp\/v2\/posts\/663304","targetHints":{"allow":["GET"]}}],"collection":[{"href":"https:\/\/www.europesays.com\/it\/wp-json\/wp\/v2\/posts"}],"about":[{"href":"https:\/\/www.europesays.com\/it\/wp-json\/wp\/v2\/types\/post"}],"author":[{"embeddable":true,"href":"https:\/\/www.europesays.com\/it\/wp-json\/wp\/v2\/users\/3"}],"replies":[{"embeddable":true,"href":"https:\/\/www.europesays.com\/it\/wp-json\/wp\/v2\/comments?post=663304"}],"version-history":[{"count":0,"href":"https:\/\/www.europesays.com\/it\/wp-json\/wp\/v2\/posts\/663304\/revisions"}],"wp:featuredmedia":[{"embeddable":true,"href":"https:\/\/www.europesays.com\/it\/wp-json\/wp\/v2\/media\/663305"}],"wp:attachment":[{"href":"https:\/\/www.europesays.com\/it\/wp-json\/wp\/v2\/media?parent=663304"}],"wp:term":[{"taxonomy":"category","embeddable":true,"href":"https:\/\/www.europesays.com\/it\/wp-json\/wp\/v2\/categories?post=663304"},{"taxonomy":"post_tag","embeddable":true,"href":"https:\/\/www.europesays.com\/it\/wp-json\/wp\/v2\/tags?post=663304"}],"curies":[{"name":"wp","href":"https:\/\/api.w.org\/{rel}","templated":true}]}}