{"id":663315,"date":"2026-09-03T19:28:16","date_gmt":"2026-09-03T19:28:16","guid":{"rendered":"https:\/\/www.europesays.com\/it\/663315\/"},"modified":"2026-09-03T19:28:16","modified_gmt":"2026-09-03T19:28:16","slug":"motogp-marc-marquez-e-la-foto-della-spalla-dopo-le-7-operazioni","status":"publish","type":"post","link":"https:\/\/www.europesays.com\/it\/663315\/","title":{"rendered":"MotoGP: Marc Marquez e la foto della spalla dopo le 7 operazioni"},"content":{"rendered":"<p>                                L&#8217;impressionante immagine pubblicata su Instagram dallo stesso pilota Ducati rende l&#8217;idea delle condizioni dell&#8217;arto<\/p>\n<p class=\"paragraph\" spellcheck=\"true\">Adesso s\u00ec che possiamo farci un\u2019idea. E stavolta bisogna dare atto a Marc Marquez di avercene concesso la possibilit\u00e0, dopo tante parole spesso, quasi sempre, depistanti. Marc s\u2019\u00e8 messo a nudo, letteralmente, su Instagram. E tutti possiamo renderci conto di cosa significhi, veramente, la risposta da lui data ad Aragon. &#8220;Qual \u00e8 il problema al braccio destro?&#8221;, gli avevano chiesto. E lui: &#8220;Le 7 operazioni&#8221;.  Ecco, adesso c\u2019\u00e8 la foto che spiega tutto. C\u2019\u00e8 una spalla destra che sembra quasi atrofizzata rispetto alla sinistra. C\u2019\u00e8 un muscolo dentato anteriore rientrante, come se fosse stato morso da un qualche mostro, evidentemente in sofferenza, scavato dopo i tanti interventi chirurgici. La clavicola martoriata dall\u2019incidente di Jerez 2020, dal rientro forzato con la rottura della placca applicata per ridurre la frattura, dalla caduta dello scorso anno a Mandalika e la nuova rottura. Ecco allora come sta, Marquez. Ecco i segni di una carriera e di una passione che resteranno sul suo corpo per tutta la vita. Ed ecco soprattutto come corre, in questo 2026.<\/p>\n<p>    austin\u2014 \u00a0<\/p>\n<p class=\"paragraph is-inline\" spellcheck=\"true\">S\u2019\u00e8 detto che non \u00e8 da adesso che sono cominciati i guai, ma \u00e8 altrettanto sicuro che l\u2019infortunio di Mandalika 2025 abbia peggiorato, e di molto, la situazione. Che quest\u2019anno Marc non sia &#8211; definitivamente no &#8211; quello dell\u2019anno scorso. Che i guai si siano acuiti. Per quanto lui spesso li abbia sminuiti, quando non negati. &#8220;La caduta a Austin mi ha condizionato molto &#8211; disse ai tempi &#8211; soprattutto per il braccio destro. Anche quando sono rientrato da altri infortuni inizialmente ho tenuto i gomiti pi\u00f9 alti. Poi piano piano li ho abbassati&#8221;. Cos\u00ec spiegava le difficolt\u00e0 di inizio stagione. Salvo poi rispondere alla Gazzetta, a Jerez: &#8220;Sto bene, sono al 100%&#8221;. Tuttavia dopo la caduta a Le Mans avrebbe rivelato di avere bisogno di un intervento alla spalla destra per rimuovere (o spostare) due viti che causavano problemi e toccavano il nervo radiale. Un&#8217;operazione programmata, solo anticipata e &#8220;abbinata&#8221; a quella al piede infortunato in quel GP di Francia. Cos\u00ec si \u00e8 capito che a Jerez qualcosa aveva omesso.<\/p>\n<p>    patterson\u2014 \u00a0<\/p>\n<p class=\"paragraph is-inline\" spellcheck=\"true\">Nel corso dell\u2019estate, poi, Simon Patterson su The Race aveva rivelato indiscrezioni dal box Ducati: &#8220;Marc ci mente continuamente sul suo stato di salute. Ci dice che sta bene quando non \u00e8 vero. E mai il contrario: non giustifica mai le sue prestazioni con lo stato fisico&#8221;.  Adesso, quel torso e quella spalla nudi spiegano molto, se non tutto. Dicono, ancora di pi\u00f9 di quanto (non) ci fosse bisogno di sapere su che razza di fenomeno sia Marc Marquez. Raccontano dell\u2019uomo. Di uno che ha gi\u00e0 vinto nove titoli Mondiali e che ha appena rinnovato il contratto con la Ducati. Forse per inseguire qualcosa. Certamente per correre, per correre ancora.<\/p>\n","protected":false},"excerpt":{"rendered":"L&#8217;impressionante immagine pubblicata su Instagram dallo stesso pilota Ducati rende l&#8217;idea delle condizioni dell&#8217;arto Adesso s\u00ec che possiamo&hellip;\n","protected":false},"author":3,"featured_media":663316,"comment_status":"","ping_status":"","sticky":false,"template":"","format":"standard","meta":{"footnotes":"","_share_on_mastodon":"0"},"categories":[176],"tags":[26740,365621,365622,31363,23968,37,588,36693,2770,57473,3177,3257,3438,228,25334,128,230,1537,90,89,46073,89448,3657,2835,3442,892,365619,975,896,35619,25072,337,27616,365620,245,244],"class_list":["post-663315","post","type-post","status-publish","format-standard","has-post-thumbnail","category-sport","tag-abbassati","tag-abbassati-spiegava","tag-abbassati-spiegava-difficolta","tag-abbinata","tag-austin","tag-bisogno","tag-braccio","tag-braccio-destro","tag-caduta","tag-correre","tag-destra","tag-destro","tag-ducati","tag-foto","tag-guai","tag-idea","tag-instagram","tag-it","tag-italia","tag-italy","tag-jerez","tag-mandalika","tag-marc","tag-marc-marquez","tag-marquez","tag-operazioni","tag-patterson","tag-piano","tag-possiamo","tag-rivelato","tag-rottura","tag-soprattutto","tag-spalla","tag-spalla-destra","tag-sport","tag-sports"],"share_on_mastodon":{"url":"https:\/\/pubeurope.com\/@it\/117208764153044844","error":""},"_links":{"self":[{"href":"https:\/\/www.europesays.com\/it\/wp-json\/wp\/v2\/posts\/663315","targetHints":{"allow":["GET"]}}],"collection":[{"href":"https:\/\/www.europesays.com\/it\/wp-json\/wp\/v2\/posts"}],"about":[{"href":"https:\/\/www.europesays.com\/it\/wp-json\/wp\/v2\/types\/post"}],"author":[{"embeddable":true,"href":"https:\/\/www.europesays.com\/it\/wp-json\/wp\/v2\/users\/3"}],"replies":[{"embeddable":true,"href":"https:\/\/www.europesays.com\/it\/wp-json\/wp\/v2\/comments?post=663315"}],"version-history":[{"count":0,"href":"https:\/\/www.europesays.com\/it\/wp-json\/wp\/v2\/posts\/663315\/revisions"}],"wp:featuredmedia":[{"embeddable":true,"href":"https:\/\/www.europesays.com\/it\/wp-json\/wp\/v2\/media\/663316"}],"wp:attachment":[{"href":"https:\/\/www.europesays.com\/it\/wp-json\/wp\/v2\/media?parent=663315"}],"wp:term":[{"taxonomy":"category","embeddable":true,"href":"https:\/\/www.europesays.com\/it\/wp-json\/wp\/v2\/categories?post=663315"},{"taxonomy":"post_tag","embeddable":true,"href":"https:\/\/www.europesays.com\/it\/wp-json\/wp\/v2\/tags?post=663315"}],"curies":[{"name":"wp","href":"https:\/\/api.w.org\/{rel}","templated":true}]}}