{"id":663326,"date":"2026-09-03T19:34:22","date_gmt":"2026-09-03T19:34:22","guid":{"rendered":"https:\/\/www.europesays.com\/it\/663326\/"},"modified":"2026-09-03T19:34:22","modified_gmt":"2026-09-03T19:34:22","slug":"caso-orlandi-gregori-sotto-il-bar-dellamica-di-mirella-ce-un-sotterraneo-inaccessibile-la-botola-chiusa-con-il-cemento-scoperta-anche-unuscita-secondaria","status":"publish","type":"post","link":"https:\/\/www.europesays.com\/it\/663326\/","title":{"rendered":"Caso Orlandi-Gregori, sotto il bar dell\u2019amica di Mirella c&#8217;\u00e8 un sotterraneo inaccessibile: la botola chiusa con il cemento. Scoperta anche un\u2019uscita secondaria"},"content":{"rendered":"<p>    di<br \/>\n    Fabrizio Peronaci<\/p>\n<p class=\"summary-art is-line-h-12\">Nel locale di via Nomentana 81 (oggi bottega bio) la quindicenne fu vista entrare il 7 maggio 1983. La commissione parlamentare aveva chiesto indagini al Catasto, rimaste senza risposta. Non \u00e8 stato ancora svolto un sopralluogo<\/p>\n<p class=\"chapter-paragraph\">Una botola nel <b>bar dei misteri<\/b> c\u2019\u00e8. Si spalanca su un grande locale sotterraneo, <b>infestato da topi e scarafaggi<\/b>, della cui esistenza finora non si aveva avuto contezza. E non manca neppure <b>un\u2019uscita secondaria <\/b>sul retro, che d\u00e0 su una chiostrina interna, di cui in 43 anni non si \u00e8 mai parlato. Il <a href=\"https:\/\/roma.corriere.it\/notizie\/cronaca\/23_maggio_07\/mirella-gregori-sequestrata-40-anni-fa-i-legami-con-il-caso-orlandi-i-misteri-della-scomparsa-e-una-nuova-testimone-41408516-773c-471a-9331-9b0a60960xlk.shtml\" rel=\"nofollow noopener\" target=\"_blank\">giallo di Mirella Gregori<\/a>, la quindicenne sparita un mese prima di <a href=\"https:\/\/roma.corriere.it\/notizie\/cronaca\/24_maggio_08\/orlandi-gregori-ricostruzione-commissione-inchiesta-8a485b48-a9e1-4d5f-acb6-abd03da96xlk.shtml\" rel=\"nofollow noopener\" target=\"_blank\">Emanuela Orlandi<\/a> nel remotissimo 1983, fa un <b>salto in avanti<\/b>. Nei mesi scorsi la <b>commissione parlamentare d\u2019inchiesta<\/b> sulla scomparsa delle due ragazze aveva tentato, senza riuscirci, di ottenere dal Catasto <b>planimetrie e documentazione<\/b> in grado di chiarire una volta per tutte lo stato dei luoghi.<\/p>\n<p>    Il bar\u00a0\u00abBaffo\u00bb nel mirino<\/p>\n<p class=\"chapter-paragraph\">Sotto la lente c\u2019\u00e8 il <b>locale nel quale Mirella Gregori<\/b> entr\u00f2 per l\u2019ultima volta il 7 maggio 1983, per incontrare la sua amica Sonia De Vito, <b>figlia del titolare del bar \u00abItalia\u00bb<\/b> (detto anche \u00abda Baffo\u00bb) che si trovava al civico 81, a pochi metri dal portone al 91, dove viveva la famiglia Gregori. <b>Le due amiche si chiusero in bagno<\/b> per circa un quarto d\u2019ora, prima di uscire, dopo essersi (forse) cambiate d&#8217;abito.\u00a0    &#13;<br \/>\n&#13;<br \/>\n&#13;<br \/>\n&#13;<br \/>\n&#13;<br \/>\n&#13;<br \/>\n&#13;<br \/>\n&#13;<br \/>\n&#13;<br \/>\n&#13;<br \/>\n&#13;<br \/>\n&#13;<br \/>\n&#13;<br \/>\n&#13;<br \/>\n&#13;<br \/>\n&#13;<br \/>\n&#13;<br \/>\n&#13;<br \/>\n&#13;<br \/>\n&#13;<br \/>\n&#13;<br \/>\n&#13;<br \/>\n&#13;<br \/>\n&#13;<br \/>\n&#13;<br \/>\n&#13;<br \/>\n&#13;<br \/>\n&#13;<br \/>\n&#13;<br \/>\n&#13;<br \/>\n&#13;<br \/>\n&#13;<br \/>\n&#13;<br \/>\n&#13;<br \/>\n&#13;<br \/>\n&#13;<br \/>\n&#13;<br \/>\n&#13;<br \/>\n&#13;<br \/>\n&#13;<br \/>\n&#13;<br \/>\n&#13;<br \/>\n&#13;<br \/>\n&#13;<br \/>\n&#13;<br \/>\n&#13;<br \/>\n&#13;<br \/>\n&#13;<br \/>\n&#13;<br \/>\n&#13;<br \/>\n&#13;<br \/>\n&#13;<br \/>\n&#13;\n<\/p>\n<p class=\"chapter-paragraph\">A quel punto le <b>tracce di Mirella svaniscono <\/b>e<b>\u00a0<\/b>la ragazza si dissolve nel nulla, in un enigma da incubo. Che fine ha fatto la quindicenne? Possibile nessuno l\u2019abbia vista? Era andata verso la <b>statua del Bersagliere<\/b> a Porta Pia, all&#8217;appuntamento con il presunto Alessandro che le aveva citofonato, o a <b>Villa Torlonia<\/b> \u00abcon gli amici che suonavano la chitarra\u00bb, come ipotizzato sulla base di <b>testimonianze incerte e contraddittorie<\/b>?<\/p>\n<p>        <img decoding=\"async\" class=\"is_full_image\" loading=\"lazy\" alt=\"Caso Orlandi-Gregori, sotto il bar dell\u2019amica di Mirella scoperto un sotterraneo inaccessibile: la botola chiusa con il cemento. C\u2019\u00e8 anche un\u2019uscita secondaria\" src=\"https:\/\/www.europesays.com\/it\/wp-content\/uploads\/2026\/09\/6a993211eb456.jpeg\" data-full-src=\"https:\/\/www.europesays.com\/it\/wp-content\/uploads\/2026\/09\/6a993211eb456.jpeg\"\/><\/p>\n<p>    Il sotterraneo del mistero<\/p>\n<p class=\"chapter-paragraph\">Ora, dopo i tentativi a vuoto della <b>Commissione parlamentare<\/b> insediata da due anni e mezzo a palazzo San Macuto, il Corriere\u00a0\u00e8 in grado di svelare alcune novit\u00e0 a lungo attese. Primo: <b>sotto il pavimento dell&#8217;esercizio commerciale<\/b>\u00a0al civico 81 della via Nomentana che un tempo fu il bar dei De Vito (oggi adibito a tavola calda bio), esiste effettivamente un <b>piano sottostante<\/b>, la cui <b>metratura <\/b>coincide con quella del piano superiore. Uno spazio grande, quindi: largo 3,5-4 metri e lungo una ventina, simile a un vagone. Si tratta di un\u00a0<b>antro senza sfiati n\u00e9 tantomeno finestre, del tutto inaccessibile <\/b>perch\u00e9 <b>&#8211;\u00a0<\/b>e qui veniamo alla seconda novit\u00e0 &#8211; \u00e8 sopravvenuta una circostanza sorprendente: la <b>botola dalla quale si accedeva nel piano interrato<\/b>, come accertato dal Corriere parlando con persone ben informate, qualche anno fa \u00e8 stata <b>murata con una passata di cemento<\/b>. Per ispezionare lo \u00abscantinato dei misteri\u00bb, dunque, bisognerebbe <b>armarsi di piccone<\/b>, sfasciare il pavimento e calarsi con delle funi.\u00a0<\/p>\n<p>    L&#8217;uscita segreta<\/p>\n<p class=\"chapter-paragraph\">La terza novit\u00e0 \u00e8 altrettanto rilevante, ai fini di una <b>ricostruzione alternativa della scena <\/b>in cui Mirella fu vista viva per l&#8217;ultima volta: si \u00e8 sempre dato per scontato, infatti, che la ragazza usc\u00ec dal bar \u00abBaffo\u00bb sul marciapiede di via Nomentana, ma <b>in realt\u00e0 il locale disponeva allora e dispone tuttora di una porticina sul retro<\/b>, in fondo al \u00abvagone\u00bb. L&#8217;uscita secondaria immette in una <b>chiostrina<\/b>, non dotata di passaggi verso l&#8217;esterno (ma di finestre o scalette s\u00ec), <b>simile se non identica<\/b> a quella fotografata qui sotto, alla quale si accede dal civico 77, che si trova alla sinistra del fu bar dei De Vito.\u00a0<br \/>Le <b>domande si accavallano<\/b> e inquietano. Mirella pass\u00f2 da qui? Chi la rap\u00ec utilizz\u00f2 l&#8217;\u00abuscita di sicurezza\u00bb o se ne liber\u00f2 addirittura prima, utilizzando la \u00abgrotta\u00bb che a oggi non risulta negli atti catastali?<\/p>\n<p>        <img decoding=\"async\" class=\"is_full_image\" loading=\"lazy\" alt=\"Caso Orlandi-Gregori, sotto il bar dell\u2019amica di Mirella c'\u00e8 un sotterraneo inaccessibile: la botola chiusa con il cemento. Scoperta anche un\u2019uscita secondaria\" src=\"https:\/\/www.europesays.com\/it\/wp-content\/uploads\/2026\/09\/6a993d5038ccd.jpeg\" data-full-src=\"https:\/\/www.europesays.com\/it\/wp-content\/uploads\/2026\/09\/6a993d5038ccd.jpeg\"\/><\/p>\n<p>    I dubbi della Commissione parlamentare<\/p>\n<p class=\"chapter-paragraph\">Il <b>medesimo dubbio<\/b> \u00e8 venuto alla Commissione parlamentare d&#8217;inchiesta. Il caso Gregori \u00e8 decifrabile con la formula del <b>\u00abdelitto a km 0\u00bb<\/b>, come sintetizzato da Nicodemo Gentile, l&#8217;avvocato della sorella di Mirella, in alcune sue dichiarazioni? Ci troviamo alle prese con un omicidio perpetrato sotto casa della vittima, per un movente presumibilmente a sfondo sessuale o di sfruttamento? La Bicamerale &#8211; dopo aver saputo dal barista dell&#8217;epoca che <a href=\"https:\/\/roma.corriere.it\/notizie\/cronaca\/26_luglio_16\/caso-orlandi-si-stringe-il-cerchio-su-marco-accetti-interrogato-per-6-ore-dai-carabinieri-convocata-anche-l-ex-fidanzata-42db1af0-6630-4060-993e-2cfcd7d3cxlk.shtml\" rel=\"nofollow noopener\" target=\"_blank\">Marco Accetti, l&#8217;attuale indagato<\/a>, fu visto in quel bar &#8211;\u00a0 \u00e8 andata precisamente in questa direzione, prima <b>affidando al Catasto di Roma un&#8217;indagine conoscitiva<\/b> sullo stato dei luoghi di via Nomentana 81\/91 e poi, lo scorso aprile, convocando a Palazzo San Macuto <b>Moreno Balestro<\/b>, il capo del Settore servizi catastali della Direzione centrale.\u00a0<\/p>\n<p>        <img decoding=\"async\" class=\"is_full_image\" loading=\"lazy\" alt=\"Caso Orlandi-Gregori, sotto il bar dell\u2019amica di Mirella scoperto un sotterraneo inaccessibile: la botola chiusa con il cemento. C\u2019\u00e8 anche un\u2019uscita secondaria\" src=\"https:\/\/www.europesays.com\/it\/wp-content\/uploads\/2026\/09\/6a99333d5ecdd.jpeg\" data-full-src=\"https:\/\/www.europesays.com\/it\/wp-content\/uploads\/2026\/09\/6a99333d5ecdd.jpeg\"\/><\/p>\n<p>    Le domande\u00a0<\/p>\n<p class=\"chapter-paragraph\">Gli onorevoli-detective hanno rivolto al <b>dirigente <\/b>essenzialmente <b>due domande<\/b>, entrambe poste dall&#8217;allora presidente della Commissione, il senatore Andrea De Priamo (poi dimessosi), a nome di tutti, maggioranza e opposizione. La prima: \u00abAl <b>civico 81, \u00e8 stata evidenziata o no la presenza di locali e cantine sotterranei?\u00bb<\/b>\u00a0E la seconda, altrettanto secca:\u00a0<b>\u00abMa andando fino in fondo, il locale \u00e8 cieco o ci sono due uscite?\u00bb<\/b>\u00a0<\/p>\n<p>    Le mancate risposte del Catasto<\/p>\n<p class=\"chapter-paragraph\">In ambedue i casi, sorprendentemente, la <b>risposta ha oscillato tra un \u00abno\u00bb e un \u00abni\u00bb. <\/b> \u00c8 completamente mancata l&#8217;affermativa che molti si aspettavano. La \u00abspelonca\u00bb sotterranea c&#8217;\u00e8 o no?\u00a0\u00abCome vedete dalle piantine proiettate a schermo, la <b>nostra indagine<\/b> \u00e8 stata estesa anche ai piani seminterrati\u00a0&#8211; \u00e8 stata la risposta del dottor Balestri &#8211; ma <b>non abbiamo riscontrato<\/b> la presenza di cantine al piano seminterrato\u00bb. E la seconda uscita? \u00ab<b>Dalla documentazione catastale non si comprende. Bisognerebbe fare un sopralluogo<\/b>. Presidente, il problema \u00e8 che abbiamo rilevato alcune incoerenze&#8230;\u00bb Dove non riusc\u00ec una commissione parlamentare d&#8217;inchiesta, insomma, pot\u00e9 una verifica\u00a0sul posto, che ha dato la possibilit\u00e0 di <b>visionare la situazione di persona,\u00a0<\/b>ottenendo i relativi riscontri.\u00a0<\/p>\n<p>        <img decoding=\"async\" class=\"is_full_image\" loading=\"lazy\" alt=\"Caso Orlandi-Gregori, sotto il bar dell\u2019amica di Mirella c'\u00e8 un sotterraneo inaccessibile: la botola chiusa con il cemento. Scoperta anche un\u2019uscita secondaria\" src=\"https:\/\/www.europesays.com\/it\/wp-content\/uploads\/2026\/09\/6a993f3f5798e.jpeg\" data-full-src=\"https:\/\/www.europesays.com\/it\/wp-content\/uploads\/2026\/09\/6a993f3f5798e.jpeg\"\/><\/p>\n<p>    Il documento dei blogger\u00a0<\/p>\n<p class=\"chapter-paragraph\">Il giallo di Mirella si pu\u00f2 considerare a una <b>svolta<\/b>? A giudicare dalle attese esplicitate dalla Commissione parlamentare attorno al \u00abbar Baffo\u00bb, verrebbe da dire di s\u00ec. A questo punto pare probabile una <b>visita in loco degli onorevoli<\/b> (e della pletora di loro consulenti) per acquisire ufficialmente la novit\u00e0 e <b>procedere in modo pi\u00f9 spedito<\/b> sulla pista del \u00abdelitto a km 0\u00bb. I primi a porre il focus sul piano sottostante al locale, alimentando i dubbi dei parlamentari, erano stati la <b>ricercatrice investigativa<\/b> Rossella Pera (audita dalla Bicamerale il 13 novembre 2025) e il <b>blogger-film maker<\/b> Gianluca Lulli.\u00a0<\/p>\n<p>    La verifica decisiva<\/p>\n<p class=\"chapter-paragraph\">Era stato quest&#8217;ultimo (il 17 aprile 2025) a <b>rivolgere alla Direzione generale archivi &#8211; Archivio di Stato di Roma presso il ministero della Cultura<\/b> la nota dal titolo \u00abImmobile in via Nomentana 81 Roma. Foglio 578 particella 81. Ricerca catastale\u00bb. A stretto giro, gli uffici avevano risposto e chiarito che l&#8217;edificio fine Ottocento (iniziato nel 1889) oggi al centro del giallo Gregori-De Vito fu costruito come\u00a0<b>\u00abcasa con sotterra, corte e botteghe di 88 vani su 7 livelli (sotterraneo, terreno, ammezzato, 1\u00b0\/4\u00b0 piano)\u00bb, a scopo \u00abdi abitazione<\/b>\u00bb. I vani per le cantine sulla carta dovevano esserci, quindi. E infatti c&#8217;erano. Anche se alla Commissione non \u00e8 risultato, negli accertamenti fermi alla scorsa primavera. Adesso, finalmente, ne giunge\u00a0<b>conferma<\/b>, con l&#8217;inquietante corollario di congetture e terribili dubbi.<br \/>(fperonaci@rcs.it)\u00a0<\/p>\n<p class=\"is-mr-t-20 is-mr-b-20\"><b><br \/>\n                    <a href=\"https:\/\/roma.corriere.it\/?intcmp=Notizielocali_nd_010623_corriere_ss_roma\" target=\"_blank\" rel=\"nofollow noopener\">Vai a tutte le notizie di Roma<\/a><br \/>\n            <\/b><\/p>\n<p>[an error occurred while processing this directive]<\/p>\n<p class=\"is-last-update\" datetime=\"2026-09-03T20:37:52+02:00\">3 settembre 2026 ( modifica il 3 settembre 2026 | 20:37)<\/p>\n<p class=\"is-copyright\">\n            \u00a9 RIPRODUZIONE RISERVATA\n        <\/p>\n","protected":false},"excerpt":{"rendered":"di Fabrizio Peronaci Nel locale di via Nomentana 81 (oggi bottega bio) la quindicenne fu vista entrare il&hellip;\n","protected":false},"author":3,"featured_media":663327,"comment_status":"","ping_status":"","sticky":false,"template":"","format":"standard","meta":{"footnotes":"","_share_on_mastodon":"0"},"categories":[79],"tags":[3960,9486,7074,1961,3587,19807,233725,12384,365631,365633,365634,311967,72573,118349,23866,114191,35644,104103,14790,91602,20346,365635,6659,2320,123569,125208,4864,14,93,94,1277,277,139189,2446,365636,274,63522,4754,7757,31247,45,3225,365637,4941,71662,170730,51,950,1537,90,89,4639,695,7364,365638,707,3203,102454,105049,26037,7,365629,15,7462,365639,124419,330,365640,365641,2464,213378,49834,975,365642,8158,135,494,36242,1920,4172,987,2521,280099,365630,11,84,91,12,85,92,12099,365632,6370,124099],"class_list":["post-663326","post","type-post","status-publish","format-standard","has-post-thumbnail","category-italia","tag-alcune","tag-altrettanto","tag-amica","tag-andata","tag-aprile","tag-attese","tag-baffo","tag-bar","tag-bar-baffo","tag-bar-de","tag-bar-de-vito","tag-bicamerale","tag-bio","tag-bisognerebbe","tag-blogger","tag-botola","tag-cantine","tag-catastale","tag-catastali","tag-catasto","tag-cemento","tag-chiostrina","tag-civico","tag-commissione","tag-commissione-parlamentare","tag-commissione-parlamentare-inchiesta","tag-corriere","tag-cronaca","tag-cronaca-italiana","tag-cronacaitaliana","tag-dato","tag-de","tag-de-vito","tag-delitto","tag-delitto-km","tag-direzione","tag-documentazione","tag-domande","tag-dubbi","tag-finestre","tag-fondo","tag-giallo","tag-giallo-mirella","tag-grado","tag-gregori","tag-inaccessibile","tag-inchiesta","tag-indagine","tag-it","tag-italia","tag-italy","tag-km","tag-locale","tag-luoghi","tag-macuto","tag-maggio","tag-metri","tag-mirella","tag-mirella-gregori","tag-misteri","tag-news","tag-nomentana","tag-notizie","tag-novita","tag-onorevoli","tag-orlandi","tag-palazzo","tag-palazzo-san","tag-palazzo-san-macuto","tag-parlamentare","tag-parlamentare-inchiesta","tag-pavimento","tag-piano","tag-piano-sottostante","tag-presenza","tag-presidente","tag-punto","tag-quindicenne","tag-ragazza","tag-risposta","tag-roma","tag-seconda","tag-secondaria","tag-sotterraneo","tag-ultime-notizie","tag-ultime-notizie-e-news-di-oggi","tag-ultime-notizie-italia","tag-ultimenotizie","tag-ultimenotizieenewsdioggi","tag-ultimenotizieitalia","tag-uscita","tag-uscita-secondaria","tag-vista","tag-vito"],"share_on_mastodon":{"url":"","error":"Validation failed: Text character limit of 500 exceeded"},"_links":{"self":[{"href":"https:\/\/www.europesays.com\/it\/wp-json\/wp\/v2\/posts\/663326","targetHints":{"allow":["GET"]}}],"collection":[{"href":"https:\/\/www.europesays.com\/it\/wp-json\/wp\/v2\/posts"}],"about":[{"href":"https:\/\/www.europesays.com\/it\/wp-json\/wp\/v2\/types\/post"}],"author":[{"embeddable":true,"href":"https:\/\/www.europesays.com\/it\/wp-json\/wp\/v2\/users\/3"}],"replies":[{"embeddable":true,"href":"https:\/\/www.europesays.com\/it\/wp-json\/wp\/v2\/comments?post=663326"}],"version-history":[{"count":0,"href":"https:\/\/www.europesays.com\/it\/wp-json\/wp\/v2\/posts\/663326\/revisions"}],"wp:featuredmedia":[{"embeddable":true,"href":"https:\/\/www.europesays.com\/it\/wp-json\/wp\/v2\/media\/663327"}],"wp:attachment":[{"href":"https:\/\/www.europesays.com\/it\/wp-json\/wp\/v2\/media?parent=663326"}],"wp:term":[{"taxonomy":"category","embeddable":true,"href":"https:\/\/www.europesays.com\/it\/wp-json\/wp\/v2\/categories?post=663326"},{"taxonomy":"post_tag","embeddable":true,"href":"https:\/\/www.europesays.com\/it\/wp-json\/wp\/v2\/tags?post=663326"}],"curies":[{"name":"wp","href":"https:\/\/api.w.org\/{rel}","templated":true}]}}