{"id":663336,"date":"2026-09-03T19:47:12","date_gmt":"2026-09-03T19:47:12","guid":{"rendered":"https:\/\/www.europesays.com\/it\/663336\/"},"modified":"2026-09-03T19:47:12","modified_gmt":"2026-09-03T19:47:12","slug":"olimpia-milano-il-torneo-di-creta-sara-su-lba-tv-il-programma-completo","status":"publish","type":"post","link":"https:\/\/www.europesays.com\/it\/663336\/","title":{"rendered":"Olimpia Milano, il torneo di Creta sar\u00e0 su LBA TV: il programma completo"},"content":{"rendered":"<p>Il Crete International Basketball Tournament sar\u00e0 visibile in esclusiva in Italia e gratuitamente su <a href=\"https:\/\/lbatv.com\/home\" target=\"_blank\" rel=\"nofollow noopener\">LBATV<\/a>.Il torneo di preseason, in programma a Creta, riunir\u00e0 quattro protagoniste assolute del basket europeo: <b>Armani <a href=\"https:\/\/www.pianetabasket.com\/olimpia-milano\" title=\"Olimpia Milano\" rel=\"nofollow noopener\" target=\"_blank\">Olimpia Milano<\/a>, Stella Rossa Belgrado, <a href=\"https:\/\/www.pianetabasket.com\/olympiacos-pireo\" title=\"Olympiacos Pireo\" rel=\"nofollow noopener\" target=\"_blank\">Olympiacos Pireo<\/a> e Fenerbah\u00e7e Istanbul<\/b>, offrendo cos\u00ec un test di altissimo livello a pochi giorni dall\u2019inizio della nuova stagione.<\/p>\n<p>Il programma si aprir\u00e0 venerd\u00ec <b>4 settembre<\/b> con le due semifinali: alle <b>17.30 l\u2019Olimpia Milano <\/b>affronter\u00e0<b> la Stella Rossa Belgrado<\/b>, mentre alle <b>20.00<\/b> sar\u00e0 la volta di <b>Olympiacos-Fenerbah\u00e7e<\/b>.<\/p>\n<p>Le finali sono invece previste per <b>domenica 6 settembre<\/b>, con la sfida per il terzo posto alle 17.00 e la finale per il titolo alle 19.30.<\/p>\n<p>Per Milano sar\u00e0 un appuntamento particolarmente interessante per misurare per la prima volta il livello della squadra contro avversarie di primo piano in ambito europeo, in una fase della preparazione in cui ogni test pu\u00f2 offrire indicazioni preziose in vista degli impegni ufficiali.<\/p>\n<p>L&#8217;Olimpia <a href=\"https:\/\/www.pianetabasket.com\/olimpia-milano\/olimpia-milano-il-gm-stavropoulos-squadra-piu-equilibrata-e-quello-che-volevamo-sono-ottimista\" target=\"_self\" rel=\"nofollow noopener\">sar\u00e0 senza Pippo Ricci<\/a>, rimasto a Milano a seguito di un fastidio muscolare, ma non prenderanno parte alla gara con la Stella Rossa <a href=\"https:\/\/www.pianetabasket.com\/legabasket-serie-a\/olimpia-milano-a-creta-con-la-stella-rossa-fuori-guduric-thompson-e-bolmaro\" target=\"_self\" rel=\"nofollow noopener\">neanche Thompson, Guduric e Bolmaro<\/a>, di ritorno dalle Nazionali.Assenze <a href=\"https:\/\/www.pianetabasket.com\/euroleague\/una-stella-rossa-senza-moneke-miljenovic-e-durisic-a-creta-per-lolimpia-milano\" target=\"_self\" rel=\"nofollow noopener\">anche per la Stella Rossa<\/a>, priva di Chima Moneke, Stefan Miljenovi\u0107 e Nikola \u0110uri\u0161i\u0107.<\/p>\n","protected":false},"excerpt":{"rendered":"Il Crete International Basketball Tournament sar\u00e0 visibile in esclusiva in Italia e gratuitamente su LBATV.Il torneo di preseason,&hellip;\n","protected":false},"author":3,"featured_media":663337,"comment_status":"","ping_status":"","sticky":false,"template":"","format":"standard","meta":{"footnotes":"","_share_on_mastodon":"0"},"categories":[1453],"tags":[1756,1757,4159,1537,90,89,5874,39535,245,244],"class_list":["post-663336","post","type-post","status-publish","format-standard","has-post-thumbnail","category-basket","tag-basket","tag-basketball","tag-euroleague","tag-it","tag-italia","tag-italy","tag-olimpia-milano","tag-olympiacos-pireo","tag-sport","tag-sports"],"share_on_mastodon":{"url":"https:\/\/pubeurope.com\/@it\/117208838845437280","error":""},"_links":{"self":[{"href":"https:\/\/www.europesays.com\/it\/wp-json\/wp\/v2\/posts\/663336","targetHints":{"allow":["GET"]}}],"collection":[{"href":"https:\/\/www.europesays.com\/it\/wp-json\/wp\/v2\/posts"}],"about":[{"href":"https:\/\/www.europesays.com\/it\/wp-json\/wp\/v2\/types\/post"}],"author":[{"embeddable":true,"href":"https:\/\/www.europesays.com\/it\/wp-json\/wp\/v2\/users\/3"}],"replies":[{"embeddable":true,"href":"https:\/\/www.europesays.com\/it\/wp-json\/wp\/v2\/comments?post=663336"}],"version-history":[{"count":0,"href":"https:\/\/www.europesays.com\/it\/wp-json\/wp\/v2\/posts\/663336\/revisions"}],"wp:featuredmedia":[{"embeddable":true,"href":"https:\/\/www.europesays.com\/it\/wp-json\/wp\/v2\/media\/663337"}],"wp:attachment":[{"href":"https:\/\/www.europesays.com\/it\/wp-json\/wp\/v2\/media?parent=663336"}],"wp:term":[{"taxonomy":"category","embeddable":true,"href":"https:\/\/www.europesays.com\/it\/wp-json\/wp\/v2\/categories?post=663336"},{"taxonomy":"post_tag","embeddable":true,"href":"https:\/\/www.europesays.com\/it\/wp-json\/wp\/v2\/tags?post=663336"}],"curies":[{"name":"wp","href":"https:\/\/api.w.org\/{rel}","templated":true}]}}