{"id":663363,"date":"2026-09-03T20:02:17","date_gmt":"2026-09-03T20:02:17","guid":{"rendered":"https:\/\/www.europesays.com\/it\/663363\/"},"modified":"2026-09-03T20:02:17","modified_gmt":"2026-09-03T20:02:17","slug":"putin-un-accordo-tra-russia-e-ucraina-e-possibile-ma-su-kiev-la-loro-minaccia-ai-voli-civili-complica-i-negoziati","status":"publish","type":"post","link":"https:\/\/www.europesays.com\/it\/663363\/","title":{"rendered":"Putin: \u00abUn accordo tra Russia e Ucraina \u00e8 possibile\u00bb. Ma su Kiev: \u00abLa loro minaccia ai voli civili complica i negoziati\u00bb"},"content":{"rendered":"<p>            2026-09-03 13:47:45<br \/>\n            Cremlino: Merz fa passi bruschi, ma in modo goffo<\/p>\n<p>Il cancelliere tedesco Friedrich Merz \u00absta cercando di guadagnare punti\u00bb presso l&#8217;opinione pubblica tedesca con quelli che \u00aba suo avviso sono passi quasi bruschi\u00bb contro la Russia, \u00abma lo fa in maniera estremamente goffa\u00bb. Lo ha detto il portavoce del Cremlino, Dmitry Peskov, in dichiarazioni riprese dalla Tass. E questo perch\u00e9, aggiunge Peskov, riferendosi all&#8217;attentato al gasdotto Nord Stream, \u00abtutti coloro che negli ultimi anni hanno fatto esplodere qualcosa di tedesco erano ucraini\u00bb. \u00abHanno forse chiuso anche un solo consolato ucraino sul territorio tedesco, alla luce del processo giudiziario in corso? No, non l&#8217;hanno fatto\u00bb.<\/p>\n<p>            2026-09-03 12:29:37<br \/>\n            Putin: Trump \u00e8 orientato a lavoro positivo e costruttivo<\/p>\n<p>Il presidente degli Stati Uniti Donald Trump \u00abper quanto posso capire, percepire e vedere, \u00e8 orientato verso un lavoro positivo e costruttivo\u00bb. Ad affermarlo \u00e8 il presidente della Federazione russa, Vladimir Putin nel corso del suo intervento al Forum economico orientale di Vladivostok che ha sottolineato inoltre che i contatti con l\u2019amministrazione americana, \u00abcontinuano\u00bb e che \u00abspero continueranno\u00bb.<\/p>\n<p>            2026-09-03 12:13:36<br \/>\n            Putin: un&#8217;ulteriore mobilitazione militare non \u00e8 necessaria<\/p>\n<p>Allo stato attuale non \u00e8 necessario procedere a ulteriori reclutamenti forzati della popolazione per le esigenze dell&#8217;esercito, ha affermato il presidente russo Vladimir Putin, aggiungendo che le voci su una imminente mobilitazione rappresentano \u00abun attacco informativo pianificato contro la Russia in vista delle elezioni per la Duma di Stato\u00bb. \u00abNon esiste oggi alcuno scenario che richieda una mobilitazione. Si tratta di un attacco informativo da parte del nemico in vista delle elezioni della Duma di Stato, nel tentativo di influenzarne l&#8217;esito\u00bb, ha detto Putin, citato da Interfax. \u00abLe persone si offrono volontarie, firmano volontariamente i contratti, a differenza di quanto sta accadendo in Ucraina\u00bb, ha aggiunto il presidente russo. \u00abOgni giorno vediamo in televisione e online come in Ucraina le persone vengano rastrellate come cani randagi e trascinate con la forza al fronte. Ecco perch\u00e9 la prontezza al combattimento e la motivazione del nemico sono cos\u00ec basse e il numero di disertori \u00e8 cos\u00ec alto\u00bb, ha dichiarato Putin. \u00abIn termini di disponibilit\u00e0 di personale militare, non abbiamo problemi\u00bb, ha concluso il presidente.<\/p>\n<p>            2026-09-03 11:48:08<br \/>\n            Putin: un accordo tra Russia e Ucraina \u00e8 possibile&#13;<\/p>\n<p>Il presidente russo, Vladimir Putin, ritiene che che ci sia la possibilit\u00e0 di risolvere il conflitto con l&#8217;Ucraina. Lo ha dichiarato durante la sessione plenaria del Forum economico d&#8217;Oriente a Vladivostok. \u00abSiamo grati a tutti coloro che stanno cercando di contribuire alla risoluzione di questo problema. C&#8217;\u00e8 una possibilit\u00e0? A mio parere, s\u00ec, c&#8217;\u00e8&#8221;, ha affermato il capo di Stato russo, citato da Tass. \u00abInnanzitutto, questa questione deve essere risolta dai Paesi coinvolti nel conflitto: Russia e Ucraina\u00bb, ha dichiarato Putin. Il presidente russo ha inoltre affermato che sono ancora in corso contatti tra Russia e Ucraina, principalmente attraverso i servizi segreti. &#8220;\u00c8 difficile per me dire in questo momento in che misura questi contatti stiano portando a un accordo di pace, viste le dichiarazioni che abbiamo sentito di recente dai massimi funzionari ucraini. Ma i contatti esistono e continuano come di consueto, principalmente attraverso i servizi segreti\u00bb, ha detto Putin.\u00a0<\/p>\n<p>            2026-09-03 10:34:49<br \/>\n             Putin: minaccia di Kiev ai voli civili complica possibilit\u00e0 di negoziati di pace<\/p>\n<p>La minaccia del presidente ucraino Volodymyr Zelensky di rendere \u00abtotalmente insicuro\u00bb lo spazio aereo russo per i voli civili con gli attacchi di droni \u00abcomplica le possibilit\u00e0 di condurre negoziati di pace bilaterali\u00bb. Lo ha detto oggi il presidente russo Vladimir <strong>Putin<\/strong>, ribadendo che si tratta di un \u00abatto di terrorismo di Stato\u00bb. \u00abColoro che tacciono, che non prestano attenzione a questo, diventano complici del terrorismo internazionale\u00bb, ha aggiunto Putin, precisando di riferirsi \u00abin primo luogo agli alleati occidentali dell&#8217;Ucraina\u00bb. <\/p>\n<p>Lo riferisce Interfax.\u00a0<\/p>\n<p>            2026-09-03 10:21:54<br \/>\n            Putin: contatti con Kiev continuano, dialogo con Usa sta funzionando<\/p>\n<p>\u00abI contatti con l&#8217;Ucraina stanno continuando\u00bb. Lo ha dichiarato il presidente russo Vladimir Putin durante il suo intervento al Forum economico orientale di Vladivostok. \u00abSono in corso i contatti con i rappresentanti dell&#8217;Amministrazione statunitense nominati da Trump per il dialogo con la Russia\u00bb e questo dialogo \u00absta funzionando\u00bb, ha aggiunto Putin. Nelle scorse settimane si era parlato di una prossima visita a Mosca dell&#8217;inviato speciale della Casa Bianca Steve Witkoff e del genero del presidente americano Donald Trump Jared Kushner.<\/p>\n<p>            2026-09-03 10:18:52<br \/>\n            Cremlino: Russia non ridurr\u00e0 per prima livello rapporti diplomatici con Berlino<\/p>\n<p>\u00abLa Russia non ridurr\u00e0 per prima il livello dei rapporti diplomatici con la Germania\u00bb. Ad affermarlo \u00e8 il portavoce del presidente russo, Dmitry Peskov al media russo &#8216;Vesti&#8217;. Il cancelliere tedesco Friedrich Merz \u00absta cercando di guadagnare consensi all\u2019interno della Germania con &#8216;misure quasi drastiche&#8217; ma lo fa in modo maldestro\u00bb, osserva ancora Peskov secondo quanto riferisce l&#8217;agenzia di stampa russa &#8216;Tass&#8217;.<\/p>\n<p>            2026-09-03 10:09:42<br \/>\n            Putin: Misure per contenere l&#8217;inflazione, no inasprire politica economica<\/p>\n<p>Le autorit\u00e0 russe comprendono appieno l&#8217;importanza di evitare un inasprimento eccessivo delle politiche economiche. Lo ha affermato il presidente russo Vladimir <strong>Putin <\/strong>durante la sessione plenaria del Forum economico orientale (Eef). Lo riporta l&#8217;agenzia di stampa Tass. Putin ha sottolineato che la Banca centrale e il governo stanno adottando misure mirate per contenere l&#8217;inflazione e che tale obiettivo sta venendo raggiunto: \u00ab\u00c8 importante non inasprire eccessivamente la politica economica in questo contesto. Ne siamo perfettamente consapevoli. Fin dai primi passi, quando abbiamo avviato questo lavoro, ne eravamo consapevoli e abbiamo agito di conseguenza\u00bb, ha affermato.<\/p>\n<p>            2026-09-03 10:08:54<br \/>\n            Governatore, un ucciso e 21 feriti da droni ucraini nella regione russa di Belgorod<\/p>\n<p>Una persona \u00e8 stata uccisa e altre 21, tra cui due bambini, sono rimaste ferite negli attacchi perpetrati dalle forze armate ucraine nella regione di Belgorod nelle ultime 24 ore. Lo ha riferito il governatore ad interim della regione, Aleksandr Shuvaev. \u00abUn civile \u00e8 stato ucciso nel distretto di Belgorod\u00bb, ha dichiarato Shuvaev su Telegram, aggiungendo: \u00ab21 persone sono rimaste ferite, tra cui due bambini\u00bb. Secondo i dati forniti dal governatore, nelle ultime 24 ore le forze armate ucraine hanno lanciato 178 attacchi su 13 distretti del territorio regionale.<\/p>\n<p>            2026-09-03 10:08:15<br \/>\n            Lavrov: l&#8217;Istituto Goethe in Russia sar\u00e0 chiuso<\/p>\n<p>Tutte le sedi dell&#8217;Istituto Goethe saranno chiuse in Russia in risposta alla chiusura del Centro culturale russo di Berlino. Lo ha annunciato il ministro degli Esteri russo Serghei Lavrov, citato da Interfax. I tedeschi \u00abstanno intraprendendo deliberatamente un passo che, lo devono capire, significa la fine della loro presenza culturale nella Federazione Russa\u00bb, ha sottolineato Lavrov.<\/p>\n","protected":false},"excerpt":{"rendered":"2026-09-03 13:47:45 Cremlino: Merz fa passi bruschi, ma in modo goffo Il cancelliere tedesco Friedrich Merz \u00absta cercando&hellip;\n","protected":false},"author":3,"featured_media":663364,"comment_status":"","ping_status":"","sticky":false,"template":"","format":"standard","meta":{"footnotes":"","_share_on_mastodon":"0"},"categories":[6],"tags":[14,5631,9770,3044,77,3576,8,1537,90,89,7,15,82,9,83,10,171,13,243,11,80,84,12,81,85],"class_list":["post-663363","post","type-post","status-publish","format-standard","has-post-thumbnail","category-ultime-notizie","tag-cronaca","tag-diretta","tag-economia-russa","tag-germania","tag-guerra","tag-guerra-ucraina","tag-headlines","tag-it","tag-italia","tag-italy","tag-news","tag-notizie","tag-notizie-di-cronaca","tag-notizie-principali","tag-notiziedicronaca","tag-notizieprincipali","tag-russia","tag-titoli","tag-ultima-ora","tag-ultime-notizie","tag-ultime-notizie-di-cronaca","tag-ultime-notizie-e-news-di-oggi","tag-ultimenotizie","tag-ultimenotiziedicronaca","tag-ultimenotizieenewsdioggi"],"share_on_mastodon":{"url":"https:\/\/pubeurope.com\/@it\/117208897468699086","error":""},"_links":{"self":[{"href":"https:\/\/www.europesays.com\/it\/wp-json\/wp\/v2\/posts\/663363","targetHints":{"allow":["GET"]}}],"collection":[{"href":"https:\/\/www.europesays.com\/it\/wp-json\/wp\/v2\/posts"}],"about":[{"href":"https:\/\/www.europesays.com\/it\/wp-json\/wp\/v2\/types\/post"}],"author":[{"embeddable":true,"href":"https:\/\/www.europesays.com\/it\/wp-json\/wp\/v2\/users\/3"}],"replies":[{"embeddable":true,"href":"https:\/\/www.europesays.com\/it\/wp-json\/wp\/v2\/comments?post=663363"}],"version-history":[{"count":0,"href":"https:\/\/www.europesays.com\/it\/wp-json\/wp\/v2\/posts\/663363\/revisions"}],"wp:featuredmedia":[{"embeddable":true,"href":"https:\/\/www.europesays.com\/it\/wp-json\/wp\/v2\/media\/663364"}],"wp:attachment":[{"href":"https:\/\/www.europesays.com\/it\/wp-json\/wp\/v2\/media?parent=663363"}],"wp:term":[{"taxonomy":"category","embeddable":true,"href":"https:\/\/www.europesays.com\/it\/wp-json\/wp\/v2\/categories?post=663363"},{"taxonomy":"post_tag","embeddable":true,"href":"https:\/\/www.europesays.com\/it\/wp-json\/wp\/v2\/tags?post=663363"}],"curies":[{"name":"wp","href":"https:\/\/api.w.org\/{rel}","templated":true}]}}