{"id":663369,"date":"2026-09-03T20:11:16","date_gmt":"2026-09-03T20:11:16","guid":{"rendered":"https:\/\/www.europesays.com\/it\/663369\/"},"modified":"2026-09-03T20:11:16","modified_gmt":"2026-09-03T20:11:16","slug":"io-giro-del-friuli-la-prima-tappa-a-oioli-che-supera-arrighetti-e-gialli","status":"publish","type":"post","link":"https:\/\/www.europesays.com\/it\/663369\/","title":{"rendered":"IO GIRO DEL FRIULI. LA PRIMA TAPPA A OIOLI CHE SUPERA ARRIGHETTI E GIALLI"},"content":{"rendered":"<p>            <a class=\"category\" href=\"https:\/\/www.tuttobiciweb.it\/articles\/category\/CONTINENTAL\" itemprop=\"about\" rel=\"nofollow noopener\" target=\"_blank\">CONTINENTAL<\/a> | 03\/09\/2026 | 14:10<\/p>\n<p>Sprint vincente di Manuel Ooili nella prima tappa del IO Giro della Regione Friuli Venezia Giulia, la Muzzana del Turgnano-Pocenia di 166 chilometri. Il novarese dello Swatt Club, vincitore della Firenze-Viareggio, ha regolato i compagni di fuga Nicol\u00f2 Arrighetti (General Store Essegibi F.lli Curia) e Matteo Gialli del Team Hoppl\u00e0. Naturalemente Oioli \u00e8 il leader della classifica generale.\n            <\/p>\n<p><strong>ORDINE D&#8217;ARRIVO<\/strong>\n            <\/p>\n<p>1 Oioli Manuel Swatt Club 03:29:31<\/p>\n<p>2 Arrighetti Nicol\u00f3 General Store-Essegibi-F.Ili Curia + 00<\/p>\n<p>3 Gialli Matteo Team Hoppl\u00e0 + 03<\/p>\n<p>4 Delle Vedove Alessio XDS Astana Development Team + 52<\/p>\n<p>5 Fabbro Riccardo UC Trevigiani Energiapura Marchiol + 52<\/p>\n<p>6 Baruzzi Francesco Team Visma | Lease a Bike Development + 52<\/p>\n<p>7 Terada Yoshiki Team UKYO + 52<\/p>\n<p>8 Magli Lorenzo Team Hoppl\u00e0 + 52<\/p>\n<p>9 Buda Simone Solme Olmo Arvedi + 52<\/p>\n<p>10 Menghini Alessio Team Technipes #inEmiliaRomagna Caff\u00e8 Borbone +52<\/p>\n<p>Copyright &amp;copy TBW<\/p>\n","protected":false},"excerpt":{"rendered":"CONTINENTAL | 03\/09\/2026 | 14:10 Sprint vincente di Manuel Ooili nella prima tappa del IO Giro della Regione&hellip;\n","protected":false},"author":3,"featured_media":663370,"comment_status":"","ping_status":"","sticky":false,"template":"","format":"standard","meta":{"footnotes":"","_share_on_mastodon":"0"},"categories":[1456],"tags":[1824,1825,61910,1537,90,89,365662,245,244,18853,16741],"class_list":["post-663369","post","type-post","status-publish","format-standard","has-post-thumbnail","category-ciclismo","tag-ciclismo","tag-cycling","tag-giro-friuli-venezia-giulia","tag-it","tag-italia","tag-italy","tag-manuel-ooili","tag-sport","tag-sports","tag-swatt-club","tag-volata"],"share_on_mastodon":{"url":"https:\/\/pubeurope.com\/@it\/117208933118023235","error":""},"_links":{"self":[{"href":"https:\/\/www.europesays.com\/it\/wp-json\/wp\/v2\/posts\/663369","targetHints":{"allow":["GET"]}}],"collection":[{"href":"https:\/\/www.europesays.com\/it\/wp-json\/wp\/v2\/posts"}],"about":[{"href":"https:\/\/www.europesays.com\/it\/wp-json\/wp\/v2\/types\/post"}],"author":[{"embeddable":true,"href":"https:\/\/www.europesays.com\/it\/wp-json\/wp\/v2\/users\/3"}],"replies":[{"embeddable":true,"href":"https:\/\/www.europesays.com\/it\/wp-json\/wp\/v2\/comments?post=663369"}],"version-history":[{"count":0,"href":"https:\/\/www.europesays.com\/it\/wp-json\/wp\/v2\/posts\/663369\/revisions"}],"wp:featuredmedia":[{"embeddable":true,"href":"https:\/\/www.europesays.com\/it\/wp-json\/wp\/v2\/media\/663370"}],"wp:attachment":[{"href":"https:\/\/www.europesays.com\/it\/wp-json\/wp\/v2\/media?parent=663369"}],"wp:term":[{"taxonomy":"category","embeddable":true,"href":"https:\/\/www.europesays.com\/it\/wp-json\/wp\/v2\/categories?post=663369"},{"taxonomy":"post_tag","embeddable":true,"href":"https:\/\/www.europesays.com\/it\/wp-json\/wp\/v2\/tags?post=663369"}],"curies":[{"name":"wp","href":"https:\/\/api.w.org\/{rel}","templated":true}]}}