{"id":663380,"date":"2026-09-03T20:21:15","date_gmt":"2026-09-03T20:21:15","guid":{"rendered":"https:\/\/www.europesays.com\/it\/663380\/"},"modified":"2026-09-03T20:21:15","modified_gmt":"2026-09-03T20:21:15","slug":"il-malloppo-le-location-del-film-con-abatantuono-e-mago-forest","status":"publish","type":"post","link":"https:\/\/www.europesays.com\/it\/663380\/","title":{"rendered":"Il Malloppo, le location del film con Abatantuono e Mago Forest"},"content":{"rendered":"<p><strong>Diego Abatantuono<\/strong> torna al cinema in una commedia tutta italiana diretta da <strong>Volfango De Biasi<\/strong>\u00a0e che vede nel cast, tra gli altri, <strong>Mago Forest<\/strong> e <strong>Max Angioni<\/strong>. Anche le location di <strong>Il Malloppo<\/strong>, questo il titolo della pellicola nelle sale <strong>dal 3 settembre<\/strong> 2026, trasudano italianit\u00e0: il film, in cui non mancano gag, equivoci e malintesi cos\u00ec tipici della comicit\u00e0 nostrana, \u00e8 stato girato infatti nel centro storico di una delle pi\u00f9 belle citt\u00e0 rinascimentali italiane tra palazzi, parchi, edifici sacri e luoghi cult per il cinema e la letteratura tricolori.<\/p>\n<p>Di cosa parla<\/p>\n<p>Diego Viani, il personaggio di Diego Abatantuono, negli Anni Ottanta \u00e8 stato <strong>un rapinatore<\/strong> famoso per i suoi colpi \u201ca mano disarmata\u201d. Da tempo, per\u00f2, ha cambiato vita e aperto <strong>un\u2019osteria a Ferrara<\/strong>. Un giorno il passato di Diego si ripresenta nelle vesti di Salamandra, il suo <strong>vecchio complice<\/strong>, che lo accusa di essere scappato con il malloppo dell\u2019ultimo colpo: cinque miliardi di lire in lingotti d\u2019oro.<\/p>\n<p>Quando l\u2019uomo viene <strong>ritrovato morto<\/strong> tutti si convincono che ad ammazzarlo sia stato Diego, soprattutto il commissario Castrone (Antonio Catania) che nutre per lui un vecchio odio personale. Persino la figlia Sara (Irene Girotti), nel frattempo diventata poliziotta, non sembra del tutto convinta dell\u2019innocenza del padre. Soltanto il <strong>migliore amico<\/strong> di Diego, Michele Ragusa (Mago Forest), che di mestiere fa l\u2019<strong>investigatore privato<\/strong>, sembra credere che non c\u2019entri niente con l\u2019omicidio e insieme al tirocinante Alex (Max Angioni) comincia a indagare parallelamente su quanto accaduto.<\/p>\n<blockquote class=\"instagram-media\" data-instgrm-captioned=\"\" data-instgrm-permalink=\"https:\/\/www.instagram.com\/p\/DcdREeWjB0d\/?utm_source=ig_embed&amp;utm_campaign=loading\" data-instgrm-version=\"14\" style=\" background:#FFF; border:0; border-radius:3px; box-shadow:0 0 1px 0 rgba(0,0,0,0.5),0 1px 10px 0 rgba(0,0,0,0.15); margin: 1px; max-width:100%; min-width:326px; padding:0; width:99.375%; width:-webkit-calc(100% - 2px); width:calc(100% - 2px);\"\/>\n<p>Dov\u2019\u00e8 stato girato il film<\/p>\n<p>La nuova commedia con Diego Abatantuono \u00e8 stata girata pressoch\u00e9 per intero in <strong>Emilia Romagna<\/strong>, anche grazie al supporto dell\u2019Emilia Romagna Film Commission.<\/p>\n<p>Ferrara<\/p>\n<p>A <a href=\"https:\/\/siviaggia.it\/idee-di-viaggio\/ferrara-bici-e-musei-alla-scoperta-della-citta-estense\/116281\/\" rel=\"nofollow noopener\" target=\"_blank\">Ferrara<\/a>, pi\u00f9 nello specifico, si trovano la maggior parte delle location di Il Malloppo. Il <strong>centro storico<\/strong> della citt\u00e0 estense \u00e8 stato interessato per sette settimane da riprese che hanno toccato <strong>Piazza Trento e Trieste<\/strong>, <strong>Corso Martiri della Libert\u00e0<\/strong>, <strong>Viale Cavour<\/strong>, <strong>Corso Ercole I d\u2019Este<\/strong>: punti nevralgici della citt\u00e0, per il suo passato rinascimentale e il suo presente di importante centro culturale ed economico della zona.<\/p>\n<p>Alcune scene sono state girate nei pressi del <strong>Castello<\/strong>: vero simbolo della citt\u00e0, la fortezza quattrocentesca \u00e8 stata per secoli il centro della vita governativa e amministrativa di Ferrara prima di diventare, com\u2019\u00e8 oggi, un\u2019importante attrazione culturale anche grazie all\u2019allestimento di mostre ed esibizioni. Iconico \u00e8 l\u2019impianto del <strong>Castello d\u2019Este<\/strong>, con quattro torri quadrate dalla cui sommit\u00e0 si gode di una splendida vista sulla citt\u00e0.<\/p>\n<p>Altre sequenze sono state girate tra la <strong>Piazza<\/strong> e il <strong>Museo della Cattedrale<\/strong>: la facciata con loggiato del <a href=\"https:\/\/siviaggia.it\/idee-di-viaggio\/duomo-san-giorgio-ferrara\/230871\/\" rel=\"nofollow noopener\" target=\"_blank\">Duomo di San Giorgio<\/a>, con il suo mix di stile romanico e gotico e la sua simbologia misteriose, \u00e8 inconfondibile sullo schermo. Nell\u2019attiguo museo sono conservati, oltre che tesori d\u2019arte sacra, anche testimonianze dell\u2019affetto che Ludovico Ariosto nutriva per questo angolo di citt\u00e0.<\/p>\n<p>L\u2019Osteria del Brigante, aperta da Diego quando ha deciso di tagliare con il proprio passato criminale, \u00e8 stata allestita nei pressi di <strong>Parco Massari<\/strong>: il pi\u00f9 grande parco pubblico cittadino, frequentato ogni giorno da ferraresi e non per passeggiare, leggere, fare jogging. Risalente a fine Settecento, a met\u00e0 Novecento ha ispirato <strong>Giorgio Bassani<\/strong> nella scrittura de \u201c<strong>Il giardino dei Finzi Contini<\/strong>\u201d ed \u00e8 qui che sono state girate alcune scene della trasposizione cinematografica di Vittorio De Sica.<\/p>\n<p>Tresignana<\/p>\n<p>Tra le location di Il Malloppo, poco fuori Ferrara, \u00e8 segnalata anche <strong>Tresignana<\/strong>: comune nato dalla fusione, recente, di Tresigallo e Formignana. Il primo negli Anni Trenta del Novecento fu interessato da una riprogettazione totale all\u2019insegna del <strong>razionalismo<\/strong>: oggi spicca, cos\u00ec, per la particolarit\u00e0 delle geometrie e dei cromatismi del suo impianto urbano che le \u00e8 valsa il soprannome di \u201c<strong><a href=\"https:\/\/siviaggia.it\/borghi\/tresigallo-citta-metafisica-ferrara\/229095\/\" rel=\"nofollow noopener\" target=\"_blank\">citt\u00e0 metafisica<\/a><\/strong>\u201d.<\/p>\n<p>\t<script async src=\"\/\/www.instagram.com\/embed.js\"><\/script><\/p>\n","protected":false},"excerpt":{"rendered":"Diego Abatantuono torna al cinema in una commedia tutta italiana diretta da Volfango De Biasi\u00a0e che vede nel&hellip;\n","protected":false},"author":3,"featured_media":663381,"comment_status":"","ping_status":"","sticky":false,"template":"","format":"standard","meta":{"footnotes":"","_share_on_mastodon":"0"},"categories":[1442],"tags":[203,5493,454,204,1537,90,89,5857,7359,1521],"class_list":["post-663380","post","type-post","status-publish","format-standard","has-post-thumbnail","category-film","tag-entertainment","tag-ferrara","tag-film","tag-intrattenimento","tag-it","tag-italia","tag-italy","tag-itinerari-culturali","tag-luoghi-da-film","tag-movies"],"share_on_mastodon":{"url":"https:\/\/pubeurope.com\/@it\/117208972561491799","error":""},"_links":{"self":[{"href":"https:\/\/www.europesays.com\/it\/wp-json\/wp\/v2\/posts\/663380","targetHints":{"allow":["GET"]}}],"collection":[{"href":"https:\/\/www.europesays.com\/it\/wp-json\/wp\/v2\/posts"}],"about":[{"href":"https:\/\/www.europesays.com\/it\/wp-json\/wp\/v2\/types\/post"}],"author":[{"embeddable":true,"href":"https:\/\/www.europesays.com\/it\/wp-json\/wp\/v2\/users\/3"}],"replies":[{"embeddable":true,"href":"https:\/\/www.europesays.com\/it\/wp-json\/wp\/v2\/comments?post=663380"}],"version-history":[{"count":0,"href":"https:\/\/www.europesays.com\/it\/wp-json\/wp\/v2\/posts\/663380\/revisions"}],"wp:featuredmedia":[{"embeddable":true,"href":"https:\/\/www.europesays.com\/it\/wp-json\/wp\/v2\/media\/663381"}],"wp:attachment":[{"href":"https:\/\/www.europesays.com\/it\/wp-json\/wp\/v2\/media?parent=663380"}],"wp:term":[{"taxonomy":"category","embeddable":true,"href":"https:\/\/www.europesays.com\/it\/wp-json\/wp\/v2\/categories?post=663380"},{"taxonomy":"post_tag","embeddable":true,"href":"https:\/\/www.europesays.com\/it\/wp-json\/wp\/v2\/tags?post=663380"}],"curies":[{"name":"wp","href":"https:\/\/api.w.org\/{rel}","templated":true}]}}