{"id":663409,"date":"2026-09-03T20:44:16","date_gmt":"2026-09-03T20:44:16","guid":{"rendered":"https:\/\/www.europesays.com\/it\/663409\/"},"modified":"2026-09-03T20:44:16","modified_gmt":"2026-09-03T20:44:16","slug":"man-ray-il-genio-del-surrealismo-a-rovigo","status":"publish","type":"post","link":"https:\/\/www.europesays.com\/it\/663409\/","title":{"rendered":"Man Ray: il genio del Surrealismo a Rovigo"},"content":{"rendered":"<p>L\u2019autunno di <strong>Palazzo Roverella<\/strong> rinnova la sua tradizionale e attesa vocazione per la grande fotografia proseguendo nel solco delle grandi rassegne dedicate ai maestri internazionali. <strong>Dal prossimo 13 novembre al 31 gennaio 2027<\/strong>, gli spazi espositivi rodigini ospiteranno una straordinaria monografica focalizzata su <strong>Man Ray<\/strong>.<\/p>\n<p><strong>Man Ray. Il maestro del Surrealismo<\/strong> prende infatti avvio il nuovo <strong>biennio espositivo 2027-2028<\/strong> presentato da <strong>Fondazione Cariparo<\/strong> nelle scorse settimane. La grande monografica dedicata al maestro americano non rappresenta soltanto uno degli eventi pi\u00f9 attesi della prossima stagione culturale, ma inaugura un programma che conferma l&#8217;ambizione del <strong>Roverella<\/strong> di consolidare ulteriormente il proprio ruolo nel panorama espositivo nazionale ed europeo.<\/p>\n<p>Dopo aver annunciato un percorso che comprender\u00e0 grandi mostre d&#8217;arte, fotografia e storia, con partnership di prestigio internazionale, la Fondazione apre dunque il nuovo ciclo con uno dei fotografi pi\u00f9 influenti e innovativi dell&#8217;intero Novecento.<\/p>\n<p>L&#8217;appuntamento conferma il ruolo di primo piano del <strong>Roverella<\/strong> nella valorizzazione dei grandi protagonisti storici della fotografia mondiale, proponendo un evento espositivo di assoluto rilievo nazionale ed europeo.<\/p>\n<p>L&#8217;esposizione celebra l&#8217;universo anticonvenzionale di un autore cardine del Novecento, capace di tracciare percorsi visivi inediti che ancora oggi offrono spunti preziosi al linguaggio visivo contemporaneo. Curata da <strong>Pierre-Yves Butzbach<\/strong> e <strong>Robert Rocca<\/strong>, la mostra \u00e8 promossa dalla <strong>Fondazione Cassa di Risparmio di Padova e Rovigo<\/strong> in collaborazione con il <strong>Comune di Rovigo<\/strong> e l\u2019<strong>Accademia dei Concordi<\/strong>, con il sostegno di <strong>Intesa Sanpaolo<\/strong> e la produzione di <strong>Silvana Editoriale<\/strong>.<\/p>\n<p>La vera forza e la novit\u00e0 del progetto risiedono nel carattere scientifico e nella caratura delle partnership internazionali coinvolte, che rendono la tappa rodigina un evento di eccezionale rilievo nel panorama culturale nazionale ed europeo. Il percorso espositivo pu\u00f2 vantare la sinergia diretta con istituzioni come il <strong>Man Ray Trust di New York<\/strong> e la <strong>Phototh\u00e8que Man Ray di Parigi<\/strong>, garantendo cos\u00ec una selezione dai rigorosi standard conservativi e conoscitivi.<\/p>\n<p>A ci\u00f2 si affianca una curatela d&#8217;eccezione, affidata a due dei massimi specialisti dell&#8217;opera del maestro surrealista, la cui lunga esperienza garantisce un&#8217;interpretazione originale e aggiornata del suo lavoro.<\/p>\n<p><img loading=\"lazy\" decoding=\"async\" src=\"https:\/\/www.europesays.com\/it\/wp-content\/uploads\/2026\/09\/le_violon_dingres-1788434407844.webp\" alt=\"\" width=\"1181\" height=\"1684\" caption=\"false\"\/><\/p>\n<p>Dal punto di vista della proposta espositiva, la rassegna si distingue per una qualit\u00e0 collezionistica raramente accessibile al grande pubblico. Il corpus esposto comprende infatti un consistente insieme di preziose stampe vintage, realizzate direttamente negli anni degli scatti o sotto il controllo diretto del maestro. Tra queste spicca, per eccezionalit\u00e0 e peso documentario, la preziosa selezione di stampe originali provenienti dal <strong>Mus\u00e9e Nic\u00e9phore Ni\u00e9pce di Chalon-sur-Sa\u00f4ne<\/strong>, testimonianza diretta e insostituibile del lavoro di camera oscura che ha rivoluzionato la fotografia del XX secolo.<\/p>\n<p>Sperimentatore poliedrico \u2014 pittore, regista e designer oltre che fotografo \u2014 <strong>Emmanuel Radnitsky<\/strong> sceglie lo pseudonimo <strong>Man Ray<\/strong> per unire l&#8217;elemento umano al raggio di luce, sviluppando la propria ricerca nell&#8217;ambito delle avanguardie d&#8217;oltreoceano e dell&#8217;ambiente surrealista parigino a fianco di <strong>Marcel Duchamp<\/strong>. La ricognizione biografica lascia tuttavia subito il posto al cuore propulsore dell&#8217;evento: l&#8217;impatto dirompente delle sue invenzioni visive, prime fra tutte le celebri <strong>rayografie<\/strong> realizzate senza obiettivo e le <strong>solarizzazioni<\/strong> messe a punto con <strong>Lee Miller<\/strong>, capaci di trasformare la materia fotografica in pura poesia visiva.<\/p>\n<p>Attraverso una selezione di <strong>circa trecento opere<\/strong> tra fotografie originali, disegni, litografie, oggetti iconici e documenti storici, la mostra offre un&#8217;immersione completa nei nuclei fondamentali della creativit\u00e0 dell&#8217;artista. Il percorso guida il visitatore tra la riflessione sull&#8217;identit\u00e0 e l&#8217;ambiguit\u00e0 degli autoritratti, le celebri gallerie di volti dei grandi intellettuali dell&#8217;epoca e l&#8217;esplorazione incessante del corpo femminile, declinato sia nella purezza formale dei nudi sia negli innovativi scatti realizzati per l&#8217;alta moda. Un focus di particolare rilievo \u00e8 riservato alle sperimentazioni tridimensionali e ai <strong>ready-made<\/strong> di matrice dadaista, unitamente alla proiezione integrale dei <strong>quattro cortometraggi<\/strong> d&#8217;avanguardia ideati dal maestro.<\/p>\n<p>A completare la portata culturale e scientifica della mostra interviene il catalogo edito da <strong>Silvana Editoriale<\/strong>, curato dagli stessi Butzbach e Rocca e impreziosito dai contributi critici di <strong>Raffaella Perna<\/strong>, che integra e suggella un appuntamento destinato a segnare la stagione espositiva.<\/p>\n<p><strong>Info:<\/strong><\/p>\n<p><strong>www.palazzoroverella.com<\/strong><\/p>\n<p><strong>Social:<\/strong> IG @palazzoroverellarovigo FB @palazzoroverella<\/p>\n","protected":false},"excerpt":{"rendered":"L\u2019autunno di Palazzo Roverella rinnova la sua tradizionale e attesa vocazione per la grande fotografia proseguendo nel solco&hellip;\n","protected":false},"author":3,"featured_media":663410,"comment_status":"","ping_status":"","sticky":false,"template":"","format":"standard","meta":{"footnotes":"","_share_on_mastodon":"0"},"categories":[1446],"tags":[1615,1613,1614,1611,1610,1612,203,195984,4663,28783,204,1537,90,89,69689,74530,365672,11041,69683,1289,365671,8516,69685],"class_list":["post-663409","post","type-post","status-publish","format-standard","has-post-thumbnail","category-arte-e-design","tag-arte","tag-arte-e-design","tag-arteedesign","tag-arts","tag-arts-and-design","tag-design","tag-entertainment","tag-fondazione-cariparo","tag-fotografia","tag-intesa-sanpaolo","tag-intrattenimento","tag-it","tag-italia","tag-italy","tag-la-voce-di-rovigo","tag-man-ray","tag-musee-nicephore-niepce","tag-new-york","tag-palazzo-roverella","tag-parigi","tag-phototheque-man-ray","tag-rovigo","tag-silvana-editoriale"],"share_on_mastodon":{"url":"https:\/\/pubeurope.com\/@it\/117209063669199731","error":""},"_links":{"self":[{"href":"https:\/\/www.europesays.com\/it\/wp-json\/wp\/v2\/posts\/663409","targetHints":{"allow":["GET"]}}],"collection":[{"href":"https:\/\/www.europesays.com\/it\/wp-json\/wp\/v2\/posts"}],"about":[{"href":"https:\/\/www.europesays.com\/it\/wp-json\/wp\/v2\/types\/post"}],"author":[{"embeddable":true,"href":"https:\/\/www.europesays.com\/it\/wp-json\/wp\/v2\/users\/3"}],"replies":[{"embeddable":true,"href":"https:\/\/www.europesays.com\/it\/wp-json\/wp\/v2\/comments?post=663409"}],"version-history":[{"count":0,"href":"https:\/\/www.europesays.com\/it\/wp-json\/wp\/v2\/posts\/663409\/revisions"}],"wp:featuredmedia":[{"embeddable":true,"href":"https:\/\/www.europesays.com\/it\/wp-json\/wp\/v2\/media\/663410"}],"wp:attachment":[{"href":"https:\/\/www.europesays.com\/it\/wp-json\/wp\/v2\/media?parent=663409"}],"wp:term":[{"taxonomy":"category","embeddable":true,"href":"https:\/\/www.europesays.com\/it\/wp-json\/wp\/v2\/categories?post=663409"},{"taxonomy":"post_tag","embeddable":true,"href":"https:\/\/www.europesays.com\/it\/wp-json\/wp\/v2\/tags?post=663409"}],"curies":[{"name":"wp","href":"https:\/\/api.w.org\/{rel}","templated":true}]}}