{"id":663411,"date":"2026-09-03T20:46:17","date_gmt":"2026-09-03T20:46:17","guid":{"rendered":"https:\/\/www.europesays.com\/it\/663411\/"},"modified":"2026-09-03T20:46:17","modified_gmt":"2026-09-03T20:46:17","slug":"sonia-a-matrimonio-a-prima-vista-da-torino-il-si-al-buio-con-fabrizio","status":"publish","type":"post","link":"https:\/\/www.europesays.com\/it\/663411\/","title":{"rendered":"Sonia a Matrimonio a prima vista: da Torino il s\u00ec al buio con Fabrizio"},"content":{"rendered":"<p>C&#8217;\u00e8 una terza torinese che ha scelto di affidarsi agli esperti di &#8220;Matrimonio a prima vista&#8221; per trovare l&#8217;amore. Ieri, mercoled\u00ec 2 settembre, nella prima puntata del docu-reality, esperimento sociale che va in onda su Real Time, sul canale 31 del digitale terrestre, c&#8217;\u00e8 stata un&#8217;altra protagonista oltre a <a href=\"https:\/\/www.torinotoday.it\/social\/matrimonio-a-prima-vista-giulia-ivan-Thailandia.html\" rel=\"nofollow noopener\" target=\"_blank\">Giulia e Ivan<\/a>, i due torinesi che sono diventati marito e moglie, trovando un&#8217;immediata chimica con cui hanno iniziato nel migliore dei modi la l<a href=\"https:\/\/www.torinotoday.it\/social\/matrimonio-a-prima-vista-giulia-ivan-Thailandia.html\" rel=\"nofollow noopener\" target=\"_blank\">oro luna di miele in Thailandia.<\/a><\/p>\n<p>Sonia, 38 anni, di Caselle Torinese, insegnante di ginnastica ritmica, socievole e allegra, si \u00e8 rimessa in gioco per lasciarsi alle spalle le delusioni vissute. &#8220;Sono stata sposata, poi mi \u00e8 arrivata una bella foto di loro due che si baciavano, lei \u00e8 stata la mia testimone di nozze. Io ero sotto un treno, poi tra il cane, i gatti e la terapia mi sono risollevata. Ora sono pronta ad accogliere un&#8217;altra persona nella mia vita, ma deve avere un&#8217;et\u00e0 in cui sa cosa vuole, sa dove sta andando. Deve essere comunque una persona realizzata&#8221;, ha detto.<\/p>\n<p>L&#8217;analisi della psicologa del programma<\/p>\n<p>&#8220;Sonia e Fabrizio arrivano qui con un passato che ha un certo peso. Entrambi hanno gi\u00e0 detto s\u00ec una volta, hanno creduto nel sogno del matrimonio e ne hanno visto anche la fine. Sonia \u00e8 una donna intensa, diretta, una che non ama i giochi di parole. Oggi chiede due cose fondamentali, presenza e sincerit\u00e0. Vuole sentirsi al sicuro. Fabrizio \u00e8 un uomo concreto, \u00e8 un pap\u00e0 molto presente. Oggi sa cosa non vuole pi\u00f9, ma soprattutto che cosa cerca, rispetto e chiarezza. Sono entrambe persone mature, forse un po&#8217; caute perch\u00e9 hanno sofferto in amore, ma se riusciranno ad abbassare un po&#8217; le pretese e a fidarsi l&#8217;uno dell&#8217;altra, questa coppia potrebbe essere davvero sorprendente&#8221;, ha spiegato la psicologa del programma.<\/p>\n<p>Le parole di Fabrizio: la voglia di un nuovo inizio e la nostalgia della figlia<\/p>\n<p>&#8220;Io voglio una partner in crime. Io voglio una donna che sia la mia amante, la mia amica, che sia l&#8217;altra met\u00e0 del mio cielo. Io voglio trovare una persona cos\u00ec. Credo che questo sia il mio tempo di provarci davvero. Credo che sia la finestra temporale giusta. Sono una persona diversa dalla prima relazione. Ho questo bagaglio che spero mi permetta di compiere un numero di errori pi\u00f9 piccolo&#8221;, ha dichiarato Fabrizio, 42 anni.<\/p>\n<p>&#8220;Mia figlia mi manca terribilmente, mi piacerebbe che fosse qui, ma \u00e8 un tipo di esposizione per la quale non mi sembrava giusto coinvolgerla. Le ho anche detto che andavo in vacanza questa settimana e mi sento in colpa. Se andr\u00e0 avanti far\u00f2 una cerimonia \u2018fake\u2019 per farle portare assolutamente le fedi perch\u00e9 credo che per me sia molto importante. Mi manca un pezzo di cuore, un pezzo grande del mio cuore&#8221;, ha aggiunto.<\/p>\n<p>Tra Sonia e Fabrizio sar\u00e0 amore? Riuscir\u00e0 ad accettare che ha una figlia di 8 anni e un&#8217;ex moglie con cui \u00e8 in ottimi rapporti? Lo scopriremo nelle prossime puntate.<\/p>\n<p>\u00a0<\/p>\n<p>\u00a0<\/p>\n<p>\u00a0<\/p>\n<p>\u00a0<\/p>\n<p>\u00a0<\/p>\n","protected":false},"excerpt":{"rendered":"C&#8217;\u00e8 una terza torinese che ha scelto di affidarsi agli esperti di &#8220;Matrimonio a prima vista&#8221; per trovare&hellip;\n","protected":false},"author":3,"featured_media":663412,"comment_status":"","ping_status":"","sticky":false,"template":"","format":"standard","meta":{"footnotes":"","_share_on_mastodon":"0"},"categories":[1444],"tags":[203,365674,365675,204,1537,90,89,95453,365676,61016,365673,253],"class_list":["post-663411","post","type-post","status-publish","format-standard","has-post-thumbnail","category-tv","tag-entertainment","tag-fabrizio-matrimonio-a-prima-vista","tag-giulia-e-ivan","tag-intrattenimento","tag-it","tag-italia","tag-italy","tag-matrimonio-a-prima-vista","tag-programmi-tv-torino","tag-real-time","tag-sonia-caselle-torinese","tag-tv"],"share_on_mastodon":{"url":"","error":""},"_links":{"self":[{"href":"https:\/\/www.europesays.com\/it\/wp-json\/wp\/v2\/posts\/663411","targetHints":{"allow":["GET"]}}],"collection":[{"href":"https:\/\/www.europesays.com\/it\/wp-json\/wp\/v2\/posts"}],"about":[{"href":"https:\/\/www.europesays.com\/it\/wp-json\/wp\/v2\/types\/post"}],"author":[{"embeddable":true,"href":"https:\/\/www.europesays.com\/it\/wp-json\/wp\/v2\/users\/3"}],"replies":[{"embeddable":true,"href":"https:\/\/www.europesays.com\/it\/wp-json\/wp\/v2\/comments?post=663411"}],"version-history":[{"count":0,"href":"https:\/\/www.europesays.com\/it\/wp-json\/wp\/v2\/posts\/663411\/revisions"}],"wp:featuredmedia":[{"embeddable":true,"href":"https:\/\/www.europesays.com\/it\/wp-json\/wp\/v2\/media\/663412"}],"wp:attachment":[{"href":"https:\/\/www.europesays.com\/it\/wp-json\/wp\/v2\/media?parent=663411"}],"wp:term":[{"taxonomy":"category","embeddable":true,"href":"https:\/\/www.europesays.com\/it\/wp-json\/wp\/v2\/categories?post=663411"},{"taxonomy":"post_tag","embeddable":true,"href":"https:\/\/www.europesays.com\/it\/wp-json\/wp\/v2\/tags?post=663411"}],"curies":[{"name":"wp","href":"https:\/\/api.w.org\/{rel}","templated":true}]}}