{"id":663431,"date":"2026-09-03T21:02:18","date_gmt":"2026-09-03T21:02:18","guid":{"rendered":"https:\/\/www.europesays.com\/it\/663431\/"},"modified":"2026-09-03T21:02:18","modified_gmt":"2026-09-03T21:02:18","slug":"a-villanova-due-squadre-in-c-per-noi-motivo-dorgoglio","status":"publish","type":"post","link":"https:\/\/www.europesays.com\/it\/663431\/","title":{"rendered":"A Villanova due squadre in C: \u00abPer noi motivo d&#8217;orgoglio\u00bb"},"content":{"rendered":"<p><strong>Saranno sabati pieni di emozioni<\/strong>, quelli che attendono i tifosi del <strong>Villanova Volley<\/strong> nei prossimi mesi. Sia la squadra femminile che quella maschile in<strong> Serie C<\/strong>\u00a0si alterneranno sul palco del <strong>PalaTomatis<\/strong>. Le formazioni sono state presentate mercoled\u00ec, nell&#8217;ultima serata del ritiro prestagionale del settore giovanile &#8211; che ha visto <strong>cinquanta ragazze e ragazzi<\/strong>\u00a0impegnate in allenamenti in palestra, sessioni in piscina e sfide di beach volley &#8211; dal <strong>presidente Fabrizio Prato. <\/strong>Tra\u00a0conferme, ritorni e nuovi arrivi la stagione promette grande spettacolo.<\/p>\n<p><img loading=\"lazy\" decoding=\"async\" src=\"https:\/\/www.europesays.com\/it\/wp-content\/uploads\/2026\/09\/P1350231-1788453150259.webp\" alt=\"\" width=\"1200\" height=\"801\" caption=\"false\"\/><\/p>\n<p>Alla guida delle <strong>Foxes<\/strong> si conferma <strong>capitan Garelli<\/strong>, affiancata al palleggio dalla <strong>new-entry Fissore<\/strong>, direttamente dalla <strong>B1 di Mondov\u00ec<\/strong>. Si ritrovano <strong>Cagnasso<\/strong> e <strong>Mondino<\/strong> opposti, mentre ad affiancare <strong>Musso<\/strong> e <strong>Mollo<\/strong> in banda ritornano <strong>Bonello<\/strong> e <strong>Castellino<\/strong>. Come centrali ci saranno ancora <strong>Verra<\/strong>, <strong>Sciolla<\/strong> e <strong>Ambrosio<\/strong>, mentre ad alternarsi come liberi si vedranno <strong>Fenoglio<\/strong> e la nuova arrivata la cheraschese <strong>Mattis<\/strong>. Ad accompagnare dalla panchina le ragazze ci sar\u00e0 <strong>Gianluca Ravotti<\/strong>, affiancato dal secondo <strong>Peluffo<\/strong>, dal preparatore atletico <strong>Corbelleri<\/strong> e dal dirigente <strong>Vinai<\/strong>.<\/p>\n<p>    <a href=\"https:\/\/www.unionemonregalese.it\/news\/sport\/317146\/colpo-dalla-b1-e-nuova-palleggiatrice-le-foxes-sono-pronte-a-tornare.html?utm_source=VCMS_correlati\" class=\"vc_cont_image\" rel=\"nofollow noopener\" target=\"_blank\"><img decoding=\"async\" class=\"vc_image\" src=\"https:\/\/unionemonregalese.cdn.m33cloud.com\/resizer\/150\/-1\/true\/2026_09_01\/UNIONE_COVER_%2823%29-1788254272651.jpg--colpo_dalla_b1_e_nuova_palleggiatrice__le_foxes_sono_pronte_a_tornare.webp?1788254272786\"\/><\/a><\/p>\n<p><img loading=\"lazy\" decoding=\"async\" src=\"https:\/\/www.europesays.com\/it\/wp-content\/uploads\/2026\/09\/P1350221-1788452239731.webp\" alt=\"\" width=\"1200\" height=\"800\" caption=\"false\"\/><\/p>\n<p>Nella controparte maschile si riconferma capitano il centrale <strong>Pecchenino<\/strong>, affiancato nel ruolo da <strong>Fejzo Rej<\/strong> e il nuovo arrivato <strong>Berutti<\/strong> direttamente dal <strong>VBC<\/strong>. Non \u00e8 l&#8217;unico acquisto che il Villanova ha fatto a Mondov\u00ec. Come palleggiatore, insieme al gi\u00e0 conosciuto <strong>Bettahi<\/strong>, anche la <strong>new-entry Polizzi<\/strong>. Stessa storia anche per gli opposti, con il monregalese <strong>Genesio<\/strong> ad affiancare il villanovese <strong>Paganelli<\/strong>. Tra gli schiacciatori arrivano <strong>Candela<\/strong> e <strong>Menardo<\/strong>, oltre ai gi\u00e0 conosciuti <strong>Massano<\/strong> e <strong>Francesco Cuniberti,<\/strong>\u00a0mentre da Val Chisone ecco anche\u00a0<strong>Ludovico Cuniberti<\/strong>. Infine, ad alternarsi nel ruolo di libero, l&#8217;<strong>ex-VBC Garello<\/strong> e il gi\u00e0 rodato <strong>Basso<\/strong>. Ad affiancare nella preparazione i ragazzi ci saranno l&#8217;allenatore <strong>Mattia Fenoglio<\/strong> e il suo secondo <strong>Cortellazzi<\/strong>, accompagnati dal dirigente <strong>Sergio Fenoglio<\/strong>.<\/p>\n<p>    <a href=\"https:\/\/www.unionemonregalese.it\/news\/sport\/317142\/ha-conquistato-la-promozione-in-b-ora-arriva-a-villanova-e-chiude-il-mercato.html?utm_source=VCMS_correlati\" class=\"vc_cont_image\" rel=\"nofollow noopener\" target=\"_blank\"><img decoding=\"async\" class=\"vc_image\" src=\"https:\/\/unionemonregalese.cdn.m33cloud.com\/resizer\/150\/-1\/true\/2026_09_01\/villanova_volley_maschile_francesco_cuniberti-1788252060958.jpg--ha_conquistato_la_promozione_in_b__ora_arriva_a_villanova_e__chiude__il_mercato.webp?1788252099182\"\/><\/a><\/p>\n<p><img loading=\"lazy\" decoding=\"async\" src=\"https:\/\/www.europesays.com\/it\/wp-content\/uploads\/2026\/09\/P1350211-1788452310998.webp\" alt=\"\" width=\"1200\" height=\"631\" caption=\"false\"\/><\/p>\n<p>IL COMMENTO DEL PRESIDENTE FABRIZIO PRATO<\/p>\n<blockquote><p>&#13;<\/p>\n<p>\u00abL&#8217;anno scorso abbiamo sfiorato la promozione in serie B con le ragazze e vinto il campionato di serie D con i maschi. Questo deve essere non una continuazione, ma un punto di partenza. Quello fatto l&#8217;anno scorso ormai \u00e8 passato, ce lo portiamo come bagaglio ma non dobbiamo sederci sugli allori. Servono impegno, voglia di fare e lavorare in palestra per affrontare questo nuovo campionato. Per noi avere due squadre in serie C \u00e8 un motivo d&#8217;orgoglio, perch\u00e9 le prime due squadre sono un traino per tutti gli altri atleti. Non bisogna dimenticare che il nostro obiettivo \u00e8 lavorare sulle squadre pi\u00f9 giovani\u00bb.<\/p>\n<p>&#13;\n<\/p><\/blockquote>\n<blockquote class=\"instagram-media\" data-instgrm-captioned=\"\" data-instgrm-permalink=\"https:\/\/www.instagram.com\/reel\/Dc0PX2lNnlq\/?utm_source=ig_embed&amp;utm_campaign=loading\" data-instgrm-version=\"14\" style=\"background: #FFF; border: 0; border-radius: 3px; box-shadow: 0 0 1px 0 rgba(0,0,0,0.5),0 1px 10px 0 rgba(0,0,0,0.15); margin: 1px; max-width: 540px; min-width: 326px; padding: 0; width: calc(100% - 2px);\"><p>&#13;<br \/>\n&#13;\n<\/p><\/blockquote>\n<p>\t\t\t<script async src=\"\/\/www.instagram.com\/embed.js\"><\/script><\/p>\n","protected":false},"excerpt":{"rendered":"Saranno sabati pieni di emozioni, quelli che attendono i tifosi del Villanova Volley nei prossimi mesi. Sia la&hellip;\n","protected":false},"author":3,"featured_media":663432,"comment_status":"","ping_status":"","sticky":false,"template":"","format":"standard","meta":{"footnotes":"","_share_on_mastodon":"0"},"categories":[1474],"tags":[264980,365681,107638,177276,1537,90,89,365682,3010,259076,119292,245,244,70358,98532,1869],"class_list":["post-663431","post","type-post","status-publish","format-standard","has-post-thumbnail","category-volley","tag-bettahi","tag-fabrizio-prato","tag-foxes","tag-garelli","tag-it","tag-italia","tag-italy","tag-mattia-fenoglio","tag-mondovi","tag-paganelli","tag-palatomatis","tag-sport","tag-sports","tag-vbc","tag-villanova-volley","tag-volley"],"share_on_mastodon":{"url":"https:\/\/pubeurope.com\/@it\/117209134727862802","error":""},"_links":{"self":[{"href":"https:\/\/www.europesays.com\/it\/wp-json\/wp\/v2\/posts\/663431","targetHints":{"allow":["GET"]}}],"collection":[{"href":"https:\/\/www.europesays.com\/it\/wp-json\/wp\/v2\/posts"}],"about":[{"href":"https:\/\/www.europesays.com\/it\/wp-json\/wp\/v2\/types\/post"}],"author":[{"embeddable":true,"href":"https:\/\/www.europesays.com\/it\/wp-json\/wp\/v2\/users\/3"}],"replies":[{"embeddable":true,"href":"https:\/\/www.europesays.com\/it\/wp-json\/wp\/v2\/comments?post=663431"}],"version-history":[{"count":0,"href":"https:\/\/www.europesays.com\/it\/wp-json\/wp\/v2\/posts\/663431\/revisions"}],"wp:featuredmedia":[{"embeddable":true,"href":"https:\/\/www.europesays.com\/it\/wp-json\/wp\/v2\/media\/663432"}],"wp:attachment":[{"href":"https:\/\/www.europesays.com\/it\/wp-json\/wp\/v2\/media?parent=663431"}],"wp:term":[{"taxonomy":"category","embeddable":true,"href":"https:\/\/www.europesays.com\/it\/wp-json\/wp\/v2\/categories?post=663431"},{"taxonomy":"post_tag","embeddable":true,"href":"https:\/\/www.europesays.com\/it\/wp-json\/wp\/v2\/tags?post=663431"}],"curies":[{"name":"wp","href":"https:\/\/api.w.org\/{rel}","templated":true}]}}