{"id":663448,"date":"2026-09-03T21:14:14","date_gmt":"2026-09-03T21:14:14","guid":{"rendered":"https:\/\/www.europesays.com\/it\/663448\/"},"modified":"2026-09-03T21:14:14","modified_gmt":"2026-09-03T21:14:14","slug":"celine-dion-a-parigi-il-ritorno-sul-palco-dopo-6-anni","status":"publish","type":"post","link":"https:\/\/www.europesays.com\/it\/663448\/","title":{"rendered":"C\u00e9line Dion a Parigi, il ritorno sul palco dopo 6 anni"},"content":{"rendered":"<p>Dopo sei anni di stop per malattia, C\u00e9line Dion torna sul palco alla D\u00e9fense Arena di Parigi con 16 concerti in programma<\/p>\n<p>\t\t\t<a href=\"https:\/\/google.com\/preferences\/source?q=open.online\" target=\"_blank\" rel=\"nofollow noopener\"><img loading=\"lazy\" decoding=\"async\" src=\"https:\/\/www.europesays.com\/it\/wp-content\/uploads\/2026\/05\/gps@2x.png\" alt=\"Google Preferred Site\" width=\"200\" height=\"63\"\/><\/a><\/p>\n<p class=\"wp-block-paragraph\">La cantante<strong> C\u00e9line Dion<\/strong> torna a esibirsi dopo sei anni in cui aveva dovuto fermarsi a causa della sua <a href=\"https:\/\/www.open.online\/2024\/06\/07\/celine-dion-sindrome-persona-rigida-come-se-qualcuno-mi-strangolasse\/\" rel=\"nofollow noopener\" target=\"_blank\">rara patologia neurologica<\/a> che causa spasmi e rigidit\u00e0 muscolare <a href=\"https:\/\/www.open.online\/2022\/12\/08\/usa-celine-dion-rara-sindrome-neurologica-tour-europa-annullato-video\/\" rel=\"nofollow noopener\" target=\"_blank\">diagnosticata nel 2022<\/a>. L\u2019ultima sua apparizione \u00e8 stata alla cerimonia di <a href=\"https:\/\/www.open.online\/2024\/07\/26\/olimpiadi-2024-parigi-celine-dion-esibizione-edith-piaf-video\/\" rel=\"nofollow noopener\" target=\"_blank\">apertura delle Olimpiadi estive a Parigi del 2024<\/a>. Ma quest\u2019anno, il giorno del suo 58esimo compleanno, la cantante canadese <a href=\"https:\/\/www.open.online\/2026\/03\/30\/celine-dion-palco-dieci-concerti-parigi-video\/\" rel=\"nofollow noopener\" target=\"_blank\">aveva annunciato il suo ritorno<\/a> con 16 concerti, tra settembre e ottobre 2026. L\u2019artista ha previsto\u00a0<strong>tre concerti a settimana<\/strong>, il mercoled\u00ec, il venerd\u00ec e il sabato ed \u00e8 previsto che ognuno richiamer\u00e0 pi\u00f9 di 30mila spettatori. <\/p>\n<p class=\"wp-block-paragraph\">Altri dieci concerti sono inoltre previsti a maggio del prossimo anno. I concerti saranno alla D\u00e9fense Arena, una scelta non casuale, perch\u00e9 \u00e8 <strong>lo stesso luogo dove avrebbe dovuto esibirsi nel 2020 <\/strong>con il Courage World Tour, fermato poi dalla pandemia di Covid e poi cancellato per la sindrome che l\u2019ha colpita. Il primo concerto sar\u00e0 il 12 settembre, ma la cantante \u00e8 stata gi\u00e0 vista e ripresa mentre incontra e canta insieme ai suoi fan.<\/p>\n<p>Il video virale<\/p>\n<p class=\"wp-block-paragraph\">Dion \u00e8 arrivata a Parigi venerd\u00ec 28 agosto nella Ville Lumi\u00e8re per iniziare le prove della prima parte della sua storica\u00a0<strong>serie di concerti<\/strong>. Davanti all\u2019hotel dove alloggia, il palazzo Royal Monceau, sull\u2019avenue Hoche, si \u00e8 subito radunata una folla di fan per accogliere la cantante. Mentre usciva dal lussuoso hotel parigino, marted\u00ec la cantante si \u00e8 <strong>esibita con una delle sue hit<\/strong>, per la gioia dei presenti. Come mostrano i diversi video pubblicati sui social media, ha cantato Pour que tu m\u2019aimes encore, aggiungendo anche qualche passo di danza.<\/p>\n<p>La storia della coppia italiana che ha pedalato fino a Parigi<\/p>\n<blockquote class=\"instagram-media\" data-instgrm-captioned=\"\" data-instgrm-permalink=\"https:\/\/www.instagram.com\/reel\/Dcy2q5_nLsm\/?utm_source=ig_embed&amp;utm_campaign=loading\" data-instgrm-version=\"14\" style=\" background:#FFF; border:0; border-radius:3px; box-shadow:0 0 1px 0 rgba(0,0,0,0.5),0 1px 10px 0 rgba(0,0,0,0.15); margin: 1px; max-width:540px; min-width:326px; padding:0; width:99.375%; width:-webkit-calc(100% - 2px); width:calc(100% - 2px);\"\/>\n<p class=\"wp-block-paragraph\">L\u2019evento ha subito attirato numerosi turisti, secondo la Amadeus Travel Intelligence, le <strong>ricerche\u00a0<\/strong>di\u00a0<strong>voli internazionali<\/strong>\u00a0per\u00a0<strong>Parigi<\/strong>\u00a0sono aumentate dell\u201911% rispetto allo stesso periodo dello scorso anno, mentre le\u00a0<strong>prenotazioni\u00a0<\/strong>sono\u00a0<strong>cresciute del 5%<\/strong>. Il quotidiano francese Le Parisien ha intervistato anche <strong>due italiani<\/strong> che hanno fatto pi\u00f9 di <strong>970 chilometri in bicicletta <\/strong>per assistere al ritorno sul palco della cantante. Partiti dal lago di Como per raggiungere Parigi in bici hanno viaggiato per circa 18 giorni.<\/p>\n<p>\t\t<script async src=\"\/\/www.instagram.com\/embed.js\"><\/script><\/p>\n","protected":false},"excerpt":{"rendered":"Dopo sei anni di stop per malattia, C\u00e9line Dion torna sul palco alla D\u00e9fense Arena di Parigi con&hellip;\n","protected":false},"author":3,"featured_media":663449,"comment_status":"","ping_status":"","sticky":false,"template":"","format":"standard","meta":{"footnotes":"","_share_on_mastodon":"0"},"categories":[1443],"tags":[5295,2942,1048,69303,76823,181233,2943,20898,113688,116875,181234,365685,1907,203,94308,5700,6139,204,1537,90,89,1538,1539,2298,1289,262723,978,5583,2392],"class_list":["post-663448","post","type-post","status-publish","format-standard","has-post-thumbnail","category-musica","tag-arena","tag-cantante","tag-causa","tag-celine","tag-celine-dion","tag-celine-dion-torna","tag-concerti","tag-defense","tag-defense-arena","tag-dion","tag-dion-torna","tag-dion-torna-esibirsi","tag-dovuto","tag-entertainment","tag-esibirsi","tag-fan","tag-hotel","tag-intrattenimento","tag-it","tag-italia","tag-italy","tag-music","tag-musica","tag-palco","tag-parigi","tag-parisien","tag-post","tag-torna","tag-video"],"share_on_mastodon":{"url":"https:\/\/pubeurope.com\/@it\/117209181731058278","error":""},"_links":{"self":[{"href":"https:\/\/www.europesays.com\/it\/wp-json\/wp\/v2\/posts\/663448","targetHints":{"allow":["GET"]}}],"collection":[{"href":"https:\/\/www.europesays.com\/it\/wp-json\/wp\/v2\/posts"}],"about":[{"href":"https:\/\/www.europesays.com\/it\/wp-json\/wp\/v2\/types\/post"}],"author":[{"embeddable":true,"href":"https:\/\/www.europesays.com\/it\/wp-json\/wp\/v2\/users\/3"}],"replies":[{"embeddable":true,"href":"https:\/\/www.europesays.com\/it\/wp-json\/wp\/v2\/comments?post=663448"}],"version-history":[{"count":0,"href":"https:\/\/www.europesays.com\/it\/wp-json\/wp\/v2\/posts\/663448\/revisions"}],"wp:featuredmedia":[{"embeddable":true,"href":"https:\/\/www.europesays.com\/it\/wp-json\/wp\/v2\/media\/663449"}],"wp:attachment":[{"href":"https:\/\/www.europesays.com\/it\/wp-json\/wp\/v2\/media?parent=663448"}],"wp:term":[{"taxonomy":"category","embeddable":true,"href":"https:\/\/www.europesays.com\/it\/wp-json\/wp\/v2\/categories?post=663448"},{"taxonomy":"post_tag","embeddable":true,"href":"https:\/\/www.europesays.com\/it\/wp-json\/wp\/v2\/tags?post=663448"}],"curies":[{"name":"wp","href":"https:\/\/api.w.org\/{rel}","templated":true}]}}