{"id":663452,"date":"2026-09-03T21:16:19","date_gmt":"2026-09-03T21:16:19","guid":{"rendered":"https:\/\/www.europesays.com\/it\/663452\/"},"modified":"2026-09-03T21:16:19","modified_gmt":"2026-09-03T21:16:19","slug":"atalanta-imprenditore-brucia-la-maglia-di-de-roon-che-aveva-comprato-allasta-di-beneficenza-per-2-mila-euro","status":"publish","type":"post","link":"https:\/\/www.europesays.com\/it\/663452\/","title":{"rendered":"Atalanta, imprenditore brucia la maglia di de Roon che aveva comprato all&#8217;asta di beneficenza per 2 mila euro"},"content":{"rendered":"<p>    di<br \/>\n    Redazione Bergamo<\/p>\n<p class=\"summary-art is-line-h-12\">Fabio Acquaroli, nome noto nel mondo delle location per cerimonie ed eventi, d\u00e0 alle fiamme la maglia dell&#8217;ex capitano dopo la scelta di andare a Roma<\/p>\n<p class=\"chapter-paragraph\">In un video di oltre 3 minuti, <b>Fabio Acquaroli <\/b>spiega il perch\u00e9 del proprio gesto: <b>bruciare la maglia di Marten de Roon<\/b>, comprata con 2 mila euro all&#8217;asta di <b>beneficenza per la Pediatria dell&#8217;Ospedale Papa Giovanni<\/b> di Bergamo. L&#8217;imprenditore dimostra cos\u00ec la propria amarezza nei confronti dell&#8217;<a href=\"https:\/\/bergamo.corriere.it\/notizie\/sport\/atalanta\/26_settembre_02\/atalanta-de-roon-criticato-sui-social-la-moglie-di-djimsiti-lui-ha-dato-tutto-il-vero-bergamasco-deve-essere-riconoscente-0131a572-47dd-459e-9c33-ec5043fecxlk.shtml\" target=\"_blank\" rel=\"nofollow noopener\">ormai ex capitano nerazzurro<\/a>, che dopo 10 anni <a href=\"https:\/\/bergamo.corriere.it\/notizie\/sport\/atalanta\/26_agosto_30\/atalanta-il-capitano-de-roon-lascia-la-squadra-per-la-roma-di-gasperini-dadd9539-48f7-402f-bec8-842e4c7a8xlk.shtml\" target=\"_blank\" rel=\"nofollow noopener\">ha scelto la Roma di Gasperini.<\/a> <b>Avversaria proprio dell&#8217;Atalanta sabato<\/b>, 5 settembre, all&#8217;Olimpico.<\/p>\n<p class=\"chapter-paragraph\"><b>La scelta di de Roon<\/b>, a cui era seguito anche un lungo video di saluto per i tifosi dell&#8217;Atalanta e per la citt\u00e0 che l&#8217;aveva reso suo cittadino onorario, <b>ha comunque spaccato la tifoseria nerazzurra.<\/b> Mettendo di fronte chi ha sottolineato l&#8217;opportunit\u00e0 di un professionista di poter continuare a giocare ad alti livelli, come il 35enne olandese ha detto di voler dimostrare di saper ancora fare, e chi invece non gli ha perdonato n\u00e9 il passaggio alla corte dell&#8217;ex allenatore, <a href=\"https:\/\/bergamo.corriere.it\/notizie\/sport\/atalanta\/26_settembre_02\/atalanta-le-pagelle-di-serina-al-mercato-volti-alti-per-acquisti-in-grande-stile-ma-la-fascia-andava-data-a-pasalic-2f82d897-f0eb-45af-aed2-8ea84f636xlk.shtml\" target=\"_blank\" rel=\"nofollow noopener\">n\u00e9 la modalit\u00e0 con cui questo \u00e8 avvenuto<\/a>.\u00a0\u00a0    &#13;<br \/>\n&#13;<br \/>\n&#13;<br \/>\n&#13;<br \/>\n&#13;<br \/>\n&#13;<br \/>\n&#13;<br \/>\n&#13;<br \/>\n&#13;<br \/>\n&#13;<br \/>\n&#13;<br \/>\n&#13;<br \/>\n&#13;<br \/>\n&#13;<br \/>\n&#13;<br \/>\n&#13;<br \/>\n&#13;<br \/>\n&#13;<br \/>\n&#13;<br \/>\n&#13;<br \/>\n&#13;<br \/>\n&#13;<br \/>\n&#13;<br \/>\n&#13;<br \/>\n&#13;<br \/>\n&#13;<br \/>\n&#13;<br \/>\n&#13;<br \/>\n&#13;<br \/>\n&#13;<br \/>\n&#13;<br \/>\n&#13;<br \/>\n&#13;<br \/>\n&#13;<br \/>\n&#13;<br \/>\n&#13;<br \/>\n&#13;<br \/>\n&#13;<br \/>\n&#13;<br \/>\n&#13;<br \/>\n&#13;<br \/>\n&#13;<br \/>\n&#13;<br \/>\n&#13;<br \/>\n&#13;<br \/>\n&#13;<br \/>\n&#13;<br \/>\n&#13;<br \/>\n&#13;<br \/>\n&#13;<br \/>\n&#13;<br \/>\n&#13;<br \/>\n&#13;\n<\/p>\n<p class=\"is-mr-t-20 is-mr-b-20\"><b><br \/>\n                    <a href=\"https:\/\/bergamo.corriere.it\/?intcmp=Notizielocali_nd_010623_corriere_ss_bergamo\" target=\"_blank\" rel=\"nofollow noopener\">Vai a tutte le notizie di Bergamo<\/a><br \/>\n            <\/b><\/p>\n<p>[an error occurred while processing this directive]<\/p>\n<p class=\"is-last-update\" datetime=\"2026-09-03T19:19:39+02:00\">3 settembre 2026 ( modifica il 3 settembre 2026 | 19:19)<\/p>\n<p class=\"is-copyright\">\n            \u00a9 RIPRODUZIONE RISERVATA\n        <\/p>\n","protected":false},"excerpt":{"rendered":"di Redazione Bergamo Fabio Acquaroli, nome noto nel mondo delle location per cerimonie ed eventi, d\u00e0 alle fiamme&hellip;\n","protected":false},"author":3,"featured_media":663453,"comment_status":"","ping_status":"","sticky":false,"template":"","format":"standard","meta":{"footnotes":"","_share_on_mastodon":"0"},"categories":[176],"tags":[9590,30861,365686,569,7001,8230,277,57069,724,1537,90,89,2219,89397,245,244],"class_list":["post-663452","post","type-post","status-publish","format-standard","has-post-thumbnail","category-sport","tag-acquaroli","tag-asta","tag-asta-beneficenza","tag-atalanta","tag-beneficenza","tag-capitano","tag-de","tag-de-roon","tag-euro","tag-it","tag-italia","tag-italy","tag-maglia","tag-roon","tag-sport","tag-sports"],"share_on_mastodon":{"url":"https:\/\/pubeurope.com\/@it\/117209188619275687","error":""},"_links":{"self":[{"href":"https:\/\/www.europesays.com\/it\/wp-json\/wp\/v2\/posts\/663452","targetHints":{"allow":["GET"]}}],"collection":[{"href":"https:\/\/www.europesays.com\/it\/wp-json\/wp\/v2\/posts"}],"about":[{"href":"https:\/\/www.europesays.com\/it\/wp-json\/wp\/v2\/types\/post"}],"author":[{"embeddable":true,"href":"https:\/\/www.europesays.com\/it\/wp-json\/wp\/v2\/users\/3"}],"replies":[{"embeddable":true,"href":"https:\/\/www.europesays.com\/it\/wp-json\/wp\/v2\/comments?post=663452"}],"version-history":[{"count":0,"href":"https:\/\/www.europesays.com\/it\/wp-json\/wp\/v2\/posts\/663452\/revisions"}],"wp:featuredmedia":[{"embeddable":true,"href":"https:\/\/www.europesays.com\/it\/wp-json\/wp\/v2\/media\/663453"}],"wp:attachment":[{"href":"https:\/\/www.europesays.com\/it\/wp-json\/wp\/v2\/media?parent=663452"}],"wp:term":[{"taxonomy":"category","embeddable":true,"href":"https:\/\/www.europesays.com\/it\/wp-json\/wp\/v2\/categories?post=663452"},{"taxonomy":"post_tag","embeddable":true,"href":"https:\/\/www.europesays.com\/it\/wp-json\/wp\/v2\/tags?post=663452"}],"curies":[{"name":"wp","href":"https:\/\/api.w.org\/{rel}","templated":true}]}}