{"id":663469,"date":"2026-09-03T21:30:16","date_gmt":"2026-09-03T21:30:16","guid":{"rendered":"https:\/\/www.europesays.com\/it\/663469\/"},"modified":"2026-09-03T21:30:16","modified_gmt":"2026-09-03T21:30:16","slug":"in-argentina-anche-il-rugby-diventa-terreno-di-scontro-sulla-memoria","status":"publish","type":"post","link":"https:\/\/www.europesays.com\/it\/663469\/","title":{"rendered":"In Argentina anche il rugby diventa terreno di scontro sulla memoria"},"content":{"rendered":"<p>A Tucum\u00e1n un torneo dedicato a 178 rugbisti desaparecidos non si giocher\u00e0 pi\u00f9. La vicenda va molto oltre una competizione cancellata: \u00e8 questo che accade quando una societ\u00e0 torna a litigare con la propria storia, fino a considerare ingombrante persino il ricordo di chi ne fu vittima<\/p>\n<p>La politicizzazione della storia non conosce confini, \u00e8 un fenomeno globale. E l\u2019Argentina non fa eccezione. Uno dei terreni sui quali questo conflitto si accende con maggiore evidenza \u00e8 quello della memoria dell\u2019ultima dittatura militare, della repressione dei desaparecidos.\u00a0A Tucum\u00e1n, estremo nord del paese, da 10 anni si svolgeva un torneo di rugby dedicato alla memoria dei 178 rugbisti desaparecidos assassinati durante gli anni della dittatura. Un\u2019iniziativa nata dalla volont\u00e0 dell\u2019attivista<\/p>\n","protected":false},"excerpt":{"rendered":"A Tucum\u00e1n un torneo dedicato a 178 rugbisti desaparecidos non si giocher\u00e0 pi\u00f9. La vicenda va molto oltre&hellip;\n","protected":false},"author":3,"featured_media":663470,"comment_status":"","ping_status":"","sticky":false,"template":"","format":"standard","meta":{"footnotes":"","_share_on_mastodon":"0"},"categories":[1458],"tags":[1537,90,89,1840,245,244],"class_list":["post-663469","post","type-post","status-publish","format-standard","has-post-thumbnail","category-rugby","tag-it","tag-italia","tag-italy","tag-rugby","tag-sport","tag-sports"],"share_on_mastodon":{"url":"https:\/\/pubeurope.com\/@it\/117209243824784144","error":""},"_links":{"self":[{"href":"https:\/\/www.europesays.com\/it\/wp-json\/wp\/v2\/posts\/663469","targetHints":{"allow":["GET"]}}],"collection":[{"href":"https:\/\/www.europesays.com\/it\/wp-json\/wp\/v2\/posts"}],"about":[{"href":"https:\/\/www.europesays.com\/it\/wp-json\/wp\/v2\/types\/post"}],"author":[{"embeddable":true,"href":"https:\/\/www.europesays.com\/it\/wp-json\/wp\/v2\/users\/3"}],"replies":[{"embeddable":true,"href":"https:\/\/www.europesays.com\/it\/wp-json\/wp\/v2\/comments?post=663469"}],"version-history":[{"count":0,"href":"https:\/\/www.europesays.com\/it\/wp-json\/wp\/v2\/posts\/663469\/revisions"}],"wp:featuredmedia":[{"embeddable":true,"href":"https:\/\/www.europesays.com\/it\/wp-json\/wp\/v2\/media\/663470"}],"wp:attachment":[{"href":"https:\/\/www.europesays.com\/it\/wp-json\/wp\/v2\/media?parent=663469"}],"wp:term":[{"taxonomy":"category","embeddable":true,"href":"https:\/\/www.europesays.com\/it\/wp-json\/wp\/v2\/categories?post=663469"},{"taxonomy":"post_tag","embeddable":true,"href":"https:\/\/www.europesays.com\/it\/wp-json\/wp\/v2\/tags?post=663469"}],"curies":[{"name":"wp","href":"https:\/\/api.w.org\/{rel}","templated":true}]}}