{"id":663478,"date":"2026-09-03T21:37:15","date_gmt":"2026-09-03T21:37:15","guid":{"rendered":"https:\/\/www.europesays.com\/it\/663478\/"},"modified":"2026-09-03T21:37:15","modified_gmt":"2026-09-03T21:37:15","slug":"kettice-ecco-le-location-del-nuovo-film-con-monica-bellucci","status":"publish","type":"post","link":"https:\/\/www.europesays.com\/it\/663478\/","title":{"rendered":"Kettic\u00e8, ecco le location del nuovo film con Monica Bellucci"},"content":{"rendered":"<p>Com\u2019era Palermo quindici anni fa quando il berlusconismo volgeva al termine, e con esso tramontavano anche i sogni di gloria di una certa borghesia, e soprattutto prima che la citt\u00e0 subisse l\u2019estrema turistificazione oggi davanti agli occhi di tutti? \u00c8 a questa domanda che prova a rispondere il nuovo film di <strong>Giovanni Tortorici<\/strong> nelle sale <strong>dal 3 settembre<\/strong> 2026.<\/p>\n<p>Le location di <strong>Kettic\u00e8\u00a0<\/strong>\u2013 questo \u00e8 il titolo della pellicola, a met\u00e0 tra un teen drama e un coming of age, che vede la partecipazione straordinaria di <strong>Monica Bellucci <\/strong>\u2013 contribuiscono a raccontare l\u2019animo pi\u00f9 vero della citt\u00e0 spaziando da piazze e vie centrali e ben frequentate dai palermitani per lo shopping e la movida a quartieri residenziali dove crescere vuol dire cominciare presto a scontrarsi con prospettive che scarseggiano e opportunit\u00e0 che non sono mai quelle sperate.\n<\/p>\n<p>Di cosa parla<\/p>\n<p>\u00c8 il 2012, <strong>Giulio<\/strong> (Salvatore Gallina) ha <strong>sedici anni<\/strong> e trascorre le giornate tra la scuola, le uscite in motorino con gli amici, i primi amori e Facebook. Con i genitori \u2013 la mamma \u00e8 <strong>un\u2019aristocratica inquieta<\/strong> e un po\u2019 annoiata interpretata da<strong> Monica Bellucci<\/strong> \u2013 il dialogo \u00e8 quasi del tutto assente, cos\u00ec come con il resto dei grandi che lo circondano ma che sembrano parlare una lingua completamente diversa dalla sua.<\/p>\n<p>Tutto cambia quando Giulio incontra <strong>Ketty<\/strong> (Rachele Testagrossa): un\u2019<strong>adolescente imprevedibile<\/strong> e che vive senza condizionamenti con cui nascer\u00e0 una forte amicizia. Con Kettic\u00e8, questo il soprannome che le d\u00e0, Giulio trascorre un anno scolastico intenso e che lo avviciner\u00e0 sempre di pi\u00f9 all\u2019adulto che vuole diventare.<\/p>\n<p>Dov\u2019\u00e8 stato girato il film<\/p>\n<p>Le location di Kettic\u00e8 hanno, come gi\u00e0 accennato e come ha ribadito il regista alla stampa, il compito di raccontare una <a href=\"https:\/\/siviaggia.it\/destinazioni\/europa\/italia\/palermo\/\" rel=\"nofollow noopener\" target=\"_blank\">Palermo<\/a> che chi \u00e8 cresciuto in citt\u00e0 nei primi Anni Duemila non far\u00e0 certo fatica a riconoscere.<\/p>\n<p>Il centro di Palermo<\/p>\n<p>In alcune sequenze compare <strong>Via Catania<\/strong>: una delle pi\u00f9 importanti strade centrali della citt\u00e0, vicina alla pi\u00f9 famosa Via Libert\u00e0, dove si trovano negozi e boutique alla moda e locali dove, soprattutto la sera, i giovani palermitani si ritrovano per la movida.<\/p>\n<p>Tra i luoghi dov\u2019\u00e8 stato girato il film di Giovanni Tortorici \u00e8 segnalata anche <strong>Piazza Casa Professa<\/strong>. Pi\u00f9 vicina a Via Maqueda, altra via centralissima e molto frequentata dai turisti di Palermo, \u00e8 famosa perch\u00e9 ospita la <strong>Chiesa del Ges\u00f9<\/strong> (anche nota, appunto, come Casa Professa): uno dei pi\u00f9 notevoli esempi di barocco siciliano grazie agli interni ricoperti di marmi mischi, stucchi, sculture.<\/p>\n<p>Altre location di Kettic\u00e8 in centro sono la settecentesca <strong>Villa Trabia<\/strong> e <strong>Villa Sperlinga<\/strong>, tra i pi\u00f9 interessanti giardini pubblici di Palermo.<\/p>\n<p>Quartieri residenziali e periferie di Palermo<\/p>\n<p>Nei lunghi pomeriggi passati con gli amici a girare in motorino per la citt\u00e0 Giulio, il protagonista, frequenta per\u00f2 soprattutto i <strong>vialoni della periferia<\/strong> di Palermo dove grossi complessi residenziali e moderni edifici adibiti a scuole \u2013 nella maggior parte dei casi private \u2013 sono tutto quello che c\u2019\u00e8 da vedere o quasi.<\/p>\n<p>\u00abHo ripercorso tutti i luoghi della mia adolescenza, che non sono quelli pi\u00f9 celebri. Un palermitano riconoscer\u00e0 questa Palermo molto pi\u00f9 di uno che c\u2019\u00e8 stato solo in vacanza, e che comprensibilmente non \u00e8 andato in certe zone residenziali, o nei campetti da calcio, o tantomeno nelle borgate\u00bb, ha raccontato a proposito il regista a PalermoToday.<\/p>\n<p>Mondello<\/p>\n<p>Se per ogni adolescente palermitano <a href=\"https:\/\/siviaggia.it\/idee-di-viaggio\/video\/mondello-perla-sicilia-borgo-incantevole-spiagge-deliziose\/298528\/\" rel=\"nofollow noopener\" target=\"_blank\">Mondello<\/a> \u00e8 fin dai primi caldi promessa di evasione dalla citt\u00e0 e di avventure estive, non potevano mancare alcune scene girate in questa frazione marittima che d\u2019estate si anima di lettini, ombrelloni, chioschi per i gelati.<\/p>\n<p>Il suo scorcio pi\u00f9 da cartolina \u00e8 il <strong>padiglione in stile Art Nouveau<\/strong> in mezzo al mare: un antico stabilimento balneare pi\u00f9 recentemente trasformato in ristorante.<\/p>\n","protected":false},"excerpt":{"rendered":"Com\u2019era Palermo quindici anni fa quando il berlusconismo volgeva al termine, e con esso tramontavano anche i sogni&hellip;\n","protected":false},"author":3,"featured_media":663479,"comment_status":"","ping_status":"","sticky":false,"template":"","format":"standard","meta":{"footnotes":"","_share_on_mastodon":"0"},"categories":[1451],"tags":[1621,1620,5856,203,204,1537,90,89,5857,7359,32620],"class_list":["post-663478","post","type-post","status-publish","format-standard","has-post-thumbnail","category-celebrita","tag-celebrita","tag-celebrities","tag-citta-darte","tag-entertainment","tag-intrattenimento","tag-it","tag-italia","tag-italy","tag-itinerari-culturali","tag-luoghi-da-film","tag-luxury"],"share_on_mastodon":{"url":"https:\/\/pubeurope.com\/@it\/117209271249658549","error":""},"_links":{"self":[{"href":"https:\/\/www.europesays.com\/it\/wp-json\/wp\/v2\/posts\/663478","targetHints":{"allow":["GET"]}}],"collection":[{"href":"https:\/\/www.europesays.com\/it\/wp-json\/wp\/v2\/posts"}],"about":[{"href":"https:\/\/www.europesays.com\/it\/wp-json\/wp\/v2\/types\/post"}],"author":[{"embeddable":true,"href":"https:\/\/www.europesays.com\/it\/wp-json\/wp\/v2\/users\/3"}],"replies":[{"embeddable":true,"href":"https:\/\/www.europesays.com\/it\/wp-json\/wp\/v2\/comments?post=663478"}],"version-history":[{"count":0,"href":"https:\/\/www.europesays.com\/it\/wp-json\/wp\/v2\/posts\/663478\/revisions"}],"wp:featuredmedia":[{"embeddable":true,"href":"https:\/\/www.europesays.com\/it\/wp-json\/wp\/v2\/media\/663479"}],"wp:attachment":[{"href":"https:\/\/www.europesays.com\/it\/wp-json\/wp\/v2\/media?parent=663478"}],"wp:term":[{"taxonomy":"category","embeddable":true,"href":"https:\/\/www.europesays.com\/it\/wp-json\/wp\/v2\/categories?post=663478"},{"taxonomy":"post_tag","embeddable":true,"href":"https:\/\/www.europesays.com\/it\/wp-json\/wp\/v2\/tags?post=663478"}],"curies":[{"name":"wp","href":"https:\/\/api.w.org\/{rel}","templated":true}]}}