{"id":663484,"date":"2026-09-03T21:41:31","date_gmt":"2026-09-03T21:41:31","guid":{"rendered":"https:\/\/www.europesays.com\/it\/663484\/"},"modified":"2026-09-03T21:41:31","modified_gmt":"2026-09-03T21:41:31","slug":"roadelli-la-musica-e-la-mia-strada-canto-cio-che-sento-dentro-il-mio-fan-piu-grande-devo-essere-sempre-io","status":"publish","type":"post","link":"https:\/\/www.europesays.com\/it\/663484\/","title":{"rendered":"Roadelli: \u00abLa musica \u00e8 la mia strada, canto ci\u00f2 che sento dentro. Il mio fan pi\u00f9 grande? Devo essere sempre io\u00bb"},"content":{"rendered":"<p>&#13;<br \/>\n                               &#13;<br \/>\n                                                &#13;<br \/>\n                &#13;<\/p>\n<p>C&#8217;\u00e8 un&#8217;immagine che racconta bene <strong>Roadelli<\/strong>: il <strong>Palazzetto dello Sport <\/strong>che vede ogni giorno dal tetto di casa. \u00c8 vicino, ma per ora resta un sogno. Quando lo guarda, per\u00f2, immagina gi\u00e0 il momento in cui sar\u00e0 l\u00ec dentro, davanti a migliaia di persone che cantano le sue canzoni.<\/p>\n<p>&#13;<br \/>\n&#13;<br \/>\n&#13;<br \/>\n&#13;<\/p>\n<p>A 25 anni, il cantautore romano sta costruendo il proprio percorso senza cercare scorciatoie. Dopo il primo concerto al Charleston Club di Roma, Roadelli si prepara a pubblicare il suo primo EP. Ma prima ancora dei progetti e degli obiettivi c&#8217;\u00e8 il motivo per cui ha iniziato a scrivere:<strong> raccontare quello che vive<\/strong>. \u00abIl mio modo di scrivere non \u00e8 cambiato poi cos\u00ec tanto. Sono migliorato magari nell&#8217;esprimere alcuni concetti, ma mi lascio sempre trasportare da fatti che mi accadono realmente, \u00e8 sempre stato il mio modus operandi\u00bb.<\/p>\n<p>&#13;<br \/>\n&#13;<br \/>\n<strong>Una scrittura profondamente autobiografica<\/strong>&#13;<br \/>\n&#13;<\/p>\n<p><strong><img decoding=\"async\" alt=\"\" src=\"https:\/\/www.europesays.com\/it\/wp-content\/uploads\/2026\/09\/roadelli_cameretta_sogno_palazzetto_scrivo_quello_vivo_il_talento_oggi_02142346.jpg\"\/><\/strong><\/p>\n<p>&#13;<br \/>\n&#13;<\/p>\n<p>Relazioni, nostalgia, solitudine e crescita. Le sue canzoni partono da episodi reali e diventano il modo attraverso cui dare una forma a emozioni che, fuori dalla musica, spesso rimangono senza parole. \u00ab<strong>Ho imparato a capire sempre di pi\u00f9 come lasciarmi andare ed essere libero di scrivere quello che sento veramente<\/strong>\u00bb. \u00c8 una consapevolezza arrivata con il tempo. Non ha cambiato la materia da cui nasce la sua musica: ha imparato a fidarsi di pi\u00f9 di quella materia. E anche il suo nome d&#8217;arte racconta qualcosa di questo percorso. <strong>Dal cognome Rodelli nasce Roadelli, con una \u201ca\u201d che porta dentro la parola inglese road: strada<\/strong>. Non soltanto una scelta estetica, ma quasi una dichiarazione d&#8217;intenti. La musica \u00e8 il percorso attraverso cui raccontare ci\u00f2 che gli succede lungo la strada.<\/p>\n<p>&#13;<br \/>\n&#13;<\/p>\n<p>\u00abScrivo esclusivamente basandomi su fatti che mi sono realmente accaduti\u00bb. Non inventa personaggi per raccontare emozioni: parte da quello che ha vissuto e prova a trasformarlo in una canzone. \u00abScrivere per me \u00e8 esprimere tutto quello che non voglio o non riesco a raccontare cos\u00ec normalmente\u00bb. \u00c8 qui che la dimensione personale pu\u00f2 diventare universale. Una storia nata dalla sua vita pu\u00f2 finire dentro quella di qualcun altro. \u00ab<strong>Credo che chi mi ascolta possa ritrovarsi in quello che scrivo, soprattutto chi si \u00e8 sentito spesso solo come me nella vita<\/strong>\u00bb. La solitudine, quindi, non \u00e8 soltanto uno dei temi che attraversano la sua musica. \u00c8 anche uno dei punti da cui nasce il rapporto con chi ascolta.<\/p>\n<p>&#13;<br \/>\n&#13;<br \/>\n<strong>Dal lavoro sulla voce ai social<\/strong>&#13;<br \/>\n&#13;<\/p>\n<p><strong><img decoding=\"async\" alt=\"\" src=\"https:\/\/www.europesays.com\/it\/wp-content\/uploads\/2026\/09\/img_0257_02142410.jpg\"\/><\/strong><\/p>\n<p>&#13;<br \/>\n&#13;<\/p>\n<p>Nel frattempo, il percorso artistico passa anche attraverso lo <strong>studio quotidiano<\/strong>. Da quattro anni studia canto con il suo insegnante Stefano, lavorando sulla respirazione, sul controllo della voce e sulla consapevolezza dello strumento che ha a disposizione. Ma il lavoro non riguarda soltanto la voce. \u00abLavoriamo spesso sul controllo del corpo durante le esibizioni e sul trasformare l&#8217;ansia in potenza vocale sul palco\u00bb. Per Roadelli, imparare a cantare significa anche imparare a conoscersi. \u00ab\u00c8 un percorso introspettivo anche quello dello studio del canto, devi imparare a conoscere fino in fondo la tua voce e la capacit\u00e0 di unire emozioni e controllo\u00bb. Una ricerca che diventa particolarmente importante quando arriva il momento di salire sul palco. Perch\u00e9 l&#8217;emozione che nelle canzoni \u00e8 una risorsa, dal vivo pu\u00f2 diventare anche un ostacolo. L&#8217;obiettivo \u00e8 trasformarla in energia.<\/p>\n<p>&#13;<br \/>\n&#13;<\/p>\n<p>Lo stesso discorso vale per i <strong>social<\/strong>, dove il rapporto con il giudizio degli altri non \u00e8 sempre semplice. \u00abLe critiche mi condizionano abbastanza\u00bb. Roadelli non nasconde quindi la propria sensibilit\u00e0, ma prova a gestirla senza trasformare ogni commento negativo in una sconfitta. \u00abRispondere in maniera educata ed intelligente a volte pu\u00f2 far ricredere gli hater e trasformarli in fan\u00bb.<\/p>\n<p>&#13;<br \/>\n&#13;<br \/>\n<strong>Il punto di svolta: tra Sanremo Giovani, il dolore e il concerto<\/strong>&#13;<br \/>\n&#13;<\/p>\n<p><strong><img decoding=\"async\" alt=\"\" src=\"https:\/\/www.europesays.com\/it\/wp-content\/uploads\/2026\/09\/img_1059_02142441.jpg\"\/><\/strong><\/p>\n<p>&#13;<br \/>\n&#13;<\/p>\n<p>Poi arriva una data e un momento che, nel suo percorso, occupano uno spazio particolare. In concomitanza con l&#8217;uscita del brano \u201cOgni fermata\u201d (presentato per <strong><a href=\"https:\/\/www.leggo.it\/t\/sanremo-giovani\" rel=\"nofollow noopener\" target=\"_blank\">Sanremo Giovani<\/a><\/strong>), l&#8217;artista ha dovuto affrontare un grande dolore personale<strong>: proprio il giorno in cui \u00e8 stato scartato dalla competizione, \u00e8 morta sua nonna, citata all&#8217;interno del brano<\/strong>. Una coincidenza cos\u00ec forte da farlo sentire \u00abuna formica davanti alla vita\u00bb, al punto da pensare di fermarsi e staccare tutto.<\/p>\n<p>&#13;<br \/>\n&#13;<\/p>\n<p>Il confronto con il manager <strong>Edoardo Colletti<\/strong> ha per\u00f2 trasformato quel dolore in una spinta decisiva: capire che quella ferita poteva diventare forza e un motore per fare ancora meglio. Cos\u00ec ha scelto di andare avanti. E proprio in mezzo a tutto questo \u00e8 arrivato <strong>il primo concerto al Charleston Club di Roma, il 5 dicembre 2025<\/strong>. \u00abVedere quelle persone cantare con me tutto quello che c&#8217;era da cantare \u00e8 stato come respirare di nuovo\u00bb. Un punto di svolta autentico: la prova concreta che una storia nata nella sua stanza \u00e8 riuscita ad arrivare fino a qualcun altro.<\/p>\n<p>&#13;<br \/>\n&#13;<br \/>\n<strong>La musica nasce prima dall&#8217;amicizia<\/strong>&#13;<br \/>\n&#13;<\/p>\n<p>Il percorso musicale di Roadelli \u00e8 fatto anche di legami profondi. <strong><a href=\"https:\/\/www.leggo.it\/t\/eddie-brock\" rel=\"nofollow noopener\" target=\"_blank\">Eddie Brock<\/a><\/strong> e <strong>Calma<\/strong> non sono soltanto artisti con cui ha collaborato: sono amici con cui condividere la parte pi\u00f9 personale della sua scrittura. \u00ab<strong>Quando vado in studio con loro sto andando con i miei migliori amici a confidarmi, senza aver paura del giudizio o di raccontare qualcosa di troppo<\/strong>\u00bb.<\/p>\n<p>&#13;<br \/>\n&#13;<br \/>\n&#13;<br \/>\n&#13;<\/p>\n<p>Con Eddie Brock il rapporto dura da quattro anni. Nel tempo \u00e8 diventato una figura quasi fraterna e, oltre alla musica, gli ha trasmesso un&#8217;idea precisa del mestiere. \u00abMi ha fatto capire che se vuoi fare musica buona devi trattarla come un lavoro vero\u00bb. Con Marco, in arte Calma, l&#8217;incontro \u00e8 stato invece pi\u00f9 casuale. \u00ab\u00c8 subito nata una stima personale e un&#8217;intesa artistica forte\u00bb.\u00a0<\/p>\n<p>&#13;<br \/>\n&#13;<br \/>\n<strong>Le influenze e il sogno pi\u00f9 grande<\/strong>&#13;<br \/>\n&#13;<\/p>\n<p>Le sue radici musicali affondano nella scena indie romana, ma i riferimenti sono pi\u00f9 ampi. Ci sono <strong><a href=\"https:\/\/www.leggo.it\/t\/ultimo\" rel=\"nofollow noopener\" target=\"_blank\">Ultimo<\/a><\/strong>, <strong><a href=\"https:\/\/www.leggo.it\/t\/antonello-venditti\" rel=\"nofollow noopener\" target=\"_blank\">Antonello Venditti<\/a><\/strong>, <strong><a href=\"https:\/\/www.leggo.it\/t\/claudio-baglioni\" rel=\"nofollow noopener\" target=\"_blank\">Claudio Baglioni<\/a><\/strong> ed <strong><a href=\"https:\/\/www.leggo.it\/t\/elton-john\" rel=\"nofollow noopener\" target=\"_blank\">Elton John<\/a><\/strong>. \u00abSi pu\u00f2 dire che ho imparato a scrivere canzoni grazie a loro\u00bb. E quando si arriva al featuring dei sogni, la risposta \u00e8 perfetta nella sua irraggiungibilit\u00e0: Elton John.<\/p>\n<p>&#13;<br \/>\n&#13;<\/p>\n<p>Poi c&#8217;\u00e8 un sogno che, almeno nella sua immaginazione, \u00e8 molto pi\u00f9 vicino. Il <strong>Palazzetto dello Sport<\/strong>. \u00abLo vedo tutti i giorni dal tetto di casa mia e non smetto di immaginarmi l\u00ec dentro con migliaia di persone che cantano le mie canzoni\u00bb. Non serve aggiungere altro. Quella scena contiene tutta l&#8217;ambizione di Roadelli: un luogo che vede davvero, tutti i giorni, e di persone che un giorno potrebbero essere l\u00ec per lui.<\/p>\n<p>&#13;<br \/>\n&#13;<br \/>\n<strong>Dieci anni, tante storie da raccontare<\/strong>&#13;<br \/>\n&#13;<\/p>\n<p>E forse \u00e8 proprio per questo che, quando gli si chiede come si immagina tra dieci anni, non risponde parlando soltanto di carriera. \u00abSpero di essere diventato una persona che ha vissuto dieci volte in pi\u00f9 di adesso, di essere un artista che lavora solo con la musica\u00bb. <\/p>\n<p>Prima ancora dell&#8217;artista, c&#8217;\u00e8 la persona. Vivere per avere qualcosa da raccontare. Fare esperienze per trasformarle in canzoni.&#13;<br \/>\n&#13;<br \/>\n&#13;<br \/>\n&#13;<\/p>\n<blockquote class=\"instagram-media\" data-instgrm-captioned=\"\" data-instgrm-permalink=\"https:\/\/www.instagram.com\/reel\/DaVHjLYB4D0\/?utm_source=ig_embed&amp;utm_campaign=loading\" data-instgrm-version=\"14\" style=\" background:#FFF; border:0; border-radius:3px; box-shadow:0 0 1px 0 rgba(0,0,0,0.5),0 1px 10px 0 rgba(0,0,0,0.15); margin: 1px; max-width:540px; min-width:326px; padding:0; width:99.375%; width:-webkit-calc(100% - 2px); width:calc(100% - 2px);\" wp_automatic_readability=\"-7.9180327868852\"><p>&#13;<br \/>\n&#13;\n<\/p><\/blockquote>\n<p>&#13;<br \/>\n<br \/>&#13;<br \/>\n&#13;<br \/>\n&#13;<br \/>\n&#13;<br \/>\n&#13;<br \/>\n&#13;<\/p>\n<p>Il primo EP \u00e8 ormai in fase di completamento. Nel frattempo, Roadelli vuole continuare a portare la propria musica dal vivo e scrivere ancora. \u00ab<strong>L&#8217;obiettivo adesso \u00e8 di suonare sempre di pi\u00f9 in giro, di farmi conoscere e di fare tante altre belle canzoni<\/strong>\u00bb. \u00c8 un pensiero semplice, ma racconta bene il momento che sta vivendo: nessuna necessit\u00e0 di anticipare il futuro, soltanto la voglia di continuare a percorrere la propria strada. Quella stessa strada che \u00e8 gi\u00e0 dentro il suo nome. E allora, alla fine, resta una domanda: chi \u00e8 il primo fan di Roadelli? La risposta non \u00e8 il pubblico. Non sono gli amici. Non sono i numeri. \u00c8 lui. \u00abDevo essere sempre io\u00bb.<\/p>\n<p>                                &#13;<br \/>\n                &#13;<br \/>\n&#13;<br \/>\n                Ultimo aggiornamento: gioved\u00ec 3 settembre 2026, 16:55&#13;<br \/>\n                <br \/>&#13;<br \/>\n                &#13;<br \/>\n                  &#13;<br \/>\n                    &#13;<br \/>\n                        \u00a9 RIPRODUZIONE RISERVATA&#13;<\/p>\n<p>&#13;<\/p>\n<p>                    &#13;<br \/>\n                            <script async src=\"\/\/www.instagram.com\/embed.js\"><\/script><\/p>\n","protected":false},"excerpt":{"rendered":"&#13; &#13; &#13; &#13; C&#8217;\u00e8 un&#8217;immagine che racconta bene Roadelli: il Palazzetto dello Sport che vede ogni giorno&hellip;\n","protected":false},"author":3,"featured_media":663485,"comment_status":"","ping_status":"","sticky":false,"template":"","format":"standard","meta":{"footnotes":"","_share_on_mastodon":"0"},"categories":[1443],"tags":[1362,153230,203,204,1537,90,89,1538,1539,365697],"class_list":["post-663484","post","type-post","status-publish","format-standard","has-post-thumbnail","category-musica","tag-calma","tag-eddie-brock","tag-entertainment","tag-intrattenimento","tag-it","tag-italia","tag-italy","tag-music","tag-musica","tag-roadelli"],"share_on_mastodon":{"url":"https:\/\/pubeurope.com\/@it\/117209288116882707","error":""},"_links":{"self":[{"href":"https:\/\/www.europesays.com\/it\/wp-json\/wp\/v2\/posts\/663484","targetHints":{"allow":["GET"]}}],"collection":[{"href":"https:\/\/www.europesays.com\/it\/wp-json\/wp\/v2\/posts"}],"about":[{"href":"https:\/\/www.europesays.com\/it\/wp-json\/wp\/v2\/types\/post"}],"author":[{"embeddable":true,"href":"https:\/\/www.europesays.com\/it\/wp-json\/wp\/v2\/users\/3"}],"replies":[{"embeddable":true,"href":"https:\/\/www.europesays.com\/it\/wp-json\/wp\/v2\/comments?post=663484"}],"version-history":[{"count":0,"href":"https:\/\/www.europesays.com\/it\/wp-json\/wp\/v2\/posts\/663484\/revisions"}],"wp:featuredmedia":[{"embeddable":true,"href":"https:\/\/www.europesays.com\/it\/wp-json\/wp\/v2\/media\/663485"}],"wp:attachment":[{"href":"https:\/\/www.europesays.com\/it\/wp-json\/wp\/v2\/media?parent=663484"}],"wp:term":[{"taxonomy":"category","embeddable":true,"href":"https:\/\/www.europesays.com\/it\/wp-json\/wp\/v2\/categories?post=663484"},{"taxonomy":"post_tag","embeddable":true,"href":"https:\/\/www.europesays.com\/it\/wp-json\/wp\/v2\/tags?post=663484"}],"curies":[{"name":"wp","href":"https:\/\/api.w.org\/{rel}","templated":true}]}}