{"id":663488,"date":"2026-09-03T21:43:16","date_gmt":"2026-09-03T21:43:16","guid":{"rendered":"https:\/\/www.europesays.com\/it\/663488\/"},"modified":"2026-09-03T21:43:16","modified_gmt":"2026-09-03T21:43:16","slug":"cagliari-hellas-verona-1-2-i-veneti-sbancano-lunipol-domus-agli-ottavi-sfideranno-la-roma","status":"publish","type":"post","link":"https:\/\/www.europesays.com\/it\/663488\/","title":{"rendered":"Cagliari-Hellas Verona 1-2, i veneti sbancano l&#8217;Unipol Domus: agli ottavi sfideranno la Roma"},"content":{"rendered":"<p>Verona a sorpresa avanti in <strong><a href=\"https:\/\/www.ilmessaggero.it\/t\/coppa-italia\" rel=\"nofollow noopener\" target=\"_blank\">Coppa Italia<\/a><\/strong>: batte 2-1 il Cagliari in trasferta e si guadagna il viaggio a Roma all&#8217;Olimpico per lo scontro agli ottavi contro la squadra di Gasperini. Squadra di Baroni bella e compatta: passa in vantaggio con Harroui nel primo tempo, viene raggiunta nella ripresa da Mendy. E poi sferra il colpo decisivo con Mulattieri nel finale. Cagliari eliminato: ora non resta che pensare al campionato e al Lecce, l&#8217;avversario di luned\u00ec. Formazioni molto rimaneggiate rispetto agli ultimi impegni con Inter e Padova. Senza big e veterani, il Cagliari scende in campo con il 2005 Rodriguez addirittura capitano. In panchina c&#8217;\u00e8 Murelli al posto dello squalificato Pisacane. Verona aggressivo e Cagliari che nei primi 20 minuti perde quattro palloni in uscita nella propria met\u00e0 campo.<\/p>\n<p>Al quinto errore, per\u00f2, l&#8217;Hellas punisce. \u00c8 il 22&#8242;: il passaggio sbagliato \u00e8 di Liteta, poi Rocha Livramento fila sulla destra. Sul cross rasoterra sbagliano tutti e Harroui da solo infila Radunovic. Addirittura al 39&#8242; il Verona rischia di chiudere la partita con l&#8217;ex Lella, bravo Radunovic, suo compagno di squadra nel Cagliari di Ranieri, a respingere. Nella ripresa il Cagliari si rinforza con Obert e Romano. E il Cagliari pareggia con una bella combinazione sulla sinistra Obert-Fadera. Con deviazione volante e vincente di Mendy sotto porta. Verona pericoloso nelle ripartenze, ma Murelli e Pisacane, mandando in campo Adopo e Maldini, scoprono le carte: vogliono vincere. E invece, su pasticcio in difesa di Rodriguez, chi segna, quando mancano tre minuti al novantesimo, \u00e8 Mulattieri. <\/p>\n","protected":false},"excerpt":{"rendered":"Verona a sorpresa avanti in Coppa Italia: batte 2-1 il Cagliari in trasferta e si guadagna il viaggio&hellip;\n","protected":false},"author":3,"featured_media":663489,"comment_status":"","ping_status":"","sticky":false,"template":"","format":"standard","meta":{"footnotes":"","_share_on_mastodon":"0"},"categories":[176],"tags":[6300,5006,247,19869,1537,90,89,250,245,244],"class_list":["post-663488","post","type-post","status-publish","format-standard","has-post-thumbnail","category-sport","tag-cagliari","tag-coppa-italia","tag-dove-vederla","tag-hellas-verona","tag-it","tag-italia","tag-italy","tag-probabili-formazioni","tag-sport","tag-sports"],"share_on_mastodon":{"url":"https:\/\/pubeurope.com\/@it\/117209295164480954","error":""},"_links":{"self":[{"href":"https:\/\/www.europesays.com\/it\/wp-json\/wp\/v2\/posts\/663488","targetHints":{"allow":["GET"]}}],"collection":[{"href":"https:\/\/www.europesays.com\/it\/wp-json\/wp\/v2\/posts"}],"about":[{"href":"https:\/\/www.europesays.com\/it\/wp-json\/wp\/v2\/types\/post"}],"author":[{"embeddable":true,"href":"https:\/\/www.europesays.com\/it\/wp-json\/wp\/v2\/users\/3"}],"replies":[{"embeddable":true,"href":"https:\/\/www.europesays.com\/it\/wp-json\/wp\/v2\/comments?post=663488"}],"version-history":[{"count":0,"href":"https:\/\/www.europesays.com\/it\/wp-json\/wp\/v2\/posts\/663488\/revisions"}],"wp:featuredmedia":[{"embeddable":true,"href":"https:\/\/www.europesays.com\/it\/wp-json\/wp\/v2\/media\/663489"}],"wp:attachment":[{"href":"https:\/\/www.europesays.com\/it\/wp-json\/wp\/v2\/media?parent=663488"}],"wp:term":[{"taxonomy":"category","embeddable":true,"href":"https:\/\/www.europesays.com\/it\/wp-json\/wp\/v2\/categories?post=663488"},{"taxonomy":"post_tag","embeddable":true,"href":"https:\/\/www.europesays.com\/it\/wp-json\/wp\/v2\/tags?post=663488"}],"curies":[{"name":"wp","href":"https:\/\/api.w.org\/{rel}","templated":true}]}}