{"id":663492,"date":"2026-09-03T21:45:17","date_gmt":"2026-09-03T21:45:17","guid":{"rendered":"https:\/\/www.europesays.com\/it\/663492\/"},"modified":"2026-09-03T21:45:17","modified_gmt":"2026-09-03T21:45:17","slug":"affari-tuoi-le-prime-foto-del-nuovo-studio-miliddi-splendida-in-nero-svelato-il-sostituto-di-gennarino","status":"publish","type":"post","link":"https:\/\/www.europesays.com\/it\/663492\/","title":{"rendered":"Affari Tuoi, le prime foto del nuovo studio: Miliddi splendida in nero. Svelato il sostituto di Gennarino"},"content":{"rendered":"<p>Dopo una breve ma intensa pausa estiva <strong>Stefano De Martino<\/strong> \u00e8 pronto a tornare al timone dell\u2019access prime time di Rai 1 con<strong> Affari Tuoi<\/strong>. La data della riapertura degli amati pacchi \u00e8 fissata per domenica 6 settembre e promette scintille e novit\u00e0. A confermarlo i protagonisti della nuova edizione durante la presentazione del programma a Milano gioved\u00ec 3 settembre. Un\u2019inizio d\u2019anno televisivo carico di aspettative soprattutto per il conduttore, che sar\u00e0 l\u2019osservato speciale in casa Rai dopo l\u2019incarico di direttore artistico di Sanremo 2027. Al suo fianco confermati <strong>Herbert Ballerina<\/strong> e <strong>Martina Miliddi<\/strong> con qualche sorpresa.\n<\/p>\n<p>Le prime foto del nuovo studio di \u201cAffari Tuoi\u201d<\/p>\n<p>Aria di rinnovamento in casa Rai, che quest\u2019anno sposta lo studio di Affari Tuoi nello studio di produzione in via Mecenate, a Milano, lasciando quello storico del Teatro delle Vittorie, e scommette su un rinnovato spirito, sempre pi\u00f9 fresco, che possa ancora appassionare i fan del programma.<\/p>\n<p>Durante la pausa estiva \u00e8 stata L\u2019Eredit\u00e0 Summer a guidare l\u2019access prime time del canale, ma, nonostante l\u2019esperta conduzione di<a href=\"https:\/\/dilei.it\/star-e-vip\/marco-liorni\/\" rel=\"nofollow noopener\" target=\"_blank\"> Marco Liorni<\/a>, la presenza frizzante della Professoresse <a href=\"https:\/\/dilei.it\/spettacolo\/linda-pani-lascia-eredita-motivi\/2669590\/\" rel=\"nofollow noopener\" target=\"_blank\">Linda Pani (che ha di recente lasciato il programma)<\/a> e Stefania Zuccarello, gli ascolti non hanno premiato la scelta, dando ragione invece a La Ruota della Fortuna con l\u2019inarrestabile Gerry Scotti.Ora <a href=\"https:\/\/dilei.it\/star-e-vip\/stefano-de-martino\/\" rel=\"nofollow noopener\" target=\"_blank\">De Martino<\/a>, rinfrancato dalle vacanze negli Stati Uniti con il figlio Santiago dopo un anno intenso, \u00e8 pronto a tornare in campo da una<strong> nuova location<\/strong>, con la stessa squadra, ma con un\u2019importante sostituzione.<\/p>\n<p>\u201cLa novit\u00e0 \u00e8 questo <strong>bellissimo studio, nuovo di zecca<\/strong> \u2013 ha detto De Martino in conferenza \u2013 abbiamo fatto di necessit\u00e0 virt\u00f9 dando sfogo alla nostra creativit\u00e0 per uno studio pi\u00f9 versatile con tanto ledwall per mille cambi di luce e scena\u201d.<\/p>\n<p>\u201cOspiti e speciali in diretta\u201d, ha anticipato il conduttore, suscitando la curiosit\u00e0 dei presenti. Al suo fianco tornano<a href=\"https:\/\/dilei.it\/star-e-vip\/martina-miliddi\/\" rel=\"nofollow noopener\" target=\"_blank\"> Martina Miliddi<\/a> e <a href=\"https:\/\/dilei.it\/star-e-vip\/herbert-ballerina\/\" rel=\"nofollow noopener\" target=\"_blank\">Herbert Ballerina<\/a>, ma, come gi\u00e0 noto, non ci sar\u00e0 l\u2019ormai amatissimo cane Gennarino. \u201cI cani in televisione sono come i notai, si passano il lavoro di padre in figlio. Abbiamo un nuovo cagnolino che si chiama <strong>Tommasino<\/strong> ed \u00e8 praticamente il nipote\u201d, ha svelato De Martino.<\/p>\n<p>\u201cGennarino \u00e8 andato in pensione dopo 13 anni di onorata carriera, Tommasino ha solo un anno, quindi lo vedrete, \u00e8 molto tenero, \u00e8 molto bello, ci somiglia molto, per\u00f2 sta facendo praticamente i primi passi nel mondo dello spettacolo e quindi \u00e8 un battesimo anche per lui\u201d.<\/p>\n<p>Martina Miliddi torna splendida in nero<\/p>\n<p>Nel nuovo studio di Affari Tuoi \u00e8 entrata anche Martina Miliddi, la ballerina che dalla met\u00e0 dell\u2019anno scorso ha un pacco (e una performace) dedicata. Sempre nuovo, sempre brillante, ogni intervento della ragazza \u00e8 atteso dagli appassionati del gioco.<\/p>\n<p>Un motivo in pi\u00f9 per apprezzarla? La grazie con cui indossa ogni outfit. Anche durante la presentazione del programma non ha mancato di mostrare uno stile a met\u00e0 tra il sensuale e rigoroso con un abito nero midi, aderente e dalle linee importanti.<\/p>\n<p>Un classico tubino lungo fino al polpaccio, ma con pochi, studiati, dettagli, che lo hanno reso sofisticato. Un <strong>corpetto strutturato <\/strong>a coppe sagomate che crea uno scollo a cuore, le <strong data-start=\"594\" data-end=\"619\">spalline sottilissime<\/strong> che ne accentuano il contrasto con la struttura e il tessuto arricciato e leggermente drappeggiato sui fianchi: tutto punta a una ricercatezza e una raffinatezza molto particolare.<\/p>\n<p>\t\t\t\tScopri i personaggi in trend, le storie del momento e molto altro.<br \/>Dove? Sul <a href=\"https:\/\/whatsapp.com\/channel\/0029Vb68mVyHVvTWezDm7d0R\" target=\"_blank\" rel=\"noopener nofollow\">canale WhatsApp di DiLei!<\/a><\/p>\n<p>\t\t\t<a class=\"buttonCall\" href=\"https:\/\/whatsapp.com\/channel\/0029Vb68mVyHVvTWezDm7d0R\" target=\"_blank\" rel=\"noopener nofollow\" title=\"Seguici su WhatsApp\"><br \/>\n\t\t\t\tSeguici su WhatsApp<br \/>\n\t\t\t<\/a><\/p>\n","protected":false},"excerpt":{"rendered":"Dopo una breve ma intensa pausa estiva Stefano De Martino \u00e8 pronto a tornare al timone dell\u2019access prime&hellip;\n","protected":false},"author":3,"featured_media":663493,"comment_status":"","ping_status":"","sticky":false,"template":"","format":"standard","meta":{"footnotes":"","_share_on_mastodon":"0"},"categories":[174],"tags":[33428,203,91604,204,1537,90,89,162813,3501,214,1766],"class_list":["post-663492","post","type-post","status-publish","format-standard","has-post-thumbnail","category-intrattenimento","tag-affari-tuoi","tag-entertainment","tag-herbert-ballerina","tag-intrattenimento","tag-it","tag-italia","tag-italy","tag-martina-miliddi","tag-rai-1","tag-spettacolo","tag-stefano-de-martino"],"share_on_mastodon":{"url":"https:\/\/pubeurope.com\/@it\/117209302676403383","error":""},"_links":{"self":[{"href":"https:\/\/www.europesays.com\/it\/wp-json\/wp\/v2\/posts\/663492","targetHints":{"allow":["GET"]}}],"collection":[{"href":"https:\/\/www.europesays.com\/it\/wp-json\/wp\/v2\/posts"}],"about":[{"href":"https:\/\/www.europesays.com\/it\/wp-json\/wp\/v2\/types\/post"}],"author":[{"embeddable":true,"href":"https:\/\/www.europesays.com\/it\/wp-json\/wp\/v2\/users\/3"}],"replies":[{"embeddable":true,"href":"https:\/\/www.europesays.com\/it\/wp-json\/wp\/v2\/comments?post=663492"}],"version-history":[{"count":0,"href":"https:\/\/www.europesays.com\/it\/wp-json\/wp\/v2\/posts\/663492\/revisions"}],"wp:featuredmedia":[{"embeddable":true,"href":"https:\/\/www.europesays.com\/it\/wp-json\/wp\/v2\/media\/663493"}],"wp:attachment":[{"href":"https:\/\/www.europesays.com\/it\/wp-json\/wp\/v2\/media?parent=663492"}],"wp:term":[{"taxonomy":"category","embeddable":true,"href":"https:\/\/www.europesays.com\/it\/wp-json\/wp\/v2\/categories?post=663492"},{"taxonomy":"post_tag","embeddable":true,"href":"https:\/\/www.europesays.com\/it\/wp-json\/wp\/v2\/tags?post=663492"}],"curies":[{"name":"wp","href":"https:\/\/api.w.org\/{rel}","templated":true}]}}