{"id":663502,"date":"2026-09-03T21:50:16","date_gmt":"2026-09-03T21:50:16","guid":{"rendered":"https:\/\/www.europesays.com\/it\/663502\/"},"modified":"2026-09-03T21:50:16","modified_gmt":"2026-09-03T21:50:16","slug":"mercato-juventus-spalletti-e-gli-acquisti-le-differenze","status":"publish","type":"post","link":"https:\/\/www.europesays.com\/it\/663502\/","title":{"rendered":"Mercato Juventus: Spalletti e gli acquisti, le differenze"},"content":{"rendered":"<p class=\"paragraph\" spellcheck=\"true\">Il calciomercato non si fa a tavolino, tutt&#8217;altro. A tavolino si stilano delle liste di nomi, si segnalano potenziali occasioni e si pianificano strategie, ma poi tra giugno, luglio e agosto orientarsi nella giungla estiva \u00e8 un&#8217;impresa, un frullatore da cui si cerca di emergere con il miglior bottino possibile. Cos\u00ec la Juventus affronter\u00e0 la stagione 2025-2026 con ben nove rinforzi: alcuni li ha chiesti Luciano Spalletti, altri non erano in cima alla lista dei desideri dell&#8217;allenatore. Il dialogo con la dirigenza \u00e8 sempre stato fitto, ma il budget era limitato e soprattutto le mancate cessioni hanno dilatato le tempistiche degli acquisti. Di seguito il resoconto dell&#8217;estate bianconera, considerando che l&#8217;allenatore ha visto i suoi auspici concretizzati con Douglas Luiz e Nico Gonzalez, rientri dai prestiti che ha da s\u00f9bito voluto valutare di persona e, poi, trattenere. Missione compiuta.<\/p>\n","protected":false},"excerpt":{"rendered":"Il calciomercato non si fa a tavolino, tutt&#8217;altro. A tavolino si stilano delle liste di nomi, si segnalano&hellip;\n","protected":false},"author":3,"featured_media":663503,"comment_status":"","ping_status":"","sticky":false,"template":"","format":"standard","meta":{"footnotes":"","_share_on_mastodon":"0"},"categories":[6],"tags":[9683,579,70390,1960,841,122752,31545,777,283867,6963,5371,14,18350,6929,5524,1533,365698,724,5299,109909,8,64137,1537,90,89,558,572,573,113,3978,5291,576,7,15,82,9,83,10,31278,3552,6765,1916,4565,6840,31281,3353,987,24806,145507,1886,5392,229109,3375,13,24868,28006,11,80,84,12,81,85,7778],"class_list":["post-663502","post","type-post","status-publish","format-standard","has-post-thumbnail","category-ultime-notizie","tag-accolto","tag-accordo","tag-alisson","tag-allenatore","tag-area","tag-assicurarsi","tag-bianconera","tag-capo","tag-capo-area","tag-carnevali","tag-colpo","tag-cronaca","tag-diaz","tag-dirigenti","tag-dirigenza","tag-estate","tag-estate-bianconera","tag-euro","tag-finito","tag-frullatore","tag-headlines","tag-hotspur","tag-it","tag-italia","tag-italy","tag-juventus","tag-kolo","tag-kolo-muani","tag-lista","tag-liverpool","tag-massara","tag-muani","tag-news","tag-notizie","tag-notizie-di-cronaca","tag-notizie-principali","tag-notiziedicronaca","tag-notizieprincipali","tag-oneroso","tag-parametro","tag-parametro-zero","tag-portato","tag-possibile","tag-prestito","tag-prestito-oneroso","tag-riuscito","tag-roma","tag-spalletti","tag-subito","tag-successo","tag-svincolato","tag-tavolino","tag-tecnico","tag-titoli","tag-tottenham","tag-tottenham-hotspur","tag-ultime-notizie","tag-ultime-notizie-di-cronaca","tag-ultime-notizie-e-news-di-oggi","tag-ultimenotizie","tag-ultimenotiziedicronaca","tag-ultimenotizieenewsdioggi","tag-zero"],"share_on_mastodon":{"url":"","error":"Validation failed: Text character limit of 500 exceeded"},"_links":{"self":[{"href":"https:\/\/www.europesays.com\/it\/wp-json\/wp\/v2\/posts\/663502","targetHints":{"allow":["GET"]}}],"collection":[{"href":"https:\/\/www.europesays.com\/it\/wp-json\/wp\/v2\/posts"}],"about":[{"href":"https:\/\/www.europesays.com\/it\/wp-json\/wp\/v2\/types\/post"}],"author":[{"embeddable":true,"href":"https:\/\/www.europesays.com\/it\/wp-json\/wp\/v2\/users\/3"}],"replies":[{"embeddable":true,"href":"https:\/\/www.europesays.com\/it\/wp-json\/wp\/v2\/comments?post=663502"}],"version-history":[{"count":0,"href":"https:\/\/www.europesays.com\/it\/wp-json\/wp\/v2\/posts\/663502\/revisions"}],"wp:featuredmedia":[{"embeddable":true,"href":"https:\/\/www.europesays.com\/it\/wp-json\/wp\/v2\/media\/663503"}],"wp:attachment":[{"href":"https:\/\/www.europesays.com\/it\/wp-json\/wp\/v2\/media?parent=663502"}],"wp:term":[{"taxonomy":"category","embeddable":true,"href":"https:\/\/www.europesays.com\/it\/wp-json\/wp\/v2\/categories?post=663502"},{"taxonomy":"post_tag","embeddable":true,"href":"https:\/\/www.europesays.com\/it\/wp-json\/wp\/v2\/tags?post=663502"}],"curies":[{"name":"wp","href":"https:\/\/api.w.org\/{rel}","templated":true}]}}