{"id":663506,"date":"2026-09-03T21:57:10","date_gmt":"2026-09-03T21:57:10","guid":{"rendered":"https:\/\/www.europesays.com\/it\/663506\/"},"modified":"2026-09-03T21:57:10","modified_gmt":"2026-09-03T21:57:10","slug":"rugbys-greatest-rivalry-la-formazione-della-nuova-zelanda-per-il-terzo-test-contro-il-sudafrica","status":"publish","type":"post","link":"https:\/\/www.europesays.com\/it\/663506\/","title":{"rendered":"Rugby\u2019s Greatest Rivalry: la formazione della Nuova Zelanda per il terzo test contro il Sudafrica"},"content":{"rendered":"<p>Dave Rennie ha scelto la formazione della Nuova Zelanda che affronter\u00e0 il Sudafrica, sabato 5 settembre alle ore 17.10, nella terza e decisiva sfida della Rugby\u2019s Greatest Rivalry.<\/p>\n<p>L\u2019allenatore degli All Blacks ha modificato il XV di partenza rispetto alla partita persa a Citt\u00e0 del Capo, una su tutte Peter Lakai che partir\u00e0 dal 1\u2032 per la prima volta nella serie come blindside flanker al posto di Simon Parker, fuori dai 23.<\/p>\n<p><strong>Leggi anche:<\/strong> <a href=\"https:\/\/www.onrugby.it\/2026\/08\/31\/rugbys-greatest-rivalry-la-formazione-del-sudafrica-per-il-terzo-test-contro-gli-all-blacks\/\" target=\"_blank\" rel=\"noopener nofollow\">Rugby\u2019s Greatest Rivalry: la formazione del Sudafrica per il terzo test contro gli All Blacks<\/a><\/p>\n<p>Le scelte di Dave Rennie<\/p>\n<p>Assenti gli infortunati Ethan de Groot e Josh Lord, lo stand tecnico degli All Blacks ha deciso di schierare nel XV iniziale del match del FNB Stadium di Johannesburg una prima una composta da George Bower come pilone sinistro e Tyrel Lomax a destra: novit\u00e0 al centro con tallonatore Asafo Aumua (in panchina Samisoni Taukei\u2019aho con Codie Taylor tenuto a riposo).<\/p>\n<p>A occuparsi della touche ci sar\u00e0 la coppia Tupou Vaa\u2019i \u2013 che raggiunger\u00e0 le 50 presenze con la maglia dei Tuttineri \u2013 e Sam Darry preferito a Fabian Holland che scala in panchina.<\/p>\n<p>Il trio che completa il pack degli avanti, oltre al gi\u00e0 citato Peter Lakai, vedr\u00e0 il capitano e inossidabile Ardie Savea (numero 8) e l\u2019openside flanker Luke Jacobson.<\/p>\n<p class=\"title\"><strong>Leggi anche<\/strong>: <a href=\"https:\/\/www.onrugby.it\/2026\/09\/03\/sudafrica-la-prima-vittoria-non-basta-schalk-burger-avverte-in-attacco-siamo-ancora-deboli\/\" target=\"_blank\" rel=\"noopener nofollow\">Sudafrica, la prima vittoria non basta. Schalk Burger avverte: \u201cIn attacco siamo ancora deboli\u201d<\/a><\/p>\n<p>Invariato il reparto dei trequarti con la mediana Roigard-Love confermata al pari del duo di centri Jordie Barrett e Quinn Tupaea e il triangolo allargato composto dall\u2019estremo Damian McKenzie e le ali Will Jordan e Leroy Carter.<\/p>\n<p>In panchina 5 avanti fra cui Wallace Sititi e 3 trequarti con Kyle Preston, Anton Lienert-Brown e Josh Moorby (fuori Rieko Ioane).<\/p>\n<p>Le dichiarazioni di Dave Rennie<\/p>\n<p>\u201cTupes (Tupou Vaa\u2019i) \u00e8 una gran persona. Sar\u00e0 una giornata speciale per lui e per la sua famiglia, oltre che un\u2019ulteriore motivazione per noi. In questo match ci sar\u00e0 tutto in palio. La squadra che non vincer\u00e0 questo fine settimana non potr\u00e0 aggiudicarsi la serie. \u00c8 proprio il tipo di sfida che amiamo affrontare. Il gruppo \u00e8 fresco dopo un\u2019intera settimana di preparazione alla partita e non vediamo l\u2019ora di dare tutto in campo\u201d.<\/p>\n<p>\u201cAbbiamo sentito davvero il sostegno non solo del nostro esercito di tifosi neozelandesi al seguito e di quelli qui in Sudafrica, ma anche del pubblico in Nuova Zelanda. \u00c8 stato fondamentale per noi e non vediamo l\u2019ora di ritrovare lo stesso calore questo fine settimana\u201d.<\/p>\n<p>Rugby\u2019s Greatest Rivalry: la formazione della Nuova Zelanda<\/p>\n<p><strong>Nuova Zelanda<\/strong><br \/>15 Damian McKenzie<br \/>14 Will Jordan<br \/>13 Quinn Tupaea<br \/>12 Jordie Barrett<br \/>11 Leroy Carter<br \/>10 Ruben Love<br \/>9 Cam Roigard<br \/>8 Ardie Savea (c)<br \/>7 Luke Jacobson<br \/>6 Peter Lakai<br \/>5 Sam Darry<br \/>4 Tupou Vaa\u2019i<br \/>3 Tyrel Lomax<br \/>2 Asafo Aumua<br \/>1 George Bower<\/p>\n<p>A disposizione<br \/>16 Samisoni Taukei\u2019aho<br \/>17 Xavier Numia<br \/>18 Fletcher Newell<br \/>19 Fabian Holland<br \/>20 Wallace Sititi<br \/>21 Kyle Preston<br \/>22 Anton Lienert-Brown<br \/>23 Josh Moorby<\/p>\n<p>OnRugby.it \u00a9 Riproduzione riservata<\/p>\n","protected":false},"excerpt":{"rendered":"Dave Rennie ha scelto la formazione della Nuova Zelanda che affronter\u00e0 il Sudafrica, sabato 5 settembre alle ore&hellip;\n","protected":false},"author":3,"featured_media":188270,"comment_status":"","ping_status":"","sticky":false,"template":"","format":"standard","meta":{"footnotes":"","_share_on_mastodon":"0"},"categories":[1458],"tags":[42063,348770,1537,90,89,20272,1840,352501,245,244,83238,3555],"class_list":["post-663506","post","type-post","status-publish","format-standard","has-post-thumbnail","category-rugby","tag-all-blacks","tag-francia-sudafrica","tag-it","tag-italia","tag-italy","tag-nuova-zelanda","tag-rugby","tag-rugbys-greatest-rivalry","tag-sport","tag-sports","tag-springboks","tag-tour"],"share_on_mastodon":{"url":"https:\/\/pubeurope.com\/@it\/117209350036892141","error":""},"_links":{"self":[{"href":"https:\/\/www.europesays.com\/it\/wp-json\/wp\/v2\/posts\/663506","targetHints":{"allow":["GET"]}}],"collection":[{"href":"https:\/\/www.europesays.com\/it\/wp-json\/wp\/v2\/posts"}],"about":[{"href":"https:\/\/www.europesays.com\/it\/wp-json\/wp\/v2\/types\/post"}],"author":[{"embeddable":true,"href":"https:\/\/www.europesays.com\/it\/wp-json\/wp\/v2\/users\/3"}],"replies":[{"embeddable":true,"href":"https:\/\/www.europesays.com\/it\/wp-json\/wp\/v2\/comments?post=663506"}],"version-history":[{"count":0,"href":"https:\/\/www.europesays.com\/it\/wp-json\/wp\/v2\/posts\/663506\/revisions"}],"wp:featuredmedia":[{"embeddable":true,"href":"https:\/\/www.europesays.com\/it\/wp-json\/wp\/v2\/media\/188270"}],"wp:attachment":[{"href":"https:\/\/www.europesays.com\/it\/wp-json\/wp\/v2\/media?parent=663506"}],"wp:term":[{"taxonomy":"category","embeddable":true,"href":"https:\/\/www.europesays.com\/it\/wp-json\/wp\/v2\/categories?post=663506"},{"taxonomy":"post_tag","embeddable":true,"href":"https:\/\/www.europesays.com\/it\/wp-json\/wp\/v2\/tags?post=663506"}],"curies":[{"name":"wp","href":"https:\/\/api.w.org\/{rel}","templated":true}]}}