{"id":663511,"date":"2026-09-03T22:02:15","date_gmt":"2026-09-03T22:02:15","guid":{"rendered":"https:\/\/www.europesays.com\/it\/663511\/"},"modified":"2026-09-03T22:02:15","modified_gmt":"2026-09-03T22:02:15","slug":"virtus-bologna-buona-la-prima-rimini-rimonta-ma-le-v-nere-reagiscono-e-vincono-79-83","status":"publish","type":"post","link":"https:\/\/www.europesays.com\/it\/663511\/","title":{"rendered":"Virtus Bologna, buona la prima: Rimini rimonta, ma le V Nere reagiscono e vincono 79-83"},"content":{"rendered":"<p>Bologna, 3 settembre 2026 \u2013\u00a0La prima \u00e8 buona, ma con brivido finale. <strong>La Virtus Bologna inaugura la sua stagione con una vittoria per 79-83 sul campo di Rimini<\/strong>, al termine di una partita che racconta molto bene cosa significhi affrontare la prima amichevole dopo pochi giorni di preparazione. <strong>Le V Nere mostrano buone cose, ma anche ruggine, cali di ritmo e qualche blackout<\/strong>. Alla fine, per\u00f2, arriva la reazione d\u2019orgoglio che permette alla squadra di Mumbr\u00f9 di portare a casa il successo nella sfida valida per la Start Romagna Cup.<\/p>\n<p>Al <strong>PalaFlaminio<\/strong> il caldo si fa sentire, dentro e fuori dal campo. Sugli spalti c\u2019\u00e8 un bel pubblico e l\u2019atmosfera \u00e8 quella delle occasioni importanti, nonostante si tratti soltanto della prima sgambata estiva. La Virtus si presenta senza Kevin Kokila, alle prese con l\u2019infortunio al bicipite femorale della coscia destra che lo terr\u00e0 lontano dal parquet per circa quattro settimane, e senza Marcus Carr, non a referto ma presente in panchina in borghese dopo gli impegni con la nazionale.<\/p>\n<p><strong>Rimini<\/strong>, ancora in attesa di Demps e con il solo Stephens come straniero, <strong>parte invece con maggiore brillantezza fisica<\/strong>. La Virtus, per\u00f2, in avvio sembra non risentirne. Corre, muove bene la palla e trova con continuit\u00e0 la via del canestro. Il primo squillo della nuova stagione \u00e8 firmato Moore, che inaugura il tabellino bianconero con una tripla dall\u2019angolo. Le V Nere prendono subito il largo e chiudono il primo quarto avanti 27-13.<\/p>\n<p><strong>La partita sembra indirizzata, ma basta poco per cambiare completamente l\u2019inerzia<\/strong>. Rimini alza l\u2019intensit\u00e0, mentre la Virtus smette progressivamente di correre. Quando manca il ritmo, emergono inevitabilmente le difficolt\u00e0 di una squadra che ha appena cominciato a lavorare insieme. I romagnoli recuperano terreno e all\u2019intervallo il margine si \u00e8 gi\u00e0 ridotto a nove punti: 45-36.<\/p>\n<p>Il <strong>vero blackout<\/strong> arriva <strong>dopo la pausa<\/strong>. La Virtus fatica a trovare soluzioni offensive e soprattutto perde efficacia dalla lunga distanza, chiudendo il terzo periodo con un pesante 1\/9 da tre. Rimini ne approfitta e piazza un parziale che, considerando gli ultimi 18 minuti, arriva addirittura a 44-23. I padroni di casa toccano il massimo vantaggio sul 58-50 e alla terza sirena sono avanti 63-55.<\/p>\n<p>Sembra poter diventare una serata complicata. Invece, nell\u2019ultimo quarto, arriva la risposta migliore della Virtus. Le V Nere ritrovano energia e soprattutto intensit\u00e0 difensiva, mettendo in campo quella dose di orgoglio necessaria per cambiare nuovamente la partita. Il parziale \u00e8 di quelli che pesano: 16-2 e inerzia completamente ribaltata.<\/p>\n<p><strong>Tra le note interessanti della serata c\u2019\u00e8 anche il quintetto scelto per la rimonta<\/strong>. Frazier e Bello vengono schierati insieme, con i due play dinamici che danno velocit\u00e0 e imprevedibilit\u00e0 alla manovra. Alston Junior contribuisce poi a scavare il solco, mentre Diarra porta fisicit\u00e0 e presenza sotto canestro.<\/p>\n<p><strong>Frazier, Bello, Moore, Alston e Diarra sono cos\u00ec gli uomini del quintetto che chiude la partita<\/strong> e consegna alla Virtus il primo successo della preseason.<strong> Finisce 79-83<\/strong>.<\/p>\n<p>Il risultato conta fino a un certo punto, soprattutto a inizio settembre. Le indicazioni, invece, sono gi\u00e0 preziose. La Virtus ha mostrato di avere bisogno di tempo per trovare ritmo e automatismi, ma anche di saper reagire quando la partita si mette male. La strada verso il primo appuntamento ufficiale, la semifinale di Supercoppa contro Milano del 19 settembre a Tortona, \u00e8 ancora lunga. E questa prima uscita ha gi\u00e0 messo sul tavolo parecchio materiale su cui lavorare.<\/p>\n<p>Il tabellino <\/p>\n<p><strong>RIMINI 79<\/strong><\/p>\n<p><strong>VIRTUS 83<\/strong><\/p>\n<p>RIMINI: Leardini 3, Tomassini 14, Lenci 6, Denegri 17, Marini 10, Terenzi ne, Udom 16, Stephens 2, Simioni 8, De Gregori ne, Bartoli 3, Della Chiesa ne. All. Dell\u2019Agnello.<\/p>\n<p>VIRTUS: Bello 12, Frazier 9, Casarin 3, Moore Junior 15, Edwards 7, Baldasso, Baiocchi, Berlingeri ne, Milazzo ne, Trigari, Alston Junior 16, Hackett 3, Ferrari 2, Diarra 5, Klintman 10, Diouf 1. All. Mumbr\u00f9<\/p>\n<p>Note: parziali 13-27; 36-45; 63-55. Tiri da due: Rimini 18\/39; Virtus 15\/32. Tiri da tre: 10\/34; 13\/33. Tiri liberi: 13\/18; 14\/21. Rimbalzi: 42; 44.<\/p>\n","protected":false},"excerpt":{"rendered":"Bologna, 3 settembre 2026 \u2013\u00a0La prima \u00e8 buona, ma con brivido finale. La Virtus Bologna inaugura la sua&hellip;\n","protected":false},"author":3,"featured_media":663512,"comment_status":"","ping_status":"","sticky":false,"template":"","format":"standard","meta":{"footnotes":"","_share_on_mastodon":"0"},"categories":[1453],"tags":[1756,1757,586,6090,1537,90,89,4307,365702,10973,16310,245,244,88804,94701,5284],"class_list":["post-663511","post","type-post","status-publish","format-standard","has-post-thumbnail","category-basket","tag-basket","tag-basketball","tag-bologna","tag-buona","tag-it","tag-italia","tag-italy","tag-nere","tag-reagiscono","tag-rimini","tag-rimonta","tag-sport","tag-sports","tag-v","tag-vincono","tag-virtus"],"share_on_mastodon":{"url":"https:\/\/pubeurope.com\/@it\/117209369798179222","error":""},"_links":{"self":[{"href":"https:\/\/www.europesays.com\/it\/wp-json\/wp\/v2\/posts\/663511","targetHints":{"allow":["GET"]}}],"collection":[{"href":"https:\/\/www.europesays.com\/it\/wp-json\/wp\/v2\/posts"}],"about":[{"href":"https:\/\/www.europesays.com\/it\/wp-json\/wp\/v2\/types\/post"}],"author":[{"embeddable":true,"href":"https:\/\/www.europesays.com\/it\/wp-json\/wp\/v2\/users\/3"}],"replies":[{"embeddable":true,"href":"https:\/\/www.europesays.com\/it\/wp-json\/wp\/v2\/comments?post=663511"}],"version-history":[{"count":0,"href":"https:\/\/www.europesays.com\/it\/wp-json\/wp\/v2\/posts\/663511\/revisions"}],"wp:featuredmedia":[{"embeddable":true,"href":"https:\/\/www.europesays.com\/it\/wp-json\/wp\/v2\/media\/663512"}],"wp:attachment":[{"href":"https:\/\/www.europesays.com\/it\/wp-json\/wp\/v2\/media?parent=663511"}],"wp:term":[{"taxonomy":"category","embeddable":true,"href":"https:\/\/www.europesays.com\/it\/wp-json\/wp\/v2\/categories?post=663511"},{"taxonomy":"post_tag","embeddable":true,"href":"https:\/\/www.europesays.com\/it\/wp-json\/wp\/v2\/tags?post=663511"}],"curies":[{"name":"wp","href":"https:\/\/api.w.org\/{rel}","templated":true}]}}