{"id":663520,"date":"2026-09-03T22:08:23","date_gmt":"2026-09-03T22:08:23","guid":{"rendered":"https:\/\/www.europesays.com\/it\/663520\/"},"modified":"2026-09-03T22:08:23","modified_gmt":"2026-09-03T22:08:23","slug":"dove-cameron-canta-lamore-per-damiano-david-e-per-roma","status":"publish","type":"post","link":"https:\/\/www.europesays.com\/it\/663520\/","title":{"rendered":"Dove Cameron canta l&#8217;amore per Damiano David (e per Roma)"},"content":{"rendered":"<p>Con la sua voce delicata e il sorriso pi\u00f9 grande che ci sia, <strong>Dove Cameron celebra l\u2019amore per Damiano David<\/strong> e il legame profondo con Roma e l\u2019Italia nel suo nuovo singolo. Si intitola <strong>When in Rome<\/strong>\u00a0ed \u00e8 un brano intimo ma al contempo allegro, perfetto per cantare al mondo la felicit\u00e0 di una fiaba moderna che presto sar\u00e0 coronata dal fatidico S\u00ec. Certamente uno dei matrimoni pi\u00f9 attesi dell\u2019anno.\n<\/p>\n<p>When in Rome \u00e8 una dedica dolcissima a Damiano<\/p>\n<p>Tutte le emozioni vissute accanto al frontman dei M\u00e5neskin si concentrano in questa <strong>canzoncina che a entrare in testa ci mette davvero pochi secondi.<\/strong> Sar\u00e0 che <a href=\"https:\/\/dilei.it\/star-e-vip\/dove-cameron\/\" rel=\"nofollow noopener\" target=\"_blank\">Dove Cameron<\/a> \u00e8 bella da togliere il fiato, sar\u00e0 che la sua voce \u00e8 dolce e incantevole. Quel che \u00e8 certo \u00e8 che When in Rome\u00a0\u00e8 un tenero \u201cdiario\u201d con cui ha deciso di cantare l\u2019amore per il suo Damiano con spensieratezza e intensit\u00e0. Un sentimento cresciuto nel tempo e che si \u00e8 consolidato <a href=\"https:\/\/dilei.it\/vip\/dove-cameron-in-italia-prima-nozze-damiano-david\/2596113\/\" rel=\"nofollow noopener\" target=\"_blank\">tra i tramonti e la luce dell\u2019estate italiana<\/a>:<\/p>\n<p>We should fall in love when in Rome<br \/>Why don\u2019t we get married?<br \/>Build a home<br \/>Something in the summertime<br \/>Maybe all the cherry wine<\/p>\n<p>Innamorarsi all\u2019ombra del Cupolone, convolare a nozze, costruire una casa insieme davanti a un calice di vino rosso. Una scena quasi idilliaca per Dove, che ha definito la relazione con <a href=\"https:\/\/dilei.it\/star-e-vip\/damiano-david\/\" rel=\"nofollow noopener\" target=\"_blank\">Damiano David<\/a> la pi\u00f9 sana e trasformativa della sua vita, Roma e l\u2019Italia sono diventate un autentico porto sicuro.<\/p>\n<blockquote class=\"instagram-media\" data-instgrm-captioned=\"\" data-instgrm-permalink=\"https:\/\/www.instagram.com\/p\/Dcwv6CnvQhA\/?utm_source=ig_embed&amp;utm_campaign=loading\" data-instgrm-version=\"14\" style=\" background:#FFF; border:0; border-radius:3px; box-shadow:0 0 1px 0 rgba(0,0,0,0.5),0 1px 10px 0 rgba(0,0,0,0.15); margin: 1px; max-width:100%; min-width:326px; padding:0; width:99.375%; width:-webkit-calc(100% - 2px); width:calc(100% - 2px);\"\/>\n<p>Non \u00e8 la prima canzone in cui Dove Cameron si ispira al suo futuro marito.\u00a0Gi\u00e0 nel giugno del 2025 l\u2019artista aveva pubblicato il singolo <strong>Romeo<\/strong>, brano dalle sonorit\u00e0 dark-pop in cui lei stessa aveva spiegato di voler raccontare un amore \u201cmitico, predestinato e totalizzante\u201d. E poteva Damiano David non ricambiare? Anche lui ha cantato la sua innamorata in brani come <strong>Zombie Lady<\/strong>, pubblicato sempre nel 2025.<\/p>\n<p>Tutto pronto per il matrimonio pi\u00f9 atteso dell\u2019anno<\/p>\n<p>Quella tra Dove Cameron e Damiano David \u00e8 una <strong>storia iniziata in punta di piedi<\/strong>. Dopo essersi incrociati per la prima volta agli MTV Video Music Awards nel 2022, la scintilla \u00e8 scoccata nell\u2019autunno dell\u2019anno successivo e, da quel momento, non si sono pi\u00f9 separati. Tra red carpet internazionali e passeggiate romane, hanno coltivato un amore lontano dagli eccessi mondani.<\/p>\n<p>A raccontare la proposta di nozze \u00e8 stata la stessa artista, intervistata da Jimmy Fallon al The Tonight Show. Niente scenografie hollywoodiane o plateali, Damiano <strong>le ha chiesto la mano nel salotto della loro casa a Los Angeles<\/strong>, mentre lei era intenta a preparare le valigie in maglietta oversize e senza trucco: \u201cSar\u00e0 un anno bellissimo\u201d, si leggeva poi in un post social con tanto di diamante in bella vista.<\/p>\n<p>Lo scorso luglio sono arrivate le <a href=\"https:\/\/dilei.it\/vip\/damiano-david-dove-cameron-nozze-vicine-pubblicazioni\/2534505\/\" rel=\"nofollow noopener\" target=\"_blank\">pubblicazioni ufficiali<\/a> al Comune di Roma, mentre le <strong>nozze sono previste per la fine di settembre<\/strong> in una tenuta privata immersa nelle colline della Toscana, tra parenti, amici e ospiti illustri in arrivo dagli Stati Uniti.<\/p>\n<p>\t\t\t\tScopri i personaggi in trend, le storie del momento e molto altro.<br \/>Dove? Sul <a href=\"https:\/\/whatsapp.com\/channel\/0029Vb68mVyHVvTWezDm7d0R\" target=\"_blank\" rel=\"noopener nofollow\">canale WhatsApp di DiLei!<\/a><\/p>\n<p>\t\t\t<a class=\"buttonCall\" href=\"https:\/\/whatsapp.com\/channel\/0029Vb68mVyHVvTWezDm7d0R\" target=\"_blank\" rel=\"noopener nofollow\" title=\"Seguici su WhatsApp\"><br \/>\n\t\t\t\tSeguici su WhatsApp<br \/>\n\t\t\t<\/a><\/p>\n<p>\t<script async src=\"\/\/www.instagram.com\/embed.js\"><\/script><\/p>\n","protected":false},"excerpt":{"rendered":"Con la sua voce delicata e il sorriso pi\u00f9 grande che ci sia, Dove Cameron celebra l\u2019amore per&hellip;\n","protected":false},"author":3,"featured_media":663521,"comment_status":"","ping_status":"","sticky":false,"template":"","format":"standard","meta":{"footnotes":"","_share_on_mastodon":"0"},"categories":[1443],"tags":[87,45975,51967,203,204,1537,90,89,45976,1538,1539,86],"class_list":["post-663520","post","type-post","status-publish","format-standard","has-post-thumbnail","category-musica","tag-amore","tag-damiano-david","tag-dove-cameron","tag-entertainment","tag-intrattenimento","tag-it","tag-italia","tag-italy","tag-maneskin","tag-music","tag-musica","tag-vip"],"share_on_mastodon":{"url":"https:\/\/pubeurope.com\/@it\/117209393200049850","error":""},"_links":{"self":[{"href":"https:\/\/www.europesays.com\/it\/wp-json\/wp\/v2\/posts\/663520","targetHints":{"allow":["GET"]}}],"collection":[{"href":"https:\/\/www.europesays.com\/it\/wp-json\/wp\/v2\/posts"}],"about":[{"href":"https:\/\/www.europesays.com\/it\/wp-json\/wp\/v2\/types\/post"}],"author":[{"embeddable":true,"href":"https:\/\/www.europesays.com\/it\/wp-json\/wp\/v2\/users\/3"}],"replies":[{"embeddable":true,"href":"https:\/\/www.europesays.com\/it\/wp-json\/wp\/v2\/comments?post=663520"}],"version-history":[{"count":0,"href":"https:\/\/www.europesays.com\/it\/wp-json\/wp\/v2\/posts\/663520\/revisions"}],"wp:featuredmedia":[{"embeddable":true,"href":"https:\/\/www.europesays.com\/it\/wp-json\/wp\/v2\/media\/663521"}],"wp:attachment":[{"href":"https:\/\/www.europesays.com\/it\/wp-json\/wp\/v2\/media?parent=663520"}],"wp:term":[{"taxonomy":"category","embeddable":true,"href":"https:\/\/www.europesays.com\/it\/wp-json\/wp\/v2\/categories?post=663520"},{"taxonomy":"post_tag","embeddable":true,"href":"https:\/\/www.europesays.com\/it\/wp-json\/wp\/v2\/tags?post=663520"}],"curies":[{"name":"wp","href":"https:\/\/api.w.org\/{rel}","templated":true}]}}