{"id":66354,"date":"2025-08-24T15:04:09","date_gmt":"2025-08-24T15:04:09","guid":{"rendered":"https:\/\/www.europesays.com\/it\/66354\/"},"modified":"2025-08-24T15:04:09","modified_gmt":"2025-08-24T15:04:09","slug":"mondiali-pallavolo-italia-cuba-3-0-le-azzurre-volano-agli-ottavi-con-una-super-egonu","status":"publish","type":"post","link":"https:\/\/www.europesays.com\/it\/66354\/","title":{"rendered":"Mondiali pallavolo, Italia-Cuba 3-0: le azzurre volano agli ottavi con una super Egonu"},"content":{"rendered":"<p class=\"art-text\" id=\"\">Trentunesimo successo consecutivo per l&#8217;<b>Italvolley<\/b>. Ai\u00a0<b>Mondiali<\/b>\u00a0in corso in Thailandia, le azzurre del ct Julio Velasco hanno regolato\u00a0<b>oggi domenica 24 agosto<\/b>\u00a0con un netto 3-0 anche Cuba (25-9, 25-8, 25-16 i parziali, in poco pi\u00f9 di un&#8217;ora di gioco), guadagnando gi\u00e0 l&#8217;accesso agli ottavi di finale del torneo. La terza partita contro il Belgio sar\u00e0 decisiva per chiudere al primo posto il girone: le campionesse olimpiche torneranno in campo marted\u00ec 26 agosto alle 12 per il terzo match della Pool B.<\/p>\n<p class=\"art-text\" id=\"\">Partita da incorniciare per la fuoriclasse azzurra\u00a0<b>Paola Egonu<\/b>, trascinatrice con 12 punti. Nella rassegna iridata thailandese si allunga la clamorosa striscia di vittorie del gruppo azzurro.<\/p>\n","protected":false},"excerpt":{"rendered":"Trentunesimo successo consecutivo per l&#8217;Italvolley. Ai\u00a0Mondiali\u00a0in corso in Thailandia, le azzurre del ct Julio Velasco hanno regolato\u00a0oggi domenica&hellip;\n","protected":false},"author":3,"featured_media":66355,"comment_status":"","ping_status":"","sticky":false,"template":"","format":"standard","meta":{"footnotes":""},"categories":[1474],"tags":[2711,1537,90,8055,89,4422,2347,8056,245,244,2224,1869],"class_list":{"0":"post-66354","1":"post","2":"type-post","3":"status-publish","4":"format-standard","5":"has-post-thumbnail","7":"category-volley","8":"tag-cuba","9":"tag-it","10":"tag-italia","11":"tag-italvolley","12":"tag-italy","13":"tag-mondiali","14":"tag-pallavolo","15":"tag-paola-egonu","16":"tag-sport","17":"tag-sports","18":"tag-vittoria","19":"tag-volley"},"share_on_mastodon":{"url":"","error":""},"_links":{"self":[{"href":"https:\/\/www.europesays.com\/it\/wp-json\/wp\/v2\/posts\/66354","targetHints":{"allow":["GET"]}}],"collection":[{"href":"https:\/\/www.europesays.com\/it\/wp-json\/wp\/v2\/posts"}],"about":[{"href":"https:\/\/www.europesays.com\/it\/wp-json\/wp\/v2\/types\/post"}],"author":[{"embeddable":true,"href":"https:\/\/www.europesays.com\/it\/wp-json\/wp\/v2\/users\/3"}],"replies":[{"embeddable":true,"href":"https:\/\/www.europesays.com\/it\/wp-json\/wp\/v2\/comments?post=66354"}],"version-history":[{"count":0,"href":"https:\/\/www.europesays.com\/it\/wp-json\/wp\/v2\/posts\/66354\/revisions"}],"wp:featuredmedia":[{"embeddable":true,"href":"https:\/\/www.europesays.com\/it\/wp-json\/wp\/v2\/media\/66355"}],"wp:attachment":[{"href":"https:\/\/www.europesays.com\/it\/wp-json\/wp\/v2\/media?parent=66354"}],"wp:term":[{"taxonomy":"category","embeddable":true,"href":"https:\/\/www.europesays.com\/it\/wp-json\/wp\/v2\/categories?post=66354"},{"taxonomy":"post_tag","embeddable":true,"href":"https:\/\/www.europesays.com\/it\/wp-json\/wp\/v2\/tags?post=66354"}],"curies":[{"name":"wp","href":"https:\/\/api.w.org\/{rel}","templated":true}]}}