{"id":663555,"date":"2026-09-03T22:34:19","date_gmt":"2026-09-03T22:34:19","guid":{"rendered":"https:\/\/www.europesays.com\/it\/663555\/"},"modified":"2026-09-03T22:34:19","modified_gmt":"2026-09-03T22:34:19","slug":"realpolitik-torna-su-retequattro-e-triplica-tommaso-labate-in-onda-tre-sere-a-settimana-il-giornale","status":"publish","type":"post","link":"https:\/\/www.europesays.com\/it\/663555\/","title":{"rendered":"Realpolitik torna su Retequattro e triplica: Tommaso Labate in onda tre sere a settimana \u2013 il Giornale"},"content":{"rendered":"<p class=\"c-paragraph\">\u00c8 stata una delle sorprese televisive della scorsa stagione e adesso ritorna in una nuova collocazione. Da una sola sera alla settimana a tre serate nel fine settimana. Sempre dalle 20.30. Venerd\u00ec 4 novembre riparte \u201cRealpolitik\u201d condotto da Tommaso Labate su Retequattro con la sua solita verve brillante e capace di mescolare la conoscenza della cronaca politica con la sensibilit\u00e0 nel raccontarla.<\/p>\n<p class=\"c-paragraph\">Il programma, che \u00e8 targato Videonews, \u00e8 pronto ad affrontare una stagione particolarmente impegnativa che sostanzialmente parte dalle elezioni di Mid-Term negli Stati Uniti per arrivare a quelle italiane passando per quelle francesi. Nato a Cosenza nel 1979, da firma del Corriere della Sera, Tommaso Labate ha seguito da vicino le fasi politiche degli ultimi anni attraverso interviste e articoli sempre ficcanti e dotati di quell\u2019ingrediente sempre pi\u00f9 raro, ossia lo stile leggero e garbato che non inciampa mai nella volgarit\u00e0. <\/p>\n<p class=\"c-paragraph\">E cos\u00ec \u00e8 la sua conduzione televisiva come si \u00e8 mostrata nella scorsa stagione. Adesso \u201cRealpolitik\u201d ha adattato il proprio format alla nuova collocazione. E la prima puntata sul record di longevit\u00e0 del governo di Giorgia Meloni con collegamenti in diretta da Bari dove sono previsti i festeggiamenti. <\/p>\n","protected":false},"excerpt":{"rendered":"\u00c8 stata una delle sorprese televisive della scorsa stagione e adesso ritorna in una nuova collocazione. Da una&hellip;\n","protected":false},"author":3,"featured_media":663556,"comment_status":"","ping_status":"","sticky":false,"template":"","format":"standard","meta":{"footnotes":"","_share_on_mastodon":"0"},"categories":[1444],"tags":[203,204,1537,90,89,253],"class_list":["post-663555","post","type-post","status-publish","format-standard","has-post-thumbnail","category-tv","tag-entertainment","tag-intrattenimento","tag-it","tag-italia","tag-italy","tag-tv"],"share_on_mastodon":{"url":"https:\/\/pubeurope.com\/@it\/117209495479944813","error":""},"_links":{"self":[{"href":"https:\/\/www.europesays.com\/it\/wp-json\/wp\/v2\/posts\/663555","targetHints":{"allow":["GET"]}}],"collection":[{"href":"https:\/\/www.europesays.com\/it\/wp-json\/wp\/v2\/posts"}],"about":[{"href":"https:\/\/www.europesays.com\/it\/wp-json\/wp\/v2\/types\/post"}],"author":[{"embeddable":true,"href":"https:\/\/www.europesays.com\/it\/wp-json\/wp\/v2\/users\/3"}],"replies":[{"embeddable":true,"href":"https:\/\/www.europesays.com\/it\/wp-json\/wp\/v2\/comments?post=663555"}],"version-history":[{"count":0,"href":"https:\/\/www.europesays.com\/it\/wp-json\/wp\/v2\/posts\/663555\/revisions"}],"wp:featuredmedia":[{"embeddable":true,"href":"https:\/\/www.europesays.com\/it\/wp-json\/wp\/v2\/media\/663556"}],"wp:attachment":[{"href":"https:\/\/www.europesays.com\/it\/wp-json\/wp\/v2\/media?parent=663555"}],"wp:term":[{"taxonomy":"category","embeddable":true,"href":"https:\/\/www.europesays.com\/it\/wp-json\/wp\/v2\/categories?post=663555"},{"taxonomy":"post_tag","embeddable":true,"href":"https:\/\/www.europesays.com\/it\/wp-json\/wp\/v2\/tags?post=663555"}],"curies":[{"name":"wp","href":"https:\/\/api.w.org\/{rel}","templated":true}]}}