{"id":663582,"date":"2026-09-03T22:56:31","date_gmt":"2026-09-03T22:56:31","guid":{"rendered":"https:\/\/www.europesays.com\/it\/663582\/"},"modified":"2026-09-03T22:56:31","modified_gmt":"2026-09-03T22:56:31","slug":"piazza-ferretto-si-accende-di-passione-mestre-risponde-presente-allabbraccio-orogranata","status":"publish","type":"post","link":"https:\/\/www.europesays.com\/it\/663582\/","title":{"rendered":"Piazza Ferretto si accende di passione: Mestre risponde presente all&#8217;abbraccio orogranata!"},"content":{"rendered":"<p>                        <img loading=\"lazy\" decoding=\"async\" class=\"alignnone size-full wp-image-38364\" src=\"https:\/\/www.europesays.com\/it\/wp-content\/uploads\/2026\/09\/piazza-ferretto-mestre-reyer-city-league-scaled.jpg\" alt=\"\" width=\"1600\" height=\"936\"\/><\/p>\n<p>\u00a0<\/p>\n<p>Un&#8217;ondata travolgente di entusiasmo, musica e grande basket ha riempito il cuore di Mestre. In una Piazza Ferretto gremita di tifosi, appassionati e famiglie, \u00e8 andata in scena una serata indimenticabile nel segno dell&#8217;Umana Reyer.<br \/>Un abbraccio collettivo che ha visto la partecipazione di tutte le anime del club: la prima squadra maschile, la prima squadra femminile e la formazione del Basket Unificato. Tra i momenti pi\u00f9 applauditi della serata, la prima apparizione pubblica di Louis Olinde, nuovo lungo orogranata accolto con grande calore dal pubblico.<\/p>\n<p>Festa per i pi\u00f9 piccoli, DJ set e aperitivo in piazza<\/p>\n<p>Fin dal tardo pomeriggio il Reyer Village ha animato il centro cittadino. Tantissimi bambini hanno preso d&#8217;assalto la ruota della fortuna per aggiudicarsi i gadget ufficiali Reyer, mentre il ritmo del DJ set e l&#8217;aperitivo diffuso in tutta la piazza, organizzato in collaborazione con Another Project, hanno trasformato la tappa in una vera e propria festa a cielo aperto.<\/p>\n<p>Spettacolo in campo e il legame con il territorio<\/p>\n<p>Giocatori e giocatrici sono saliti sul parquet per seguire da vicino le fasi decisive del torneo. Grande spettacolo per la finale dell&#8217;1v1 targato New Goose&#8217;s, che ha visto la vittoria di Cristiano Fantinato. Successivamente, il playmaker Giovanni De Nicolao (nativo di Camposampiero) e la guardia Giovanna Elena Smorto (moglianese doc) hanno preso la parola per salutare la piazza, sottolineando il valore speciale del legame tra la Reyer e un territorio sempre pi\u00f9 Unito, vicino e partecipativo.<\/p>\n<p>Team Piterpan al fotofinish: finale thriller e premio MVP<\/p>\n<p>A coronare la tappa mestrina \u00e8 stata una finale 3&#215;3 al cardiopalma. A conquistare il successo al supplementare \u00e8 stato il Team Piterpan (media partner di Reyer e del tour 3&#215;3), che si \u00e8 imposto sui Golden Hour grazie alla tripla decisiva di Alessandro Vecchiato. A completare la festa del team vincente \u00e8 arrivata l&#8217;elezione di Gianmarco Ferrarese come Banca Annia MVP dell&#8217;evento, premiato per le sue giocate di alta scuola.<\/p>\n<p>Un ringraziamento speciale va alla Comune di Venezia e a tutti i tifosi presenti per aver reso unica questa serata!<\/p>\n<p>\u00a0<\/p>\n<p><img loading=\"lazy\" decoding=\"async\" class=\"wp-image-38365 size-full\" src=\"https:\/\/www.europesays.com\/it\/wp-content\/uploads\/2026\/09\/DSC04645_def.jpg\" alt=\"\" width=\"1511\" height=\"1007\"\/>Louis Olinde, il nuovo lungo tedesco dell&#8217;Umana Reyer<\/p>\n<p><img loading=\"lazy\" decoding=\"async\" class=\"alignnone size-full wp-image-38366\" src=\"https:\/\/www.europesays.com\/it\/wp-content\/uploads\/2026\/09\/DSC04608_def.jpg\" alt=\"\" width=\"1100\" height=\"733\"\/><\/p>\n<p><img loading=\"lazy\" decoding=\"async\" class=\"alignnone size-full wp-image-38367\" src=\"https:\/\/www.europesays.com\/it\/wp-content\/uploads\/2026\/09\/DSC04495_def.jpg\" alt=\"\" width=\"1220\" height=\"814\"\/><\/p>\n<p><img loading=\"lazy\" decoding=\"async\" class=\"alignnone size-full wp-image-38368\" src=\"https:\/\/www.europesays.com\/it\/wp-content\/uploads\/2026\/09\/DSC04407_def.jpg\" alt=\"\" width=\"1238\" height=\"825\"\/><\/p>\n<p><img loading=\"lazy\" decoding=\"async\" class=\"alignnone size-full wp-image-38369\" src=\"https:\/\/www.europesays.com\/it\/wp-content\/uploads\/2026\/09\/DSC04116_def.jpg\" alt=\"\" width=\"1143\" height=\"762\"\/><\/p>\n<p><img loading=\"lazy\" decoding=\"async\" class=\"alignnone size-full wp-image-38374\" src=\"https:\/\/www.europesays.com\/it\/wp-content\/uploads\/2026\/09\/RCL-Mestre-167.jpg\" alt=\"\" width=\"1273\" height=\"849\"\/><\/p>\n<p><img loading=\"lazy\" decoding=\"async\" class=\"alignnone size-full wp-image-38375\" src=\"https:\/\/www.europesays.com\/it\/wp-content\/uploads\/2026\/09\/RCL-Mestre-25.jpg\" alt=\"\" width=\"1177\" height=\"785\"\/><\/p>\n","protected":false},"excerpt":{"rendered":"\u00a0 Un&#8217;ondata travolgente di entusiasmo, musica e grande basket ha riempito il cuore di Mestre. In una Piazza&hellip;\n","protected":false},"author":3,"featured_media":663583,"comment_status":"","ping_status":"","sticky":false,"template":"","format":"standard","meta":{"footnotes":"","_share_on_mastodon":"0"},"categories":[1453],"tags":[1756,1757,1537,90,89,245,244],"class_list":["post-663582","post","type-post","status-publish","format-standard","has-post-thumbnail","category-basket","tag-basket","tag-basketball","tag-it","tag-italia","tag-italy","tag-sport","tag-sports"],"share_on_mastodon":{"url":"https:\/\/pubeurope.com\/@it\/117209583194815463","error":""},"_links":{"self":[{"href":"https:\/\/www.europesays.com\/it\/wp-json\/wp\/v2\/posts\/663582","targetHints":{"allow":["GET"]}}],"collection":[{"href":"https:\/\/www.europesays.com\/it\/wp-json\/wp\/v2\/posts"}],"about":[{"href":"https:\/\/www.europesays.com\/it\/wp-json\/wp\/v2\/types\/post"}],"author":[{"embeddable":true,"href":"https:\/\/www.europesays.com\/it\/wp-json\/wp\/v2\/users\/3"}],"replies":[{"embeddable":true,"href":"https:\/\/www.europesays.com\/it\/wp-json\/wp\/v2\/comments?post=663582"}],"version-history":[{"count":0,"href":"https:\/\/www.europesays.com\/it\/wp-json\/wp\/v2\/posts\/663582\/revisions"}],"wp:featuredmedia":[{"embeddable":true,"href":"https:\/\/www.europesays.com\/it\/wp-json\/wp\/v2\/media\/663583"}],"wp:attachment":[{"href":"https:\/\/www.europesays.com\/it\/wp-json\/wp\/v2\/media?parent=663582"}],"wp:term":[{"taxonomy":"category","embeddable":true,"href":"https:\/\/www.europesays.com\/it\/wp-json\/wp\/v2\/categories?post=663582"},{"taxonomy":"post_tag","embeddable":true,"href":"https:\/\/www.europesays.com\/it\/wp-json\/wp\/v2\/tags?post=663582"}],"curies":[{"name":"wp","href":"https:\/\/api.w.org\/{rel}","templated":true}]}}