{"id":663590,"date":"2026-09-03T23:01:30","date_gmt":"2026-09-03T23:01:30","guid":{"rendered":"https:\/\/www.europesays.com\/it\/663590\/"},"modified":"2026-09-03T23:01:30","modified_gmt":"2026-09-03T23:01:30","slug":"paolantoni-incorona-de-martino-puo-essere-il-nuovo-arbore-poi-lannuncio-torna-step-e-la-promessa-sul-napoli","status":"publish","type":"post","link":"https:\/\/www.europesays.com\/it\/663590\/","title":{"rendered":"Paolantoni incorona De Martino: \u00abPu\u00f2 essere il nuovo Arbore\u00bb. Poi l\u2019annuncio: \u00abTorna STEP\u00bb e la promessa sul Napoli"},"content":{"rendered":"<p>            \u00abSe il Napoli vince la Champions, tolgo la pentola\u00bb <\/p>\n<p>Poi Paolantoni torna a uno dei momenti pi\u00f9 surreali e ricordati della sua recente storia da tifoso del Napoli: la volta in cui festeggi\u00f2 la vittoria dello scudetto spogliandosi e lasciando davanti a s\u00e9 soltanto una pentola. Un episodio che oggi racconta senza alcun imbarazzo: \u00abNessun pudore, nessun problema con il mio corpo\u00bb. Eppure, aggiunge con ironia, \u00abpoi mi accompagna la perfezione\u00bb. Il comico ribadisce anche la sua posizione sui tab\u00f9: \u00abSono contrario ai tab\u00f9\u00bb. E quando gli viene prospettata la possibilit\u00e0 di replicare la scena in caso di un\u2019altra grande impresa del Napoli, la risposta \u00e8 immediata: \u00abSe il Napoli vive la Champions tolgo la pentola\u00bb. Una promessa che, detta da Paolantoni, rischia di diventare gi\u00e0 una delle possibili scene cult della prossima stagione calcistica.<\/p>\n<p><img decoding=\"async\" alt=\"\" src=\"https:\/\/www.europesays.com\/it\/wp-content\/uploads\/2026\/09\/ur2_9754_03181141.jpg\"\/><\/p>\n","protected":false},"excerpt":{"rendered":"\u00abSe il Napoli vince la Champions, tolgo la pentola\u00bb Poi Paolantoni torna a uno dei momenti pi\u00f9 surreali&hellip;\n","protected":false},"author":3,"featured_media":663591,"comment_status":"","ping_status":"","sticky":false,"template":"","format":"standard","meta":{"footnotes":"","_share_on_mastodon":"0"},"categories":[1444],"tags":[5213,203,67744,204,1537,90,89,248,1766,253,9240],"class_list":["post-663590","post","type-post","status-publish","format-standard","has-post-thumbnail","category-tv","tag-arbore","tag-entertainment","tag-francesco-paolantoni","tag-intrattenimento","tag-it","tag-italia","tag-italy","tag-napoli","tag-stefano-de-martino","tag-tv","tag-uomini-e-donne"],"share_on_mastodon":{"url":"https:\/\/pubeurope.com\/@it\/117209601719852343","error":""},"_links":{"self":[{"href":"https:\/\/www.europesays.com\/it\/wp-json\/wp\/v2\/posts\/663590","targetHints":{"allow":["GET"]}}],"collection":[{"href":"https:\/\/www.europesays.com\/it\/wp-json\/wp\/v2\/posts"}],"about":[{"href":"https:\/\/www.europesays.com\/it\/wp-json\/wp\/v2\/types\/post"}],"author":[{"embeddable":true,"href":"https:\/\/www.europesays.com\/it\/wp-json\/wp\/v2\/users\/3"}],"replies":[{"embeddable":true,"href":"https:\/\/www.europesays.com\/it\/wp-json\/wp\/v2\/comments?post=663590"}],"version-history":[{"count":0,"href":"https:\/\/www.europesays.com\/it\/wp-json\/wp\/v2\/posts\/663590\/revisions"}],"wp:featuredmedia":[{"embeddable":true,"href":"https:\/\/www.europesays.com\/it\/wp-json\/wp\/v2\/media\/663591"}],"wp:attachment":[{"href":"https:\/\/www.europesays.com\/it\/wp-json\/wp\/v2\/media?parent=663590"}],"wp:term":[{"taxonomy":"category","embeddable":true,"href":"https:\/\/www.europesays.com\/it\/wp-json\/wp\/v2\/categories?post=663590"},{"taxonomy":"post_tag","embeddable":true,"href":"https:\/\/www.europesays.com\/it\/wp-json\/wp\/v2\/tags?post=663590"}],"curies":[{"name":"wp","href":"https:\/\/api.w.org\/{rel}","templated":true}]}}