{"id":663600,"date":"2026-09-03T23:07:18","date_gmt":"2026-09-03T23:07:18","guid":{"rendered":"https:\/\/www.europesays.com\/it\/663600\/"},"modified":"2026-09-03T23:07:18","modified_gmt":"2026-09-03T23:07:18","slug":"jane-fonda-hollywood-in-difficolta-con-trump-io-non-lo-temo","status":"publish","type":"post","link":"https:\/\/www.europesays.com\/it\/663600\/","title":{"rendered":"Jane Fonda: \u00abHollywood in difficolt\u00e0 con Trump, io non lo temo\u00bb"},"content":{"rendered":"<p>    di<br \/>\n    Irene Soave, inviata a Venezia<\/p>\n<p class=\"summary-art is-line-h-12\">L&#8217;attrice, 88 anni, \u00e8 stata premiata con il DVF Awards destinato a \u00abdonne che sanno lottare\u00bb<\/p>\n<p class=\"chapter-paragraph\"><b>Venezia<\/b> L\u2019incontro con i giornalisti sta per cominciare: Jane Fonda, 88 anni che rivela solo nel passo un po\u2019 incerto, \u00e8 attesa nel salotto veneziano di Diane Von Furstenberg, che ai suoi annuali DVF Awards destinati a \u00abdonne che sanno lottare\u00bb ha poi premiato anche lei. Entra invece una collaboratrice: si \u00e8 appena saputo della morte della femminista Gloria Steinem, amica e mentore della star, e chiede di non parlarne. Jane non lo sa ancora. Entra la diva e la prima persona che invece nomina \u00e8 Steinem: insieme, nel 2005, avevano fondato il Women\u2019s Media Center, uno spazio per dare voce alle donne sui media. \u00abEro preparata alla sua morte, era molto malata\u00bb, dir\u00e0 poi; \u00abci ha insegnato a volere una vita piena, piena di opportunit\u00e0\u00bb. E di attivismo.  <br \/><b>Dai tempi della guerra del Vietnam \u2014 quando si era fatta fotografare coi soldati dell\u2019esercito del Nord, ricevendo minacce di morte \u2014 Jane Fonda \u00e8 sempre stata un\u2019attrice impegnata su vari fronti.<\/b> \u00abLa mia vita era cos\u00ec vuota e futile, prima! Non avevo nulla. Ho iniziato a 33 anni, dopo aver girato Barbarella e avevo odiato stare nuda\u00bb. <br \/><b>Una vita di attivismo: \u00e8 pi\u00f9 difficile da quando c\u2019\u00e8 Donald Trump al potere?<\/b> \u00abBeh, non per me \u2014  ride \u2014 Io ho fatto la mia vita, non pu\u00f2 farmi nulla. Ma non \u00e8 cos\u00ec per tutti, e io capisco che le persone non dicano sempre quello che pensano per paura, per tenersi i lavori, ormai minacciati anche dall\u2019intelligenza artificiale\u00bb.\u00a0<\/p>\n<p class=\"chapter-paragraph\"><b>A ottobre 2025 Jane Fonda ha resuscitato il \u00abComitato per il Primo emendamento\u00bb, <\/b>un gruppo di pressione per vigilare sulla libert\u00e0 di espressione. Lo ha fatto sulla scorta di un identico comitato fondato dal padre Henry Fonda, negli anni Cinquanta, contro il maccartismo. \u00abAbbiamo migliaia di membri. Da quando c\u2019\u00e8 Trump il vento \u00e8 cambiato negli Stati Uniti\u00bb. Anche a Hollywood ci si espone meno? \u00abNo. Mi sembra solo che sia poco efficiente rivolgergli attacchi personali. Ma noi attori siamo i primi a cui i leader autoritari danno la caccia, perch\u00e9 raccontiamo storie e diciamo sempre che il re \u00e8 nudo\u00bb (fa un gesto dell\u2019ombrello). Che coraggio, sospira qualcuno. \u00abBeh, ho quasi 90 anni. Sono sempre stata coraggiosa: una volta era andare a cavallo a pelo, o sposare un francese che prima di me aveva amato Brigitte Bardot e Catherine Deneuve (ride: parla del regista Roger Vadim, ndr)\u00bb. Da cinque anni non recita. \u00abMi manca il processo magico di diventare qualcun altro\u00bb. Presto produrr\u00e0 un film dal bestseller americano The Correspondent. <br \/><b>\u00abTutti i film che ho fatto li ho amati. Persino Barbarella<\/b>. Quando invecchi pensi molto al passato, e io penso  a tutti i miei ruoli\u00bb. Del futuro ha una visione meno dolce: \u00abL\u2019intelligenza artificiale porter\u00e0 un Armageddon di disoccupazione. E le \u00e9lite tech sono fissate con la longevit\u00e0, vogliono vivere per sempre. A costo di far morire invece tutti gli altri\u00bb. Scocca uno sguardo divertito: lei no.    &#13;<br \/>\n&#13;<br \/>\n&#13;<br \/>\n&#13;<br \/>\n&#13;<br \/>\n&#13;<br \/>\n&#13;<br \/>\n&#13;<br \/>\n&#13;<br \/>\n&#13;<br \/>\n&#13;<br \/>\n&#13;<br \/>\n&#13;<br \/>\n&#13;<br \/>\n&#13;<br \/>\n&#13;<br \/>\n&#13;<br \/>\n&#13;<br \/>\n&#13;<br \/>\n&#13;<br \/>\n&#13;<br \/>\n&#13;<br \/>\n&#13;<br \/>\n&#13;<br \/>\n&#13;<br \/>\n&#13;<br \/>\n&#13;<br \/>\n&#13;<br \/>\n&#13;<br \/>\n&#13;<br \/>\n&#13;<br \/>\n&#13;<br \/>\n&#13;<br \/>\n&#13;<br \/>\n&#13;<br \/>\n&#13;<br \/>\n&#13;<br \/>\n&#13;<br \/>\n&#13;<br \/>\n&#13;<br \/>\n&#13;<br \/>\n&#13;<br \/>\n&#13;<br \/>\n&#13;<br \/>\n&#13;<br \/>\n&#13;<br \/>\n&#13;<br \/>\n&#13;<br \/>\n&#13;<br \/>\n&#13;<br \/>\n&#13;<br \/>\n&#13;<br \/>\n&#13;\n<\/p>\n<p class=\"is-last-update\" datetime=\"2026-09-03T22:08:16+02:00\">3 settembre 2026 ( modifica il 3 settembre 2026 | 22:08)<\/p>\n<p class=\"is-copyright\">\n            \u00a9 RIPRODUZIONE RISERVATA\n        <\/p>\n","protected":false},"excerpt":{"rendered":"di Irene Soave, inviata a Venezia L&#8217;attrice, 88 anni, \u00e8 stata premiata con il DVF Awards destinato a&hellip;\n","protected":false},"author":3,"featured_media":663601,"comment_status":"","ping_status":"","sticky":false,"template":"","format":"standard","meta":{"footnotes":"","_share_on_mastodon":"0"},"categories":[174],"tags":[30730,365741,365742,5466,365743,666,37164,7738,14048,99047,42561,2334,2429,365738,365739,57809,57810,203,12028,454,46411,28628,12524,667,668,204,1537,90,89,21709,77838,14550,793,964,26124,15420,16865,365740,365505,379],"class_list":["post-663600","post","type-post","status-publish","format-standard","has-post-thumbnail","category-intrattenimento","tag-amati","tag-amati-barbarella","tag-amati-barbarella-invecchi","tag-amato","tag-amato-brigitte","tag-artificiale","tag-attivismo","tag-attrice","tag-awards","tag-barbarella","tag-beh","tag-comitato","tag-donne","tag-donne-sanno","tag-donne-sanno-lottare","tag-dvf","tag-dvf-awards","tag-entertainment","tag-entra","tag-film","tag-fonda","tag-fondato","tag-hollywood","tag-intelligenza","tag-intelligenza-artificiale","tag-intrattenimento","tag-it","tag-italia","tag-italy","tag-jane","tag-jane-fonda","tag-lottare","tag-media","tag-morte","tag-piena","tag-ride","tag-sanno","tag-sanno-lottare","tag-steinem","tag-trump"],"share_on_mastodon":{"url":"https:\/\/pubeurope.com\/@it\/117209625516505014","error":""},"_links":{"self":[{"href":"https:\/\/www.europesays.com\/it\/wp-json\/wp\/v2\/posts\/663600","targetHints":{"allow":["GET"]}}],"collection":[{"href":"https:\/\/www.europesays.com\/it\/wp-json\/wp\/v2\/posts"}],"about":[{"href":"https:\/\/www.europesays.com\/it\/wp-json\/wp\/v2\/types\/post"}],"author":[{"embeddable":true,"href":"https:\/\/www.europesays.com\/it\/wp-json\/wp\/v2\/users\/3"}],"replies":[{"embeddable":true,"href":"https:\/\/www.europesays.com\/it\/wp-json\/wp\/v2\/comments?post=663600"}],"version-history":[{"count":0,"href":"https:\/\/www.europesays.com\/it\/wp-json\/wp\/v2\/posts\/663600\/revisions"}],"wp:featuredmedia":[{"embeddable":true,"href":"https:\/\/www.europesays.com\/it\/wp-json\/wp\/v2\/media\/663601"}],"wp:attachment":[{"href":"https:\/\/www.europesays.com\/it\/wp-json\/wp\/v2\/media?parent=663600"}],"wp:term":[{"taxonomy":"category","embeddable":true,"href":"https:\/\/www.europesays.com\/it\/wp-json\/wp\/v2\/categories?post=663600"},{"taxonomy":"post_tag","embeddable":true,"href":"https:\/\/www.europesays.com\/it\/wp-json\/wp\/v2\/tags?post=663600"}],"curies":[{"name":"wp","href":"https:\/\/api.w.org\/{rel}","templated":true}]}}