{"id":663620,"date":"2026-09-03T23:25:17","date_gmt":"2026-09-03T23:25:17","guid":{"rendered":"https:\/\/www.europesays.com\/it\/663620\/"},"modified":"2026-09-03T23:25:17","modified_gmt":"2026-09-03T23:25:17","slug":"gian-piero-gasperini-intervista-bisogna-sognare-dybala-e-unico-malen-come-higuain","status":"publish","type":"post","link":"https:\/\/www.europesays.com\/it\/663620\/","title":{"rendered":"Gian Piero Gasperini intervista: &#8220;Bisogna sognare, Dybala \u00e8 unico. Malen come Higuain&#8221;"},"content":{"rendered":"<p>                                Il tecnico ci racconta la sua Roma: &#8220;La societ\u00e0 ha fatto un bel lavoro sul mercato. Il Fair Play finanziario? Ci ha costretto a rinunciare a ragazzi che erano entusiasti di venire da noi. Quando abbiamo conquistato un posto in Champions abbiamo rifatto una scena dell&#8217;Allenatore nel pallone&#8221;\u00a0<\/p>\n<p class=\"paragraph\" spellcheck=\"true\">Nel suo discorso pi\u00f9 celebre, il torinese Camillo Benso di Cavour, marzo 1861, arring\u00f2: &#8220;Roma sola dev\u2019essere Capitale d\u2019Italia!&#8221;. Il torinese Gian Piero Gasperini sta semplicemente cercando di realizzare calcisticamente il programma.<\/p>\n<p class=\"paragraph\" spellcheck=\"true\"><b>Gasperini, ma se sorprende Cristante e Pellegrini che parlano di scudetto e Circo Massimo, li striglia o dice: &#8220;Bravi, ragazzi, credeteci&#8221;?<\/b>\u00a0<\/p>\n<p>&#8220;I sogni non si soffocano mai. L\u2019importante \u00e8 sapere che, quando suona la sveglia, la realt\u00e0 \u00e8 un\u2019altra cosa. Poi, se vivi la realt\u00e0 nel modo giusto, puoi anche farla combaciare con i sogni. Ma non sono discorsi da inizio settembre&#8221;.<\/p>\n<p><b>Com\u2019\u00e8 l\u2019aria in citt\u00e0 dopo la sgommata iniziale?<\/b><br \/>\u200b<br \/>&#8220;La passione c\u2019\u00e8 sempre stata, ora vedo entusiasmo, ma maturo, consapevole. Pi\u00f9 di quanto si creda fuori Roma. Ai romanisti non gliela racconti facilmente. Hanno avuto grandi campioni, grandi squadre. Conoscono il calcio. Oggi sono tifosi soddisfatti. \u00c8 la mia grande gratificazione. Vederli soddisfatti&#8221;.<\/p>\n<p>\u00a0<b>La cosa pi\u00f9 bella che ha visto a Roma?<\/b>\u00a0<\/p>\n<p>&#8220;Tante\u2026 Ovviamente la Sistina, ma non pensavo che la Tomba di San Pietro mi emozionasse tanto. Nelle catacombe mi sono sentito dentro la storia, non un turista&#8221;.<\/p>\n<p><b>Tra i tanti tifosi Vip, ha incontrato pure Lino Banfi.<br \/><\/b><br \/>&#8220;\u00c8 venuto a Trigoria. Oronzo Can\u00e0 \u00e8 il patrono di noi allenatori. A Verona, quando abbiamo conquistato la Champions, abbiamo rifatto la scena. I giocatori mi hanno portato in trionfo e io dicevo: \u201cMi avete preso per un coglione!\u201d, Mancini rispondeva: &#8220;No, mister\u2026&#8221;, e io: &#8220;S\u00ec, mi avete preso per un coglione! Lasciatemelo!&#8221;&#8230;&#8221;.\u00a0<\/p>\n<p><b>Non si pu\u00f2 arrivare a Roma, senza vedere il Papa.<br \/><\/b><br \/>&#8220;Organizzeremo, ci andremo&#8221;.\u00a0<\/p>\n<p><b>Papa Leone I ferm\u00f2 Attila prima che saccheggiasse Roma, lei ha impedito il sacco di Kon\u00e9.\u00a0<\/b><\/p>\n<p>&#8220;Ma no, \u00e8 un merito che mi hanno attribuito ingiustamente. Io fino alla partita di Lecce non avevo sentito nulla su Kon\u00e9, dopo non ci sarebbe stato pi\u00f9 tempo per le trattative. E comunque non ci \u00e8 mai arrivata una proposta ufficiale&#8221;.<\/p>\n<p class=\"paragraph\" spellcheck=\"true\"><b>Per tanti il Fairplay finanziario \u00e8 una sorta di supercazzola della Uefa. Lei lo ha capito?\u00a0<\/b><\/p>\n<p>&#8220;Con mio grande rammarico, credo di s\u00ec. A giugno, pensavo che avessimo risolto i problemi con i soldi della qualificazione in Champions. Quando abbiamo provato a prendere Greenwood e Summerville, ho capito che non era cos\u00ec. L\u2019estate \u00e8 stata una tortura, rivedere di continuo le idee di mercato e rinunciare a ragazzi che erano entusiasti di venire alla Roma, per ragioni di monte ingaggio. La propriet\u00e0, compatibilmente ai paletti finanziari, ha fatto tutto il possibile. E comunque, il mio rammarico \u00e8 stato compensato&#8221;.\u00a0<\/p>\n<p><b>Da cosa?\u00a0<\/b><\/p>\n<p>&#8220;Dalla voglia di restare di un gruppo di ragazzi, giovani e meno, che si sono tagliati lo stipendio e hanno messo davanti a tutto l\u2019amore per la maglia e per la piazza: Dybala, Hermoso, Mancini, Cristante, Pellegrini, Lulli\u2026 Questo spirito \u00e8 la nostra forza. Non succede ovunque&#8221;.\u00a0<\/p>\n<p><b>Quanto soffriva lo scorso anno a vincere di corto muso?<\/b>\u00a0<\/p>\n<p>&#8220;Non tanto come crede. Vedevo che i ragazzi, sull\u20191-0, provavano ad attaccare. Fin dalla prima ora, tutti hanno accolto subito con disponibilit\u00e0 ed entusiasmo le nuove idee. Mi bastava questo&#8221;.\u00a0<\/p>\n<p><b>Dopo un anno, le idee sono entrate sotto pelle e ora la Roma sembra una Dea: 4 gol per volta. Paura che Dybala si fermi?\u00a0<\/b><\/p>\n<p>&#8220;No, ha fatto tutta la preparazione al meglio, \u00e8 forte, sta bene. Ci sono parole che odio: preservare, risparmiare, riposare\u2026 Io chiedo a Paulo: &#8220;Vuoi giocare ancora?&#8221;. Se mi risponde &#8220;S\u00ec&#8221;, lo tengo dentro anche sul 4-0 per noi. Mai fermare un ragazzo che si diverte e giocare. Quante ne ha saltate Messi?&#8221;.\u00a0<\/p>\n<p><b>Ilicic, Papu, la Joya: scelga.\u00a0<\/b><\/p>\n<p>&#8220;Impossibile. Ognuno \u00e8 unico a suo modo. Sono la poesia del calcio che non sar\u00e0 mai ridotta al solo risultato&#8221;.<br \/>\u200b<br \/><b>\u200bCosa l\u2019ha fatta innamorare di Malen?\u00a0<\/b><br \/>\u200b<br \/>&#8220;Il primo tocco, con cui si crea lo spazio. Con il secondo si prepara, col terzo spara. Mi sono detto: se sposto quei tre tocchi vicino alla porta, diventa letale. Infatti\u2026&#8221;.\u00a0<\/p>\n<p><b>Dove pu\u00f2 migliorare?\u00a0<\/b><\/p>\n<p>&#8220;Mantenere la fame, anche se ha gi\u00e0 segnato due gol. Si pu\u00f2 sbagliare, ma c\u2019\u00e8 modo e modo. A Lecce l\u2019ha fatto con troppa leggerezza&#8221;.\u00a0<\/p>\n<p><b>Quanti gol si aspetta dall\u2019olandese?\u00a0<\/b><\/p>\n<p>&#8220;Se insidia il record dei 36 di Higuain, non mi sorprende&#8221;.<\/p>\n<p class=\"text\">Malen deve mantenere la fame, anche dopo la rete.\u00a0A Lecce l\u2019ha fatto con troppa leggerezza. Quest&#8217;anno potrebbe insidiare il record dei 36 gol di Higuain&#8221;<\/p>\n<p>Gian Piero Gasperini<\/p>\n<p class=\"paragraph\" spellcheck=\"true\"><b>Ha raccontato al portoghese Mora che lei, a 10 anni, segn\u00f2 un gol davanti al grande Eusebio?<\/b>\u00a0<\/p>\n<p>&#8220;Ero alto come lui adesso\u2026&#8221;.\u00a0<\/p>\n<p><b>Qualcuno teme che sia un altro Zaragoza\u2026\u00a0<br \/><\/b><br \/>&#8220;Nooo! Questo \u00e8 un grande vero. Ogni palla che tocca, succede qualcosa. Come succede ai grandi&#8221;.\u00a0<\/p>\n<p><b>Cosa le avrebbe dato la famosa punta esterna che non \u00e8 arrivata?\u00a0<br \/><\/b><br \/>&#8220;Un uomo in pi\u00f9 per i cambi e un attaccante con caratteristiche diverse. Gittens e Luiz Henrique gli ultimi tentativi. Prenderne uno normale, tanto per prenderlo, non avrebbe avuto senso&#8221;.\u00a0<\/p>\n<p><b>Da Borriello a Dovbyk, lei ha sempre avuto torri d\u2019area.\u00a0<\/b><\/p>\n<p>&#8220;L\u2019ho cercata anche stavolta. Poi \u00e8 spuntato Castro che si \u00e8 comprato il biglietto del treno per venire da noi. Non potevo scaricarlo. E comunque anche lui sa colpire di testa&#8221;.\u00a0<\/p>\n<p><b>Il giovane Lulli?<\/b>\u00a0<\/p>\n<p>&#8220;Lo facevo allenare con noi gi\u00e0 nella stagione scorsa. Per valori atletici, velocit\u00e0 e resistenza, \u00e8 superiore a tutti, anche a Wesley. Una forza della natura. Ed \u00e8 un ragazzo d\u2019oro. Deve crescere tecnicamente&#8221;.\u00a0<\/p>\n<p><b>Ha messo a sedere un campione del mondo.<\/b>\u00a0<\/p>\n<p>&#8220;Molina viene da un Mondiale che lo ha prosciugato e da abitudini tattiche diverse, meno aggressive. Ma \u00e8 quasi pronto. Giocher\u00e0 spesso a sinistra, per sfruttare il gran destro quando rientra. Se a Parma non avessi cambiato fascia a Rensch, non saremmo in Champions&#8221;.\u00a0<\/p>\n<p><b>Non vanno in copertina, ma il centro del potere \u00e8 l\u00e0 dietro: Mancini, Hermoso.\u00a0<\/b><\/p>\n<p>&#8220;I miei gladiatori. Hermoso ha il fisico di una statua, si \u00e8 tolto gli anni&#8221;.\u00a0<\/p>\n<p><b>Gasperini, domani c\u2019\u00e8 l\u2019Atalanta.\u00a0<\/b><\/p>\n<p>&#8220;Fortissima, con il potere economico di una big. Come lo scorso anno, resta un punto di riferimento. Sapevo che se fossimo finiti davanti alla Dea, avremmo avuto buone chance di Champions, perch\u00e9 da 8 anni la Roma finiva sempre dietro all\u2019Atalanta&#8221;.<\/p>\n<p class=\"text\">\u00a0Sapevo che se fossimo finiti davanti alla Dea, avremmo avuto buone chance di Champions, perch\u00e9 da 8 anni la Roma finiva sempre dietro all\u2019Atalanta&#8221;<\/p>\n<p>Gian Piero Gasperini<\/p>\n<p class=\"paragraph\" spellcheck=\"true\"><b>Sentimenti?\u00a0<\/b><br \/>\u200b<br \/>&#8220;L\u2019innamorato che rivede la ex. Ma ci siamo lasciati al momento giusto. Io rischiavo di appiattirmi, la Roma mi ha dato nuovi traguardi. Qui sono felice&#8221;.\u00a0<\/p>\n<p><b>Un anno fa sconfitta e pareggio. Pronto a batterla?\u00a0<\/b><\/p>\n<p>&#8220;Sarebbe ora\u2026&#8221;.\u00a0<\/p>\n<p><b>Anche di battere l\u2019Inter. Negli ultimi 10 incroci: 8 sconfitte e due pareggi.\u00a0<\/b><\/p>\n<p>&#8220;Quasi sempre, ho potuto fare ben poco. L\u2019Inter era gi\u00e0 la pi\u00f9 forte e si \u00e8 rinforzata ancora&#8221;.<\/p>\n<p><b>Dietro c\u2019\u00e8 il gruppo?<\/b>\u00a0<\/p>\n<p>&#8220;S\u00ec. Il Milan ha fatto un bel mercato, la Juve sfrutter\u00e0 il lavoro lungo di Spalletti, il Napoli ha la forza di un ottimo organico. Como e Atalanta sono cresciuti. Noi dobbiamo confermarci in alto e migliorare negli scontri con le big. Poi si vedr\u00e0&#8221;.\u00a0<\/p>\n<p><b>Una sorpresa?<\/b><\/p>\n<p>\u00a0&#8220;L\u2019Udinese, pu\u00f2 salire molto&#8221;.\u00a0<\/p>\n<p><b>Che cos\u2019\u00e8 la Champions per voi?\u00a0<\/b><\/p>\n<p>&#8220;Un\u2019occasione per conoscerci. Sappiamo gi\u00e0 che in Italia ce la possiamo giocare, ora scopriremo se possiamo anche in Europa. L\u2019esperienza internazionale di Balerdi e De Roon sar\u00e0 un aiuto in pi\u00f9. Comunque, per noi sar\u00e0 un punto di partenza&#8221;.\u00a0<\/p>\n<p><b>Ritrover\u00e0 il Psg che sgambett\u00f2 la sua Dea a 5\u2019 da una semifinale di Champions. Ci pensa ancora?\u00a0<\/b><\/p>\n<p>&#8220;Eh, s\u00ec\u2026 E mi vengono sempre in mente le nostre assenze. Io feci entrare Da Riva, loro Mbapp\u00e9&#8221;.<\/p>\n<p><b>Le piace la nuova linea Orsato? Meno Var, meno interruzioni\u2026\u00a0<\/b><\/p>\n<p>&#8220;Fantastico! Si perde meno tempo, vedo meno sceneggiate\u2026 Meraviglioso: 10 e lode!&#8221;.\u00a0<\/p>\n<p><b>Roma \u00e8 pronta per una cena Gattuso-Gasperini?\u00a0<\/b><\/p>\n<p>&#8220;Nella settimana del derby meglio di no\u2026 Ma a cena con Rino ci andr\u00f2 di sicuro, mi piace molto. Cos\u00ec come torner\u00f2 presto a tavola con Totti. Per me questo \u00e8 il calcio: confrontarsi, parlare, ascoltare. Stare bene insieme&#8221;.<\/p>\n<p class=\"is-copyright\">\u00a9 RIPRODUZIONE RISERVATA<\/p>\n","protected":false},"excerpt":{"rendered":"Il tecnico ci racconta la sua Roma: &#8220;La societ\u00e0 ha fatto un bel lavoro sul mercato. Il Fair&hellip;\n","protected":false},"author":3,"featured_media":663621,"comment_status":"","ping_status":"","sticky":false,"template":"","format":"standard","meta":{"footnotes":"","_share_on_mastodon":"0"},"categories":[1452],"tags":[1960,190363,365745,365746,721,1740,5301,1537,90,89,987,1739,245,244,36896],"class_list":["post-663620","post","type-post","status-publish","format-standard","has-post-thumbnail","category-calcio","tag-allenatore","tag-allenatore-pallone","tag-allenatore-pallone-discorso","tag-arringo","tag-calcio","tag-football","tag-gasperini","tag-it","tag-italia","tag-italy","tag-roma","tag-soccer","tag-sport","tag-sports","tag-torinese"],"share_on_mastodon":{"url":"https:\/\/pubeurope.com\/@it\/117209695994023883","error":""},"_links":{"self":[{"href":"https:\/\/www.europesays.com\/it\/wp-json\/wp\/v2\/posts\/663620","targetHints":{"allow":["GET"]}}],"collection":[{"href":"https:\/\/www.europesays.com\/it\/wp-json\/wp\/v2\/posts"}],"about":[{"href":"https:\/\/www.europesays.com\/it\/wp-json\/wp\/v2\/types\/post"}],"author":[{"embeddable":true,"href":"https:\/\/www.europesays.com\/it\/wp-json\/wp\/v2\/users\/3"}],"replies":[{"embeddable":true,"href":"https:\/\/www.europesays.com\/it\/wp-json\/wp\/v2\/comments?post=663620"}],"version-history":[{"count":0,"href":"https:\/\/www.europesays.com\/it\/wp-json\/wp\/v2\/posts\/663620\/revisions"}],"wp:featuredmedia":[{"embeddable":true,"href":"https:\/\/www.europesays.com\/it\/wp-json\/wp\/v2\/media\/663621"}],"wp:attachment":[{"href":"https:\/\/www.europesays.com\/it\/wp-json\/wp\/v2\/media?parent=663620"}],"wp:term":[{"taxonomy":"category","embeddable":true,"href":"https:\/\/www.europesays.com\/it\/wp-json\/wp\/v2\/categories?post=663620"},{"taxonomy":"post_tag","embeddable":true,"href":"https:\/\/www.europesays.com\/it\/wp-json\/wp\/v2\/tags?post=663620"}],"curies":[{"name":"wp","href":"https:\/\/api.w.org\/{rel}","templated":true}]}}