{"id":663624,"date":"2026-09-03T23:27:27","date_gmt":"2026-09-03T23:27:27","guid":{"rendered":"https:\/\/www.europesays.com\/it\/663624\/"},"modified":"2026-09-03T23:27:27","modified_gmt":"2026-09-03T23:27:27","slug":"lappartamento-piu-altro-del-mondo-vale-250milioni","status":"publish","type":"post","link":"https:\/\/www.europesays.com\/it\/663624\/","title":{"rendered":"L&#8217;appartamento pi\u00f9 altro del mondo vale 250milioni"},"content":{"rendered":"<p data-journey-content=\"true\" data-node-id=\"3\" class=\"css-1ood0zq emevuu60\"><strong data-node-id=\"3.0\">Nel 2022, l&#8217;appartamento pi\u00f9 alto del mondo \u00e8 stato venduto per 250  milioni di dollari<\/strong> stando a quanto ha riportato il <a href=\"https:\/\/www.wsj.com\/articles\/central-park-tower-penthouse-lists-for-250-million-11663202931\" target=\"_blank\" rel=\"nofollow noopener\" data-vars-ga-outbound-link=\"https:\/\/www.wsj.com\/articles\/central-park-tower-penthouse-lists-for-250-million-11663202931\" data-vars-ga-ux-element=\"Hyperlink\" data-vars-ga-call-to-action=\"Wall Street Journal\" data-node-id=\"3.2.0\" class=\"body-link css-g36lkp emevuu60\">Wall Street Journal<\/a>. La casa in questione \u00e8 un <strong data-node-id=\"3.4\">attico <\/strong>(o sarebbe meglio dire: super attico) posizionato all\u2019ultimo piano della <strong data-node-id=\"3.6\"><a href=\"https:\/\/www.elledecor.com\/it\/design\/a23831873\/central-park-tower-new-york-edificio-residenziale-piu-alto-del-mondo\/\" target=\"_blank\" data-vars-ga-outbound-link=\"https:\/\/www.elledecor.com\/it\/design\/a23831873\/central-park-tower-new-york-edificio-residenziale-piu-alto-del-mondo\/\" data-vars-ga-ux-element=\"Hyperlink\" data-vars-ga-call-to-action=\"Central Park Tower\" data-node-id=\"3.6.0\" class=\"body-link css-g36lkp emevuu60\" rel=\"nofollow noopener\">Central Park Tower<\/a> <\/strong>&#8211; il lussuoso grattacielo di New York che con i suoi 472 metri di altezza ha battuto il record di <a href=\"https:\/\/www.elledecor.com\/it\/architettura\/a30376821\/grattacielo-piu-alto-del-mondo-2020-jeddah-tower\/\" target=\"_blank\" data-vars-ga-outbound-link=\"https:\/\/www.elledecor.com\/it\/architettura\/a30376821\/grattacielo-piu-alto-del-mondo-2020-jeddah-tower\/\" data-vars-ga-ux-element=\"Hyperlink\" data-vars-ga-call-to-action=\"edificio residenziale pi\u00f9 alto al mondo. \" data-node-id=\"3.10\" class=\"body-link css-g36lkp emevuu60\" rel=\"nofollow noopener\">edificio residenziale pi\u00f9 alto al mondo. <\/a>L\u2019<strong data-node-id=\"3.12\">appartamento all&#8217;ultimo piano della Central Park Tower, quello che consideriamo forse il pi\u00f9 alto del mondo,<\/strong> \u00e8 un triplex che si estende dal 129\u00b0 al 131\u00b0 piano del grattacielo e copre una superficie di oltre 1600 metri quadri, con soffitti che arrivano fino a 9 metri d\u2019altezza. Al suo interno si trovano sette camere da letto e una scultorea scala a chiocciola che collega i piani. Il livello pi\u00f9 alto \u00e8 attualmente configurato come una sala da ballo privata o uno spazio di intrattenimento, ma il pezzo forte \u00e8 la terrazza privata di circa 130 metri quadrati con vista sulla citt\u00e0, su Central Park e sui fiumi di New York.<\/p>\n<p data-journey-content=\"true\" data-node-id=\"8\" class=\"css-1ood0zq emevuu60\">Articolo pubblicato il 20 settembre 2022 e aggiornato il 3 settembre 2026.<\/p>\n<p><img decoding=\"async\" data-dynamic-svg=\"true\" src=\"https:\/\/www.elledecor.com\/_assets\/design-tokens\/fre\/static\/icons\/arrow-right.7440adc.svg?primary=%2523D4D4D4\" loading=\"lazy\" data-testid=\"dynamic-svg-base\" height=\"auto\" width=\"auto\" aria-label=\"Prev carousel button\" alt=\"Chevron Left Icon\" data-theme-key=\"icon-button-icon\" transform=\"scaleX(-1)\" class=\"css-14vtfey erhb41k0\"\/><img decoding=\"async\" data-dynamic-svg=\"true\" src=\"https:\/\/www.elledecor.com\/_assets\/design-tokens\/fre\/static\/icons\/arrow-right.7440adc.svg?primary=%2523ffffff\" loading=\"lazy\" data-testid=\"dynamic-svg-base\" height=\"auto\" width=\"auto\" aria-label=\"Next carousel button\" alt=\"Chevron Right Icon\" data-theme-key=\"icon-button-icon\" class=\"css-18znc9e erhb41k0\"\/><img src=\"https:\/\/www.europesays.com\/it\/wp-content\/uploads\/2026\/09\/1788478047_465_e84fffd4-6caa-4927-b6a7-ab5791add78d_1694417339.file.png\" alt=\"Headshot of Alessia Musillo\" title=\"Headshot of Alessia Musillo\" width=\"100%\" height=\"100%\" decoding=\"async\" loading=\"lazy\" class=\"css-o0wq4v ev8dhu53\"\/><\/p>\n<p>Alessia Musillo \u00e8 Head of Content di Elledecor.it e Marie Claire Maison Italia digital. Laureata all\u2019Universit\u00e0 Statale di Milano con una tesi custodita presso la Fondazione Treccani di Milano, ha studiato anche Modern Languages presso la University of Strathclyde a Glasgow (UK) e Semiotics presso la University of Tartu (Estonia). Dopo aver collaborato con diverse testate giornalistiche, oggi trasforma l\u2019attualit\u00e0 in racconti scrivendo di citt\u00e0, design e cultura pop per il sito web di Elle Decor Italia. Potete seguirla su Instagram (@alessia__musillo) o leggendo Elledecor.it. I suoi articoli sono viaggi sulle tracce dell\u2019abitare contemporaneo. Il suo mezzo? La parola. \u00a0\u00a0\u00a0\u00a0\u00a0<\/p>\n","protected":false},"excerpt":{"rendered":"Nel 2022, l&#8217;appartamento pi\u00f9 alto del mondo \u00e8 stato venduto per 250 milioni di dollari stando a quanto&hellip;\n","protected":false},"author":3,"featured_media":663625,"comment_status":"","ping_status":"","sticky":false,"template":"","format":"standard","meta":{"footnotes":"","_share_on_mastodon":"0"},"categories":[1446],"tags":[1615,1613,1614,1611,1610,322452,239510,226117,618,365748,1612,620,203,204,259632,1537,90,89,619,365747,310758],"class_list":["post-663624","post","type-post","status-publish","format-standard","has-post-thumbnail","category-arte-e-design","tag-arte","tag-arte-e-design","tag-arteedesign","tag-arts","tag-arts-and-design","tag-collection-extra-ordinario","tag-collection-real-estate","tag-collection-whats-on","tag-content-type-news","tag-contentid-2f7946cb-a233-4c4f-9972-a5f5359638aa","tag-design","tag-displaytype-standard-article","tag-entertainment","tag-intrattenimento","tag-issyndicated-false","tag-it","tag-italia","tag-italy","tag-locale-it","tag-shorttitle-lappartamento-piu-altro-del-mondo-vale-250milioni","tag-sponsored-false"],"share_on_mastodon":{"url":"https:\/\/pubeurope.com\/@it\/117209704725767748","error":""},"_links":{"self":[{"href":"https:\/\/www.europesays.com\/it\/wp-json\/wp\/v2\/posts\/663624","targetHints":{"allow":["GET"]}}],"collection":[{"href":"https:\/\/www.europesays.com\/it\/wp-json\/wp\/v2\/posts"}],"about":[{"href":"https:\/\/www.europesays.com\/it\/wp-json\/wp\/v2\/types\/post"}],"author":[{"embeddable":true,"href":"https:\/\/www.europesays.com\/it\/wp-json\/wp\/v2\/users\/3"}],"replies":[{"embeddable":true,"href":"https:\/\/www.europesays.com\/it\/wp-json\/wp\/v2\/comments?post=663624"}],"version-history":[{"count":0,"href":"https:\/\/www.europesays.com\/it\/wp-json\/wp\/v2\/posts\/663624\/revisions"}],"wp:featuredmedia":[{"embeddable":true,"href":"https:\/\/www.europesays.com\/it\/wp-json\/wp\/v2\/media\/663625"}],"wp:attachment":[{"href":"https:\/\/www.europesays.com\/it\/wp-json\/wp\/v2\/media?parent=663624"}],"wp:term":[{"taxonomy":"category","embeddable":true,"href":"https:\/\/www.europesays.com\/it\/wp-json\/wp\/v2\/categories?post=663624"},{"taxonomy":"post_tag","embeddable":true,"href":"https:\/\/www.europesays.com\/it\/wp-json\/wp\/v2\/tags?post=663624"}],"curies":[{"name":"wp","href":"https:\/\/api.w.org\/{rel}","templated":true}]}}