{"id":663643,"date":"2026-09-03T23:38:13","date_gmt":"2026-09-03T23:38:13","guid":{"rendered":"https:\/\/www.europesays.com\/it\/663643\/"},"modified":"2026-09-03T23:38:13","modified_gmt":"2026-09-03T23:38:13","slug":"elezioni-milano-sala-rompe-il-silenzio-su-calabresi-chi-gli-vuole-bene-non-metta-il-cappello","status":"publish","type":"post","link":"https:\/\/www.europesays.com\/it\/663643\/","title":{"rendered":"Elezioni Milano, Sala rompe il silenzio su Calabresi: &#8220;Chi gli vuole bene non metta il cappello&#8221;"},"content":{"rendered":"<p>\u201cChi vuol bene ai candidati oggi \u00e8 meglio che non ci metta il cappello perch\u00e9 automaticamente li mette subito in condizioni di dover chiarire delle cose che \u00e8 difficile chiarire, per\u00f2 che Azione partecipi al percorso per individuare un candidato del centrosinistra ci sta, nel senso che sono stati con me per un lungo periodo, quindi \u00e8 normale che ci sia questo tentativo\u201d.<\/p>\n<p>Lo ha detto il sindaco di Milano, Giuseppe Sala, a margine dell&#8217;apertura della festa dell&#8217;Unit\u00e0 del Pd metropolitano, rispondendo a una domanda sul sostegno espresso da Azione a Mario Calabresi, sebbene non si sia ancora ufficialmente candidato nella corsa per Palazzo Marino con il centrosinistra, con l&#8217;obiettivo di evitare le primarie.<\/p>\n<p>\u201cLe primarie possono essere la soluzione\u201d<\/p>\n<p>Parlando delle prossime elezioni amministrative, il ragionamento del sindaco abbraccia il tema del timing, cio\u00e8 quando si andr\u00e0 a votare: \u201cMentre sulle politiche noi non abbiamo una data del voto, sulle amministrative abbiamo perlomeno una finestra dal 15 aprile al 15 giugno. Io partirei per ogni riflessione da una questione di timing &#8211; ha spiegato -. Quello che sembra di capire a tutti gli addetti ai lavori \u00e8 che i partiti cercheranno tra di loro un confronto per vedere se c&#8217;\u00e8 una candidatura condivisa e lo faranno in questa fase. Poi, se cos\u00ec non fosse, se non sar\u00e0 possibile, arriviamo alle primarie, che io penso onestamente non siano n\u00e9 un dogma n\u00e9 un tab\u00f9 ma possono essere una soluzione. Credo che sia difficile immaginare che le primarie siano domani mattina o fra un mese &#8211; ha riflettuto Sala -, \u00e8 evidente che va fatto un percorso di discussione sui programmi e sulle cose che uniscono e dividono perch\u00e9 tanto le primarie non potranno essere troppo a breve, non ho mai visto fare le primarie otto mesi prima del voto. Quindi, prima ci sar\u00e0 un tentativo di verificare se c&#8217;\u00e8 la possibilit\u00e0 di una candidatura condivisa. Se non c&#8217;\u00e8 probabilmente si andr\u00e0 alle primarie ma a quel punto diventano fondamentali non solo le regole ma anche il timing\u201d.<\/p>\n<p>Secondo Sala il centrosinistra ha ampie possibilit\u00e0 di vittoria<\/p>\n<p>A chi gli chiede se Calabresi possa essere il candidato che mette d&#8217;accordo tutti, il sindaco ha ribadito che \u201csui singoli candidati non posso commentare perch\u00e9 non mi sembra giusto ma adesso vedo che sono in tanti che mostrano interesse. E non \u00e8 cos\u00ec nel centrodestra, s\u00ec abbiamo sentito parlare di qualcuno ma non c&#8217;\u00e8 questo attivismo. Le possibilit\u00e0 di vittoria sono sicuramente elevate, cos\u00ec dicono un p\u00f2 tutti i sondaggi, ma bisogna gestire bene il percorso\u201d.<\/p>\n<p>Il futuro del campo largo milanese, secondo Sala<\/p>\n<p>Se il timing con cui Calabresi si sta muovendo detti in qualche modo la linea del Pd, ha proseguito Sala, \u201cdovete chiederlo a lui. \u00c8 chiaro che \u00e8 uscito con largo anticipo ma d&#8217;altro canto \u00e8 conseguente alla volont\u00e0 che ha espresso di cambiare vita\u201d. Quando un esponente di centrodestra dice che potrebbe votare per un esponente del centrosinistra, come \u00e8 successo con l&#8217;ex sindaco Gabriele Albertini, l&#8217;esponente del centrosinistra dovrebbe essere \u201cn\u00e9 preoccupato n\u00e9 contento per\u00f2 certamente non gli fa bene. Credo che l&#8217;elettorato del centrosinistra, che \u00e8 plurimo, vario e con tante sensibilit\u00e0, non prenda bene una cosa del genere. Non credo neanche che sia una cosa che solleciti Calabresi e non credo che sia nel suo interesse\u201d.<\/p>\n<p>Riflettendo, infine, sul campo largo e sulla possibilit\u00e0 che il Pd riesca a tenerlo unito, \u201ca Milano &#8211; ha osservato Sala &#8211; mi pare che il tentativo sia di allargare il pi\u00f9 possibile il campo largo che in s\u00e9 non \u00e8 sbagliato, per\u00f2 quando parlo di programma non \u00e8 che parlo della scrittura di duemila pagine, parlo di trovare un confronto sulle cose che possono essere pi\u00f9 divisive. I partiti si possono dividere perch\u00e9 vedono le cose in maniera diversa. Questo \u00e8 il momento di confrontarci e di capire se sulle differenze si trova un consenso\u201d, ha concluso il sindaco.<\/p>\n","protected":false},"excerpt":{"rendered":"\u201cChi vuol bene ai candidati oggi \u00e8 meglio che non ci metta il cappello perch\u00e9 automaticamente li mette&hellip;\n","protected":false},"author":3,"featured_media":663644,"comment_status":"","ping_status":"","sticky":false,"template":"","format":"standard","meta":{"footnotes":"","_share_on_mastodon":"0"},"categories":[79],"tags":[14,93,94,99843,1537,90,89,7,15,11,84,91,12,85,92],"class_list":["post-663643","post","type-post","status-publish","format-standard","has-post-thumbnail","category-italia","tag-cronaca","tag-cronaca-italiana","tag-cronacaitaliana","tag-elezioni-comunali","tag-it","tag-italia","tag-italy","tag-news","tag-notizie","tag-ultime-notizie","tag-ultime-notizie-e-news-di-oggi","tag-ultime-notizie-italia","tag-ultimenotizie","tag-ultimenotizieenewsdioggi","tag-ultimenotizieitalia"],"share_on_mastodon":{"url":"https:\/\/pubeurope.com\/@it\/117209747189922847","error":""},"_links":{"self":[{"href":"https:\/\/www.europesays.com\/it\/wp-json\/wp\/v2\/posts\/663643","targetHints":{"allow":["GET"]}}],"collection":[{"href":"https:\/\/www.europesays.com\/it\/wp-json\/wp\/v2\/posts"}],"about":[{"href":"https:\/\/www.europesays.com\/it\/wp-json\/wp\/v2\/types\/post"}],"author":[{"embeddable":true,"href":"https:\/\/www.europesays.com\/it\/wp-json\/wp\/v2\/users\/3"}],"replies":[{"embeddable":true,"href":"https:\/\/www.europesays.com\/it\/wp-json\/wp\/v2\/comments?post=663643"}],"version-history":[{"count":0,"href":"https:\/\/www.europesays.com\/it\/wp-json\/wp\/v2\/posts\/663643\/revisions"}],"wp:featuredmedia":[{"embeddable":true,"href":"https:\/\/www.europesays.com\/it\/wp-json\/wp\/v2\/media\/663644"}],"wp:attachment":[{"href":"https:\/\/www.europesays.com\/it\/wp-json\/wp\/v2\/media?parent=663643"}],"wp:term":[{"taxonomy":"category","embeddable":true,"href":"https:\/\/www.europesays.com\/it\/wp-json\/wp\/v2\/categories?post=663643"},{"taxonomy":"post_tag","embeddable":true,"href":"https:\/\/www.europesays.com\/it\/wp-json\/wp\/v2\/tags?post=663643"}],"curies":[{"name":"wp","href":"https:\/\/api.w.org\/{rel}","templated":true}]}}