{"id":663645,"date":"2026-09-03T23:39:12","date_gmt":"2026-09-03T23:39:12","guid":{"rendered":"https:\/\/www.europesays.com\/it\/663645\/"},"modified":"2026-09-03T23:39:12","modified_gmt":"2026-09-03T23:39:12","slug":"us-open-musetti-perde-con-sweeny","status":"publish","type":"post","link":"https:\/\/www.europesays.com\/it\/663645\/","title":{"rendered":"Us Open, Musetti perde con Sweeny"},"content":{"rendered":"<p>                                Lorenzo non si ritira ma gioca contro l&#8217;australiano in palese condizioni di difficolt\u00e0. Un 2026 che si conferma difficile per il toscano<\/p>\n<p class=\"paragraph\" spellcheck=\"true\">Giramenti di testa, energie al lumicino e un altro Slam che finisce nel modo peggiore. Il 2026 di <a href=\"https:\/\/video.gazzetta.it\/tennis\/atp\/musetti-allo-us-open-2026-per-salvare-il-rovescio-a-una-mano-la-striscia-slam-dal-187\/b7f476cb-5f25-43f9-8a24-64460f43bxlk\" title=\"Perch\u00e9 Musetti pu\u00f2 salvare 148 anni di storia del tennis (e Federer tifa per lui)\" target=\"_blank\" rel=\"nofollow noopener\">Lorenzo Musetti <\/a>si conferma maledetto nei grandi tornei: agli Us Open il toscano saluta al secondo turno, battuto in quattro set dall\u2019australiano Dan Sweeny (3-6 6-1 6-2 6-2) dopo aver giocato per oltre met\u00e0 match in condizioni fisiche precarie. Musetti \u00e8 stato coraggioso e non si \u00e8 ritirato, ma ha dovuto lottare contro un malessere diffuso che gli ha tolto forza e lucidit\u00e0, con ancora qualche chiaro problema alla gamba. Il medical time out chiamato a met\u00e0 del secondo set, mentre stava dominando, non ha cambiato la situazione.  Da quel momento l\u2019azzurro \u00e8 rimasto in campo aggrappandosi a servizio, colpi da fondo e lampi di talento, mentre Sweeny continuava a spingere con costanza e pochi errori, capendo il momento. &#8220;Onestamente sono stufo di ritirarmi, sono stufo di queste cose. Quest\u2019anno mi sembra veramente un\u2019odissea. \u00c8 uscito anche il film, sembra il mio 2026. Quindi nulla, c\u2019\u00e8 solo da accettarlo e andare avanti&#8221;. Un colpo di calore che ricorda quanto accaduto a Parigi a Sinner: &#8220;\u00c8 stata una situazione secondo me simile: una volta varchi una soglia \u00e8 difficile poi tornare indietro nella situazione precedente. Purtroppo portiamo spesso il nostro corpo al limite e oggi \u00e8 stata una di quelle situazioni. Penso che sia stata la prima volta per me. Non credo di meritarmi tutto questo dopo la fatica che sto facendo per rientrare&#8230;&#8221;.<\/p>\n<p>        la sconfitta\u2014 \u00a0<\/p>\n<p class=\"paragraph\" spellcheck=\"true\">Ceduto il secondo set, Musetti ha provato a restare dentro una partita che avrebbe potuto diventare una maratona, trovando nel quarto parziale qualche segnale di reazione. Troppo tardi: l\u2019australiano ha mantenuto lucidit\u00e0 e nervi saldi fino alla chiusura.   Per Musetti resta un\u2019eliminazione amara, l\u2019ennesima di un 2026 sfortunatissimo negli Slam, iniziato da numero 5 del mondo e complicato dagli infortuni. Ora rischia anche di uscire dalla top 20. Serve ritrovare salute e continuit\u00e0 per salvare il finale di stagione.<\/p>\n","protected":false},"excerpt":{"rendered":"Lorenzo non si ritira ma gioca contro l&#8217;australiano in palese condizioni di difficolt\u00e0. Un 2026 che si conferma&hellip;\n","protected":false},"author":3,"featured_media":663646,"comment_status":"","ping_status":"","sticky":false,"template":"","format":"standard","meta":{"footnotes":"","_share_on_mastodon":"0"},"categories":[6],"tags":[500,7376,3858,4385,14,6927,365769,365770,8,1537,90,89,3417,33959,3334,3419,7,15,82,9,83,10,16097,2006,3645,786,3423,365771,365768,1928,13,39892,11,80,84,12,81,85,7379,6665],"class_list":["post-663645","post","type-post","status-publish","format-standard","has-post-thumbnail","category-ultime-notizie","tag-accaduto","tag-australiano","tag-condizioni","tag-conferma","tag-cronaca","tag-difficile","tag-giramenti","tag-giramenti-testa","tag-headlines","tag-it","tag-italia","tag-italy","tag-lorenzo","tag-lucidita","tag-meta","tag-musetti","tag-news","tag-notizie","tag-notizie-di-cronaca","tag-notizie-principali","tag-notiziedicronaca","tag-notizieprincipali","tag-odissea","tag-open","tag-set","tag-situazione","tag-slam","tag-stufo","tag-sweeny","tag-testa","tag-titoli","tag-toscano","tag-ultime-notizie","tag-ultime-notizie-di-cronaca","tag-ultime-notizie-e-news-di-oggi","tag-ultimenotizie","tag-ultimenotiziedicronaca","tag-ultimenotizieenewsdioggi","tag-us","tag-us-open"],"share_on_mastodon":{"url":"","error":"Validation failed: Text character limit of 500 exceeded"},"_links":{"self":[{"href":"https:\/\/www.europesays.com\/it\/wp-json\/wp\/v2\/posts\/663645","targetHints":{"allow":["GET"]}}],"collection":[{"href":"https:\/\/www.europesays.com\/it\/wp-json\/wp\/v2\/posts"}],"about":[{"href":"https:\/\/www.europesays.com\/it\/wp-json\/wp\/v2\/types\/post"}],"author":[{"embeddable":true,"href":"https:\/\/www.europesays.com\/it\/wp-json\/wp\/v2\/users\/3"}],"replies":[{"embeddable":true,"href":"https:\/\/www.europesays.com\/it\/wp-json\/wp\/v2\/comments?post=663645"}],"version-history":[{"count":0,"href":"https:\/\/www.europesays.com\/it\/wp-json\/wp\/v2\/posts\/663645\/revisions"}],"wp:featuredmedia":[{"embeddable":true,"href":"https:\/\/www.europesays.com\/it\/wp-json\/wp\/v2\/media\/663646"}],"wp:attachment":[{"href":"https:\/\/www.europesays.com\/it\/wp-json\/wp\/v2\/media?parent=663645"}],"wp:term":[{"taxonomy":"category","embeddable":true,"href":"https:\/\/www.europesays.com\/it\/wp-json\/wp\/v2\/categories?post=663645"},{"taxonomy":"post_tag","embeddable":true,"href":"https:\/\/www.europesays.com\/it\/wp-json\/wp\/v2\/tags?post=663645"}],"curies":[{"name":"wp","href":"https:\/\/api.w.org\/{rel}","templated":true}]}}