{"id":663653,"date":"2026-09-03T23:51:20","date_gmt":"2026-09-03T23:51:20","guid":{"rendered":"https:\/\/www.europesays.com\/it\/663653\/"},"modified":"2026-09-03T23:51:20","modified_gmt":"2026-09-03T23:51:20","slug":"buona-a-rieti-a2-la-prima-di-bc-rm-a-rota-6-punti","status":"publish","type":"post","link":"https:\/\/www.europesays.com\/it\/663653\/","title":{"rendered":"Buona a Rieti (A2) la prima di Bc RM (A) Rota 6 punti"},"content":{"rendered":"<p class=\"css-tpvos8\">Buona la prima per la <strong>Bc Roma<\/strong>. Nel primo test\u00a0stagionale del precampionato, la squadra guidata da <strong>coach Alessandro\u00a0Magro<\/strong> <strong>ha superato<\/strong> la <strong>Rsr Sebastiani Rieti<\/strong> con il punteggio di <strong>64-85<\/strong> sul parquet del palaSojourner. Un primo passo nel percorso di avvicinamento dei giallorossi agli esordi ufficiali: il 27 settembre in serie A SisalClub, sul campo della Nutribullet Treviso Basket, e il 30 settembre in Bkt EuroCup, sul parquet del Bahcesehir College Istanbul.<\/p>\n<p class=\"css-tpvos8\">Dopo un primo quarto equilibrato, chiuso sul 26-24 per i padroni di casa, i giallorossi aumentano progressivamente il ritmo e trovano maggiore continuit\u00e0 offensiva, andando all\u2019intervallo lungo sul +14 (41-55). Nel terzo periodo la squadra di coach Magro mantiene il controllo della gara, aggiungendo altri 18 punti e conservando un margine rassicurante sui padroni di casa (56-73). Nell\u2019ultimo quarto la Bc Roma allunga ulteriormente, fino a fissare il punteggio finale sull\u201985-64.<\/p>\n<p class=\"css-tpvos8\">Il migliore realizzatore per la Bc Roma \u00e8 stato <strong>Erik Stevenson<\/strong>, autore di 18 punti con 8 rimbalzi, mentre <strong>Paul Watson<\/strong> ha aggiunto 14 punti. Doppia-doppia invece per <strong>Marko Simonovic<\/strong>, autore di 13 punti e 10 rimbalzi.<\/p>\n<p class=\"css-tpvos8\">Il prossimo test dei giallorossi \u00e8 in programma <strong>mercoled\u00ec 9 settembre a Ulm<\/strong>,\u00a0in Germania<strong> contro la ratiopharm<\/strong> Ulm, <strong>una delle avversarie degli uomini di\u00a0Magro in EuroCup<\/strong>. Nei prossimi giorni si uniranno al gruppo anche i quattro\u00a0giocatori reduci dagli impegni in nazionale: <strong>Nico Mannion, Giovanni Emejuru, Art\u016brs Strauti\u0146\u0161 e Gerald Ayayi.<\/strong><\/p>\n<p class=\"css-tpvos8\"><strong>Le dichiarazioni di coach Alessandro Magro:<\/strong> &lt;\u00c8 stata la prima partita della nuova era e di un gruppo di giocatori che lavora da non cos\u00ec tanto tempo. Abbiamo distribuito i minuti e ci sono tante cose su cui dobbiamo lavorare, sia in attacco sia in difesa. La cosa che pi\u00f9 mi \u00e8 piaciuta \u00e8 la disponibilit\u00e0 vista nei ragazzi e la voglia di aiutarsi gli uni con gli altri. L\u2019atteggiamento della squadra \u00e8 stato positivo e ci portiamo a casa la voglia di crescere, sapendo che dobbiamo migliorare su tantissimi aspetti. Ci sono feedback positivi, che fanno ben sperare, in attesa dei giocatori di rientro dalle Nazionali per implementare numericamente il roster. Vogliamo arrivare a essere una squadra solida difensivamente che muove la palla in attacco&gt;.<\/p>\n<p><b>Il tabellino<\/b><\/p>\n<p>Parziali: 26-24; 15-31; 15-18; 8-12<\/p>\n<p><b>Sebastiani Rieti<\/b>: White 22, Fatone ne, <strong>Obljubech 4<\/strong>, Bellini, Imbr\u00f2 11, Green 9, Piccin 3, <strong>Rota 6<\/strong>, Deme ne, Jerkovic, Severini 4, Sow 5. All. Fabrizi.<\/p>\n<p><b>BC Roma<\/b>: Cardi, Watson Jr 14, Davis ne, Tavernelli 3, Flowers 12, Stevenson 18, Odzebe 7, De Castro, Landi, Simonovic 13, Mezzanotte 12, Fall, Iuzzolino 6. All. Magro.<\/p>\n<p>Fonte: legabasket.it<\/p>\n","protected":false},"excerpt":{"rendered":"Buona la prima per la Bc Roma. Nel primo test\u00a0stagionale del precampionato, la squadra guidata da coach Alessandro\u00a0Magro&hellip;\n","protected":false},"author":3,"featured_media":663654,"comment_status":"","ping_status":"","sticky":false,"template":"","format":"standard","meta":{"footnotes":"","_share_on_mastodon":"0"},"categories":[1453],"tags":[1756,1757,1537,90,89,245,244],"class_list":["post-663653","post","type-post","status-publish","format-standard","has-post-thumbnail","category-basket","tag-basket","tag-basketball","tag-it","tag-italia","tag-italy","tag-sport","tag-sports"],"share_on_mastodon":{"url":"https:\/\/pubeurope.com\/@it\/117209798283822336","error":""},"_links":{"self":[{"href":"https:\/\/www.europesays.com\/it\/wp-json\/wp\/v2\/posts\/663653","targetHints":{"allow":["GET"]}}],"collection":[{"href":"https:\/\/www.europesays.com\/it\/wp-json\/wp\/v2\/posts"}],"about":[{"href":"https:\/\/www.europesays.com\/it\/wp-json\/wp\/v2\/types\/post"}],"author":[{"embeddable":true,"href":"https:\/\/www.europesays.com\/it\/wp-json\/wp\/v2\/users\/3"}],"replies":[{"embeddable":true,"href":"https:\/\/www.europesays.com\/it\/wp-json\/wp\/v2\/comments?post=663653"}],"version-history":[{"count":0,"href":"https:\/\/www.europesays.com\/it\/wp-json\/wp\/v2\/posts\/663653\/revisions"}],"wp:featuredmedia":[{"embeddable":true,"href":"https:\/\/www.europesays.com\/it\/wp-json\/wp\/v2\/media\/663654"}],"wp:attachment":[{"href":"https:\/\/www.europesays.com\/it\/wp-json\/wp\/v2\/media?parent=663653"}],"wp:term":[{"taxonomy":"category","embeddable":true,"href":"https:\/\/www.europesays.com\/it\/wp-json\/wp\/v2\/categories?post=663653"},{"taxonomy":"post_tag","embeddable":true,"href":"https:\/\/www.europesays.com\/it\/wp-json\/wp\/v2\/tags?post=663653"}],"curies":[{"name":"wp","href":"https:\/\/api.w.org\/{rel}","templated":true}]}}